{"id":731,"date":"2018-03-30T14:26:00","date_gmt":"2018-03-30T12:26:00","guid":{"rendered":"http:\/\/www.the-mad-otter.it\/index.php\/2018\/03\/30\/segnalazione-il-cacciatore-di-luci-di-ciro-ottieri-silvia-bordon-laura-cazzari-franco-rocchetti\/"},"modified":"2018-03-30T14:26:00","modified_gmt":"2018-03-30T12:26:00","slug":"segnalazione-il-cacciatore-di-luci-di-ciro-ottieri-silvia-bordon-laura-cazzari-franco-rocchetti","status":"publish","type":"post","link":"https:\/\/the-mad-otter.it\/index.php\/2018\/03\/30\/segnalazione-il-cacciatore-di-luci-di-ciro-ottieri-silvia-bordon-laura-cazzari-franco-rocchetti\/","title":{"rendered":"Segnalazione: &#8220;Il cacciatore di luci&#8221; di Ciro Ottieri, Silvia Bordon, Laura Cazzari, Franco Rocchetti"},"content":{"rendered":"<div style=\"text-align: justify;\"><\/div>\n<div style=\"text-align: justify;\"><\/div>\n<div style=\"text-align: justify;\">La segnalazione di oggi ha una valenza doppia: il progetto di cui &#8220;Il cacciatore di luci&#8221; fa parte si chiama&nbsp;<a href=\"http:\/\/www.fondazioneroberthollman.it\/\" target=\"_blank\" rel=\"noopener noreferrer\">Fondazione Robert Hollman<\/a>&nbsp;e si occupa di supportare i bambini ciechi o ipovedenti e le loro famiglie.<\/div>\n<div style=\"text-align: justify;\"><\/div>\n<div style=\"text-align: justify;\">Il libro \u00e8 una raccolta di racconti che narra di bambini che soffrono di deficit visivi. Il ricavato delle vendite verr\u00e0 devoluto a favore di tale progetto.<\/div>\n<div style=\"text-align: justify;\"><\/div>\n<div style=\"text-align: justify;\">Di seguito le informazioni specifiche.<\/div>\n<div style=\"text-align: justify;\"><\/div>\n<div style=\"text-align: justify;\"><a href=\"https:\/\/4.bp.blogspot.com\/-SmgNRUt5hj0\/Wr9H3B-MVAI\/AAAAAAAABOg\/EcpTlN3p8DA3DKNIOdV9IwxaiJ97IJLuwCLcBGAs\/s1600\/IlCacciatoreDiLuci-203x300.jpg\" style=\"clear: left; float: left; margin-bottom: 1em; margin-right: 1em;\"><img loading=\"lazy\" decoding=\"async\" border=\"0\" data-original-height=\"300\" data-original-width=\"203\" height=\"200\" src=\"https:\/\/4.bp.blogspot.com\/-SmgNRUt5hj0\/Wr9H3B-MVAI\/AAAAAAAABOg\/EcpTlN3p8DA3DKNIOdV9IwxaiJ97IJLuwCLcBGAs\/s200\/IlCacciatoreDiLuci-203x300.jpg\" width=\"135\" \/><\/a><b>Autori:<\/b> Ciro Ottieri, Silvia Bordon, Laura Cazzari, Franco Rocchetti<\/div>\n<div style=\"text-align: justify;\"><b>Data pubblicazione:<\/b> 26\/03\/2018<\/div>\n<div style=\"text-align: justify;\"><b>Casa editrice:<\/b> Wizards &amp; Black Holes<\/div>\n<div style=\"text-align: justify;\"><b>Costo ebook:<\/b> 1,99\u20ac&nbsp;<\/div>\n<div style=\"text-align: justify;\"><b>Costo libro cartaceo:<\/b> 9,99\u20ac<\/div>\n<div style=\"text-align: justify;\"><\/div>\n<div style=\"text-align: justify;\">Non per tutti la luce \u00e8 luce e le ombre sono ombre. Per alcuni le ombre sono tutta la luce che possono godere. Alex, Leonardo, Olmo, sono solo 3 dei tanti protagonisti de \u201cIl cacciatore di luci\u201d. Loro, come tanti altri bambini, si muovono tra buio ed ombre illuminando il mondo con la loro splendida forza d\u2019animo, la loro tenacia nel raggiungere a piccoli passi grandi mete. La loro volont\u00e0 di non arrendersi mai di fronte alle tante difficolt\u00e0 che la vita gli pone davanti a causa delle loro limitazioni visive. Ma come detto non per tutti la luce \u00e8 luce e le ombre sono ombre. Questi piccoli eroi infatti portano luce nelle loro famiglie e in tutti coloro che hanno il privilegio di conoscerli. Un giorno per\u00f2 decidono di andare oltre le <\/div>\n<p>loro disabilit\u00e0 e di tentare di capire cosa ci fosse dietro il tanto discusso mito \u201cdella caverna delle maree\u201d.<\/p>\n<div style=\"text-align: justify;\">Si perch\u00e9 pareva che in questo posto quasi magico avvenissero cose misteriose, irresistibili per tre vispi bambini. Partiti alla volta della \u201cCaverna\u201d affronteranno un\u2019avventura incredibile.<\/div>\n<div style=\"text-align: justify;\">Dietro questo racconto si incastona la storia del figlio di uno dei tre, che sarebbe diventato da grande, un cacciatore di luci. Ma cosa significa essere un cacciatore di luci? Solo la fantasia di un bambino che lo spiega al proprio pap\u00e0 davanti ad un tramonto meraviglioso, risponder\u00e0 a questa domanda. Questo render\u00e0 sicuramente piacevole ed avvincente la lettura.<\/div>\n<div style=\"text-align: justify;\"><\/div>\n","protected":false},"excerpt":{"rendered":"<p>La segnalazione di oggi ha una valenza doppia: il progetto di cui &#8220;Il cacciatore di luci&#8221; fa parte si chiama&nbsp;Fondazione Robert Hollman&nbsp;e si occupa di supportare i bambini ciechi o ipovedenti e le loro famiglie. Il libro \u00e8 una raccolta di racconti che narra di bambini che soffrono di deficit visivi. Il ricavato delle vendite [&hellip;]<\/p>\n","protected":false},"author":1,"featured_media":0,"comment_status":"open","ping_status":"open","sticky":false,"template":"","format":"standard","meta":{"footnotes":""},"categories":[4,39,41],"tags":[],"class_list":["post-731","post","type-post","status-publish","format-standard","hentry","category-libri","category-nuove-uscite","category-segnalazioni"],"yoast_head":"<!-- This site is optimized with the Yoast SEO plugin v25.9 - https:\/\/yoast.com\/wordpress\/plugins\/seo\/ -->\n<title>Segnalazione: &quot;Il cacciatore di luci&quot; di Ciro Ottieri, Silvia Bordon, Laura Cazzari, Franco Rocchetti - The Mad Otter<\/title>\n<meta name=\"robots\" content=\"index, follow, max-snippet:-1, max-image-preview:large, max-video-preview:-1\" \/>\n<link rel=\"canonical\" href=\"https:\/\/the-mad-otter.it\/index.php\/2018\/03\/30\/segnalazione-il-cacciatore-di-luci-di-ciro-ottieri-silvia-bordon-laura-cazzari-franco-rocchetti\/\" \/>\n<meta property=\"og:locale\" content=\"it_IT\" \/>\n<meta property=\"og:type\" content=\"article\" \/>\n<meta property=\"og:title\" content=\"Segnalazione: &quot;Il cacciatore di luci&quot; di Ciro Ottieri, Silvia Bordon, Laura Cazzari, Franco Rocchetti - The Mad Otter\" \/>\n<meta property=\"og:description\" content=\"La segnalazione di oggi ha una valenza doppia: il progetto di cui &#8220;Il cacciatore di luci&#8221; fa parte si chiama&nbsp;Fondazione Robert Hollman&nbsp;e si occupa di supportare i bambini ciechi o ipovedenti e le loro famiglie. Il libro \u00e8 una raccolta di racconti che narra di bambini che soffrono di deficit visivi. Il ricavato delle vendite [&hellip;]\" \/>\n<meta property=\"og:url\" content=\"https:\/\/the-mad-otter.it\/index.php\/2018\/03\/30\/segnalazione-il-cacciatore-di-luci-di-ciro-ottieri-silvia-bordon-laura-cazzari-franco-rocchetti\/\" \/>\n<meta property=\"og:site_name\" content=\"The Mad Otter\" \/>\n<meta property=\"article:publisher\" content=\"https:\/\/www.facebook.com\/themadotterblog\" \/>\n<meta property=\"article:published_time\" content=\"2018-03-30T12:26:00+00:00\" \/>\n<meta property=\"og:image\" content=\"https:\/\/4.bp.blogspot.com\/-SmgNRUt5hj0\/Wr9H3B-MVAI\/AAAAAAAABOg\/EcpTlN3p8DA3DKNIOdV9IwxaiJ97IJLuwCLcBGAs\/s200\/IlCacciatoreDiLuci-203x300.jpg\" \/>\n<meta name=\"author\" content=\"Tiziana\" \/>\n<meta name=\"twitter:card\" content=\"summary_large_image\" \/>\n<meta name=\"twitter:creator\" content=\"@TheMadOtterBlog\" \/>\n<meta name=\"twitter:site\" content=\"@TheMadOtterBlog\" \/>\n<meta name=\"twitter:label1\" content=\"Scritto da\" \/>\n\t<meta name=\"twitter:data1\" content=\"Tiziana\" \/>\n\t<meta name=\"twitter:label2\" content=\"Tempo di lettura stimato\" \/>\n\t<meta name=\"twitter:data2\" content=\"2 minuti\" \/>\n<script type=\"application\/ld+json\" class=\"yoast-schema-graph\">{\"@context\":\"https:\/\/schema.org\",\"@graph\":[{\"@type\":\"WebPage\",\"@id\":\"https:\/\/the-mad-otter.it\/index.php\/2018\/03\/30\/segnalazione-il-cacciatore-di-luci-di-ciro-ottieri-silvia-bordon-laura-cazzari-franco-rocchetti\/\",\"url\":\"https:\/\/the-mad-otter.it\/index.php\/2018\/03\/30\/segnalazione-il-cacciatore-di-luci-di-ciro-ottieri-silvia-bordon-laura-cazzari-franco-rocchetti\/\",\"name\":\"Segnalazione: \\\"Il cacciatore di luci\\\" di Ciro Ottieri, Silvia Bordon, Laura Cazzari, Franco Rocchetti - The Mad Otter\",\"isPartOf\":{\"@id\":\"https:\/\/the-mad-otter.it\/#website\"},\"primaryImageOfPage\":{\"@id\":\"https:\/\/the-mad-otter.it\/index.php\/2018\/03\/30\/segnalazione-il-cacciatore-di-luci-di-ciro-ottieri-silvia-bordon-laura-cazzari-franco-rocchetti\/#primaryimage\"},\"image\":{\"@id\":\"https:\/\/the-mad-otter.it\/index.php\/2018\/03\/30\/segnalazione-il-cacciatore-di-luci-di-ciro-ottieri-silvia-bordon-laura-cazzari-franco-rocchetti\/#primaryimage\"},\"thumbnailUrl\":\"https:\/\/4.bp.blogspot.com\/-SmgNRUt5hj0\/Wr9H3B-MVAI\/AAAAAAAABOg\/EcpTlN3p8DA3DKNIOdV9IwxaiJ97IJLuwCLcBGAs\/s200\/IlCacciatoreDiLuci-203x300.jpg\",\"datePublished\":\"2018-03-30T12:26:00+00:00\",\"author\":{\"@id\":\"https:\/\/the-mad-otter.it\/#\/schema\/person\/c88992abc52fdb12594f56b68f54421a\"},\"breadcrumb\":{\"@id\":\"https:\/\/the-mad-otter.it\/index.php\/2018\/03\/30\/segnalazione-il-cacciatore-di-luci-di-ciro-ottieri-silvia-bordon-laura-cazzari-franco-rocchetti\/#breadcrumb\"},\"inLanguage\":\"it-IT\",\"potentialAction\":[{\"@type\":\"ReadAction\",\"target\":[\"https:\/\/the-mad-otter.it\/index.php\/2018\/03\/30\/segnalazione-il-cacciatore-di-luci-di-ciro-ottieri-silvia-bordon-laura-cazzari-franco-rocchetti\/\"]}]},{\"@type\":\"ImageObject\",\"inLanguage\":\"it-IT\",\"@id\":\"https:\/\/the-mad-otter.it\/index.php\/2018\/03\/30\/segnalazione-il-cacciatore-di-luci-di-ciro-ottieri-silvia-bordon-laura-cazzari-franco-rocchetti\/#primaryimage\",\"url\":\"https:\/\/4.bp.blogspot.com\/-SmgNRUt5hj0\/Wr9H3B-MVAI\/AAAAAAAABOg\/EcpTlN3p8DA3DKNIOdV9IwxaiJ97IJLuwCLcBGAs\/s200\/IlCacciatoreDiLuci-203x300.jpg\",\"contentUrl\":\"https:\/\/4.bp.blogspot.com\/-SmgNRUt5hj0\/Wr9H3B-MVAI\/AAAAAAAABOg\/EcpTlN3p8DA3DKNIOdV9IwxaiJ97IJLuwCLcBGAs\/s200\/IlCacciatoreDiLuci-203x300.jpg\"},{\"@type\":\"BreadcrumbList\",\"@id\":\"https:\/\/the-mad-otter.it\/index.php\/2018\/03\/30\/segnalazione-il-cacciatore-di-luci-di-ciro-ottieri-silvia-bordon-laura-cazzari-franco-rocchetti\/#breadcrumb\",\"itemListElement\":[{\"@type\":\"ListItem\",\"position\":1,\"name\":\"Home\",\"item\":\"https:\/\/the-mad-otter.it\/\"},{\"@type\":\"ListItem\",\"position\":2,\"name\":\"Segnalazione: &#8220;Il cacciatore di luci&#8221; di Ciro Ottieri, Silvia Bordon, Laura Cazzari, Franco Rocchetti\"}]},{\"@type\":\"WebSite\",\"@id\":\"https:\/\/the-mad-otter.it\/#website\",\"url\":\"https:\/\/the-mad-otter.it\/\",\"name\":\"The Mad Otter\",\"description\":\"Benvenuti nella tana della lontra.\",\"potentialAction\":[{\"@type\":\"SearchAction\",\"target\":{\"@type\":\"EntryPoint\",\"urlTemplate\":\"https:\/\/the-mad-otter.it\/?s={search_term_string}\"},\"query-input\":{\"@type\":\"PropertyValueSpecification\",\"valueRequired\":true,\"valueName\":\"search_term_string\"}}],\"inLanguage\":\"it-IT\"},{\"@type\":\"Person\",\"@id\":\"https:\/\/the-mad-otter.it\/#\/schema\/person\/c88992abc52fdb12594f56b68f54421a\",\"name\":\"Tiziana\",\"image\":{\"@type\":\"ImageObject\",\"inLanguage\":\"it-IT\",\"@id\":\"https:\/\/the-mad-otter.it\/#\/schema\/person\/image\/\",\"url\":\"https:\/\/secure.gravatar.com\/avatar\/2f1134c8975ffa6363b410d99e9ba1c2b856c22c7c1137ae53547a98d7ff6cf7?s=96&d=mm&r=g\",\"contentUrl\":\"https:\/\/secure.gravatar.com\/avatar\/2f1134c8975ffa6363b410d99e9ba1c2b856c22c7c1137ae53547a98d7ff6cf7?s=96&d=mm&r=g\",\"caption\":\"Tiziana\"},\"url\":\"\"}]}<\/script>\n<!-- \/ Yoast SEO plugin. -->","yoast_head_json":{"title":"Segnalazione: \"Il cacciatore di luci\" di Ciro Ottieri, Silvia Bordon, Laura Cazzari, Franco Rocchetti - The Mad Otter","robots":{"index":"index","follow":"follow","max-snippet":"max-snippet:-1","max-image-preview":"max-image-preview:large","max-video-preview":"max-video-preview:-1"},"canonical":"https:\/\/the-mad-otter.it\/index.php\/2018\/03\/30\/segnalazione-il-cacciatore-di-luci-di-ciro-ottieri-silvia-bordon-laura-cazzari-franco-rocchetti\/","og_locale":"it_IT","og_type":"article","og_title":"Segnalazione: \"Il cacciatore di luci\" di Ciro Ottieri, Silvia Bordon, Laura Cazzari, Franco Rocchetti - The Mad Otter","og_description":"La segnalazione di oggi ha una valenza doppia: il progetto di cui &#8220;Il cacciatore di luci&#8221; fa parte si chiama&nbsp;Fondazione Robert Hollman&nbsp;e si occupa di supportare i bambini ciechi o ipovedenti e le loro famiglie. Il libro \u00e8 una raccolta di racconti che narra di bambini che soffrono di deficit visivi. Il ricavato delle vendite [&hellip;]","og_url":"https:\/\/the-mad-otter.it\/index.php\/2018\/03\/30\/segnalazione-il-cacciatore-di-luci-di-ciro-ottieri-silvia-bordon-laura-cazzari-franco-rocchetti\/","og_site_name":"The Mad Otter","article_publisher":"https:\/\/www.facebook.com\/themadotterblog","article_published_time":"2018-03-30T12:26:00+00:00","og_image":[{"url":"https:\/\/4.bp.blogspot.com\/-SmgNRUt5hj0\/Wr9H3B-MVAI\/AAAAAAAABOg\/EcpTlN3p8DA3DKNIOdV9IwxaiJ97IJLuwCLcBGAs\/s200\/IlCacciatoreDiLuci-203x300.jpg","type":"","width":"","height":""}],"author":"Tiziana","twitter_card":"summary_large_image","twitter_creator":"@TheMadOtterBlog","twitter_site":"@TheMadOtterBlog","twitter_misc":{"Scritto da":"Tiziana","Tempo di lettura stimato":"2 minuti"},"schema":{"@context":"https:\/\/schema.org","@graph":[{"@type":"WebPage","@id":"https:\/\/the-mad-otter.it\/index.php\/2018\/03\/30\/segnalazione-il-cacciatore-di-luci-di-ciro-ottieri-silvia-bordon-laura-cazzari-franco-rocchetti\/","url":"https:\/\/the-mad-otter.it\/index.php\/2018\/03\/30\/segnalazione-il-cacciatore-di-luci-di-ciro-ottieri-silvia-bordon-laura-cazzari-franco-rocchetti\/","name":"Segnalazione: \"Il cacciatore di luci\" di Ciro Ottieri, Silvia Bordon, Laura Cazzari, Franco Rocchetti - The Mad Otter","isPartOf":{"@id":"https:\/\/the-mad-otter.it\/#website"},"primaryImageOfPage":{"@id":"https:\/\/the-mad-otter.it\/index.php\/2018\/03\/30\/segnalazione-il-cacciatore-di-luci-di-ciro-ottieri-silvia-bordon-laura-cazzari-franco-rocchetti\/#primaryimage"},"image":{"@id":"https:\/\/the-mad-otter.it\/index.php\/2018\/03\/30\/segnalazione-il-cacciatore-di-luci-di-ciro-ottieri-silvia-bordon-laura-cazzari-franco-rocchetti\/#primaryimage"},"thumbnailUrl":"https:\/\/4.bp.blogspot.com\/-SmgNRUt5hj0\/Wr9H3B-MVAI\/AAAAAAAABOg\/EcpTlN3p8DA3DKNIOdV9IwxaiJ97IJLuwCLcBGAs\/s200\/IlCacciatoreDiLuci-203x300.jpg","datePublished":"2018-03-30T12:26:00+00:00","author":{"@id":"https:\/\/the-mad-otter.it\/#\/schema\/person\/c88992abc52fdb12594f56b68f54421a"},"breadcrumb":{"@id":"https:\/\/the-mad-otter.it\/index.php\/2018\/03\/30\/segnalazione-il-cacciatore-di-luci-di-ciro-ottieri-silvia-bordon-laura-cazzari-franco-rocchetti\/#breadcrumb"},"inLanguage":"it-IT","potentialAction":[{"@type":"ReadAction","target":["https:\/\/the-mad-otter.it\/index.php\/2018\/03\/30\/segnalazione-il-cacciatore-di-luci-di-ciro-ottieri-silvia-bordon-laura-cazzari-franco-rocchetti\/"]}]},{"@type":"ImageObject","inLanguage":"it-IT","@id":"https:\/\/the-mad-otter.it\/index.php\/2018\/03\/30\/segnalazione-il-cacciatore-di-luci-di-ciro-ottieri-silvia-bordon-laura-cazzari-franco-rocchetti\/#primaryimage","url":"https:\/\/4.bp.blogspot.com\/-SmgNRUt5hj0\/Wr9H3B-MVAI\/AAAAAAAABOg\/EcpTlN3p8DA3DKNIOdV9IwxaiJ97IJLuwCLcBGAs\/s200\/IlCacciatoreDiLuci-203x300.jpg","contentUrl":"https:\/\/4.bp.blogspot.com\/-SmgNRUt5hj0\/Wr9H3B-MVAI\/AAAAAAAABOg\/EcpTlN3p8DA3DKNIOdV9IwxaiJ97IJLuwCLcBGAs\/s200\/IlCacciatoreDiLuci-203x300.jpg"},{"@type":"BreadcrumbList","@id":"https:\/\/the-mad-otter.it\/index.php\/2018\/03\/30\/segnalazione-il-cacciatore-di-luci-di-ciro-ottieri-silvia-bordon-laura-cazzari-franco-rocchetti\/#breadcrumb","itemListElement":[{"@type":"ListItem","position":1,"name":"Home","item":"https:\/\/the-mad-otter.it\/"},{"@type":"ListItem","position":2,"name":"Segnalazione: &#8220;Il cacciatore di luci&#8221; di Ciro Ottieri, Silvia Bordon, Laura Cazzari, Franco Rocchetti"}]},{"@type":"WebSite","@id":"https:\/\/the-mad-otter.it\/#website","url":"https:\/\/the-mad-otter.it\/","name":"The Mad Otter","description":"Benvenuti nella tana della lontra.","potentialAction":[{"@type":"SearchAction","target":{"@type":"EntryPoint","urlTemplate":"https:\/\/the-mad-otter.it\/?s={search_term_string}"},"query-input":{"@type":"PropertyValueSpecification","valueRequired":true,"valueName":"search_term_string"}}],"inLanguage":"it-IT"},{"@type":"Person","@id":"https:\/\/the-mad-otter.it\/#\/schema\/person\/c88992abc52fdb12594f56b68f54421a","name":"Tiziana","image":{"@type":"ImageObject","inLanguage":"it-IT","@id":"https:\/\/the-mad-otter.it\/#\/schema\/person\/image\/","url":"https:\/\/secure.gravatar.com\/avatar\/2f1134c8975ffa6363b410d99e9ba1c2b856c22c7c1137ae53547a98d7ff6cf7?s=96&d=mm&r=g","contentUrl":"https:\/\/secure.gravatar.com\/avatar\/2f1134c8975ffa6363b410d99e9ba1c2b856c22c7c1137ae53547a98d7ff6cf7?s=96&d=mm&r=g","caption":"Tiziana"},"url":""}]}},"_links":{"self":[{"href":"https:\/\/the-mad-otter.it\/index.php\/wp-json\/wp\/v2\/posts\/731","targetHints":{"allow":["GET"]}}],"collection":[{"href":"https:\/\/the-mad-otter.it\/index.php\/wp-json\/wp\/v2\/posts"}],"about":[{"href":"https:\/\/the-mad-otter.it\/index.php\/wp-json\/wp\/v2\/types\/post"}],"author":[{"embeddable":true,"href":"https:\/\/the-mad-otter.it\/index.php\/wp-json\/wp\/v2\/users\/1"}],"replies":[{"embeddable":true,"href":"https:\/\/the-mad-otter.it\/index.php\/wp-json\/wp\/v2\/comments?post=731"}],"version-history":[{"count":0,"href":"https:\/\/the-mad-otter.it\/index.php\/wp-json\/wp\/v2\/posts\/731\/revisions"}],"wp:attachment":[{"href":"https:\/\/the-mad-otter.it\/index.php\/wp-json\/wp\/v2\/media?parent=731"}],"wp:term":[{"taxonomy":"category","embeddable":true,"href":"https:\/\/the-mad-otter.it\/index.php\/wp-json\/wp\/v2\/categories?post=731"},{"taxonomy":"post_tag","embeddable":true,"href":"https:\/\/the-mad-otter.it\/index.php\/wp-json\/wp\/v2\/tags?post=731"}],"curies":[{"name":"wp","href":"https:\/\/api.w.org\/{rel}","templated":true}]}}