{"id":710,"date":"2018-05-11T10:25:00","date_gmt":"2018-05-11T08:25:00","guid":{"rendered":"http:\/\/www.the-mad-otter.it\/index.php\/2018\/05\/11\/cover-reveal-back-to-september-di-chiara-kiki-effe\/"},"modified":"2018-05-11T10:25:00","modified_gmt":"2018-05-11T08:25:00","slug":"cover-reveal-back-to-september-di-chiara-kiki-effe","status":"publish","type":"post","link":"https:\/\/the-mad-otter.it\/index.php\/2018\/05\/11\/cover-reveal-back-to-september-di-chiara-kiki-effe\/","title":{"rendered":"Cover Reveal: &#8220;Back to September&#8221; di Chiara Kiki Effe"},"content":{"rendered":"<p><\/p>\n<div style=\"margin-bottom: 0cm;\">\n<div style=\"clear: both; text-align: justify;\"><a href=\"http:\/\/1.bp.blogspot.com\/-VmHlar9E7U4\/WvRB7WrdFHI\/AAAAAAAAMyA\/bcjhdOxxkfEgLmabRwDIC75DS-a4zx0FACK4BGAYYCw\/s1600\/30411716_1202689923200498_4663080898466414592_n.png\" style=\"margin-left: 1em; margin-right: 1em;\"><img loading=\"lazy\" decoding=\"async\" border=\"0\" height=\"267\" src=\"https:\/\/1.bp.blogspot.com\/-VmHlar9E7U4\/WvRB7WrdFHI\/AAAAAAAAMyA\/bcjhdOxxkfEgLmabRwDIC75DS-a4zx0FACK4BGAYYCw\/s320\/30411716_1202689923200498_4663080898466414592_n.png\" width=\"320\" \/><\/a><\/div>\n<p><span style=\"font-family: inherit;\"><\/span><\/div>\n<div style=\"margin-bottom: 0cm;\">\n<div style=\"text-align: justify;\"><span style=\"font-family: inherit;\"><br \/><\/span><\/div>\n<div style=\"text-align: justify;\"><span style=\"font-family: inherit;\"><br \/><\/span><\/div>\n<div style=\"text-align: justify;\"><span style=\"font-family: inherit;\">Con questo articolo vi presento un libro in uscita proprio quest&#8217;oggi: &#8220;Back to September&#8221; di Chiara Kiki Effe.<\/span><\/div>\n<div style=\"text-align: justify;\"><span style=\"font-family: inherit;\"><br \/><\/span><\/div>\n<div style=\"text-align: justify;\">Di seguito, tutte le informazioni utili e un breve estratto.<\/div>\n<div style=\"text-align: justify;\"><span style=\"font-family: inherit;\"><br \/><\/span><\/div>\n<div style=\"text-align: justify;\"><span style=\"font-family: inherit;\"><br \/><\/span><\/div>\n<\/div>\n<div style=\"margin-bottom: 0cm;\"><a href=\"http:\/\/2.bp.blogspot.com\/-PfbwhTG9nYg\/WvRCtOBjdeI\/AAAAAAAAMyM\/0xNkYrqPHy0qhejNsx4V2kiXMRmrht_BQCK4BGAYYCw\/s1600\/32191944_10214498226841744_6400605197894156288_n.jpg\" style=\"clear: left; float: left; margin-bottom: 1em; margin-right: 1em; text-align: justify;\"><img loading=\"lazy\" decoding=\"async\" border=\"0\" height=\"200\" src=\"https:\/\/2.bp.blogspot.com\/-PfbwhTG9nYg\/WvRCtOBjdeI\/AAAAAAAAMyM\/0xNkYrqPHy0qhejNsx4V2kiXMRmrht_BQCK4BGAYYCw\/s200\/32191944_10214498226841744_6400605197894156288_n.jpg\" width=\"142\" \/><\/a><span style=\"font-family: inherit;\"><\/span><\/p>\n<div style=\"text-align: justify;\"><span style=\"font-family: inherit;\"><b style=\"font-family: inherit;\">Titolo<\/b><span style=\"font-family: inherit;\">: Back to September<\/span><\/span><\/div>\n<\/div>\n<div style=\"margin-bottom: 0cm;\">\n<div style=\"text-align: justify;\"><span style=\"font-family: inherit;\"><b>Autore<\/b>: Chiara Kiki Effe<\/span><\/div>\n<\/div>\n<div style=\"margin-bottom: 0cm;\">\n<div style=\"text-align: justify;\"><span style=\"font-family: inherit;\"><b>Editore<\/b>: Self -publishing<\/span><\/div>\n<\/div>\n<div style=\"margin-bottom: 0cm;\">\n<div style=\"text-align: justify;\"><span style=\"font-family: inherit;\"><b>Data pubblicazione<\/b>: fine maggio 2018<\/span><\/div>\n<\/div>\n<div style=\"margin-bottom: 0cm;\">\n<div style=\"text-align: justify;\"><span style=\"font-family: inherit;\"><b>Prezzo<\/b>: 11,90 Cartaceo 2,99 E-book<\/span><\/div>\n<\/div>\n<div style=\"margin-bottom: 0cm;\">\n<div style=\"text-align: justify;\"><span style=\"font-family: inherit;\"><b>Pagine<\/b>: 351<\/span><\/div>\n<\/div>\n<div style=\"margin-bottom: 0cm;\">\n<div style=\"text-align: justify;\"><span style=\"font-family: inherit;\"><b>Genere<\/b>: Romance Chik-lit<\/span><\/div>\n<\/div>\n<div style=\"margin-bottom: 0cm;\">\n<div style=\"text-align: justify;\"><span style=\"font-family: inherit;\"><br \/> <\/span><\/div>\n<\/div>\n<div>\n<div style=\"margin-bottom: 0cm;\">\n<div style=\"text-align: justify;\"><span style=\"font-family: inherit;\"><b>Trama<\/b>: La vita di Lavinia sta svoltando nella direzione giusta: dopo la fine della sua relazione con Alessandro, ha deciso di prendere in mano le redini del suo futuro. Ha un buon lavoro, un figlio a cui pensare e una casa tutta sua.<\/span><\/div>\n<\/div>\n<div style=\"margin-bottom: 0cm;\">\n<div style=\"text-align: justify;\"><span style=\"font-family: inherit;\">Quando crede di non poter desiderare di pi\u00f9, per uno strano gioco del destino, conosce Daniele.  <\/span><\/div>\n<\/div>\n<div style=\"margin-bottom: 0cm;\">\n<div style=\"text-align: justify;\"><span style=\"font-family: inherit;\">Sar\u00e0 pronta a innamorarsi di nuovo? E lui, riuscir\u00e0 a scendere a compromessi per non perderla?<\/span><\/div>\n<\/div>\n<div style=\"margin-bottom: 0cm;\">\n<div style=\"text-align: justify;\"><span style=\"font-family: inherit;\">Uno spaccato di vita che si snoda lungo la costa ligure, tra mare e sole, sentimenti e ragione, decisioni giuste e decisioni sbagliate.<\/span><\/div>\n<\/div>\n<\/div>\n<div style=\"margin-bottom: 0cm;\"><span style=\"font-family: inherit;\"> <\/span><\/div>\n<div style=\"margin-bottom: 0cm;\"><span style=\"font-family: inherit;\"><\/span><\/p>\n<div style=\"text-align: justify;\"><span style=\"font-family: inherit;\"><br \/> <\/span><\/div>\n<\/div>\n<div style=\"margin-bottom: 0cm; text-align: center;\">\n<div style=\"text-align: justify;\"><span style=\"font-family: inherit; font-size: small;\"><b>Della stessa autrice<\/b><\/span><\/div>\n<\/div>\n<div style=\"margin-bottom: 0cm;\">\n<div style=\"text-align: justify;\"><span style=\"font-family: inherit;\"> Legata alla Terra (prima uscita giugno 2017) Riedizione nuova copertina e nuovo editing Aprile 2018<\/span><\/div>\n<\/div>\n<div style=\"margin-bottom: 0cm;\">\n<div style=\"text-align: justify;\"><span style=\"font-family: inherit;\">Un racconto in un quadro \u2013 Storie di Vampiri Prima Ediz. Marzo 2018<\/span><\/div>\n<\/div>\n<div style=\"margin-bottom: 0cm;\">\n<div style=\"text-align: justify;\"><span style=\"font-family: inherit;\"><br \/><\/span><\/div>\n<\/div>\n<div style=\"margin-bottom: 0cm;\">\n<div style=\"text-align: justify;\"><span style=\"font-family: inherit;\"><br \/><\/span><\/div>\n<\/div>\n<div style=\"margin-bottom: 0cm; text-align: center;\">\n<div style=\"text-align: justify;\"><span style=\"font-family: inherit;\"><span style=\"font-size: small;\"><b>Incipit<\/b><\/span><\/span><\/div>\n<\/div>\n<div style=\"margin-bottom: 0cm; text-align: justify;\"><span style=\"font-family: inherit; font-size: small;\">Lavinia guard\u00f2 Elisa, aspettando che sparasse una delle sue sentenze. La sua amica la scrutava con un&#8217;espressione indecifrabile in volto, era preoccupata per lei ma non voleva darglielo a vedere.<\/span><br \/><span style=\"font-family: inherit; text-indent: 0.3cm;\">\u00abSei sicura che sia la decisione migliore da prendere?\u00bb<\/span><br \/><span style=\"font-family: inherit; text-indent: 0.3cm;\">\u00abMa si Ely, per forza, devo andarmene da quella casa e prendere in mano le redini della mia vita una volta per tutte. A trent&#8217;anni suonati da un pezzo, sarebbe anche l&#8217;ora che lo facessi!\u00bb<\/span><br \/><span style=\"font-family: inherit; text-indent: 0.3cm;\">\u00abSenza dubbio\u00bb, le rispose mentre dava poderosi morsi al suo panino al prosciutto.<\/span><br \/><span style=\"font-family: inherit; text-indent: 0.3cm;\">Le pause pranzo in hotel duravano solo mezz&#8217;ora;  parevano volare via come il vento.<\/span><br \/><span style=\"font-family: inherit; text-indent: 0.3cm;\">\u00abSar\u00e0 dura, da sola con tuo figlio, e un solo stipendio. E se non ce la fai?\u00bb continu\u00f2, imperterrita.<\/span><br \/><span style=\"font-family: inherit; text-indent: 0.3cm;\">\u00abDevo farcela. Come dice il detto? Volere \u00e8 potere.\u00bb<\/span><br \/><span style=\"font-family: inherit; text-indent: 0.3cm;\">Lavinia aveva finito di mangiare e stava riponendo i resti del pranzo nel sacchetto, pronta per tornare a lavorare.<\/span><br \/><span style=\"font-family: inherit; text-indent: 0.3cm;\">\u00abAspetta, Lavi! Dio, che premura che hai! Un caff\u00e8 non lo prendiamo?\u00bb<\/span><br \/><span style=\"font-family: inherit; text-indent: 0.3cm;\">\u00abMa si, ovvio. Scendiamo alla caffetteria.\u00bb<\/span><br \/><span style=\"font-family: inherit; text-indent: 0.3cm;\">\u00abMi fai venire l&#8217;ansia\u00bb riprese l&#8217;altra, \u00abnon \u00e8 che voglio spaventarti, dico solo che questa decisione di lasciare Alessandro magari \u00e8 affrettata, non puoi riflettere ancora un po&#8217;?\u00bb<\/span><br \/><span style=\"font-family: inherit; text-indent: 0.3cm;\">\u00abCi ho gi\u00e0 pensato abbastanza. Affrettata non lo \u00e8 di sicuro!\u00bb rispose infervorandosi e avviandosi verso il bar. \u00abVieni, o lo vado a prendere da sola questo caff\u00e8?\u00bb disse a voce un po&#8217; pi\u00f9 alta mentre era gi\u00e0 a met\u00e0 corridoio e procedeva spedita verso gli ascensori.<\/span><br \/><span style=\"font-family: inherit; text-indent: 0.3cm;\">Lavinia ci aveva riflettuto eccome, sulla sua relazione con Alex. Erano mesi che non faceva che pensarci e non aveva trovato mille soluzioni, ma solo una.<\/span><br \/><span style=\"font-family: inherit; text-indent: 0.3cm;\">\u00abSai che ne abbiamo discusso, con Alex, su cosa sia meglio fare, sia per noi che per Samu. Separarci e rimanere in buoni rapporti \u00e8 la miglior cosa, ne sono certa\u00bb aveva continuato Lavinia, guardando Elisa che l&#8217;ascoltava, attenta.<\/span><br \/><span style=\"font-family: inherit; text-indent: 0.3cm;\">Quando, quasi cinque anni prima, si era trasferita in Liguria, solo e solo per amore, credeva di aver trovato la persona giusta, e i primi tempi erano stati piuttosto idilliaci. Poi era rimasta incinta e le cose erano andate deteriorandosi, nonostante lei ci avesse messo tutto l&#8217;impegno possibile per farle andar bene.<\/span><br \/><span style=\"font-family: inherit; text-indent: 0.3cm;\">Alessandro si era rivelato quello che lei mai avrebbe creduto: sbagliato nel pi\u00f9 sbagliato dei modi.<\/span><br \/><span style=\"font-family: inherit; text-indent: 0.3cm;\">Certo, lavorava e portava uno stipendio, anche se a volte era molto egoista sulle sue cose, sui propri spazi e sulla sua libert\u00e0, ma questo a Lavinia non era mai pesato, era abituata a fare lo stesso. Ma, dopo essere diventati genitori, aveva pensato che qualcosa sarebbe cambiato e quando non era successo, ci aveva sofferto.<\/span><br \/><span style=\"font-family: inherit; text-indent: 0.3cm;\">\u00abRimane il fatto, Lavi, che non sar\u00e0 facile organizzarti, ma sai che se avrai bisogno di me, io ci sar\u00f2.\u00bb<\/span><br \/><span style=\"font-family: inherit; text-indent: 0.3cm;\">\u00abGrazie, sei una vera amica\u00bb le rispose, abbracciandola. \u00abNon avrei mai pensato che Alex venisse sopraffatto dalla responsabilit\u00e0 di crescere un essere umano, n\u00e9 che non si fosse reso conto di cosa significa metter su famiglia&#8230; pazienza. Una ragione me la sono fatta.\u00bb<\/span><br \/><span style=\"font-family: inherit; text-indent: 0.3cm;\">\u00abCerto, ci mancherebbe. Non voglio farti desistere, ma riflettere, lo sai.\u00bb<\/span><br \/><span style=\"font-family: inherit; text-indent: 0.3cm;\">\u00abLo so, tranquilla. Il colpo di fortuna \u00e8 stato trovare questo lavoro: mi ha dato la sicurezza di potermi reggere sulle mie gambe, e ti giuro che in questo momento \u00e8 tutto ci\u00f2 che desidero. Non dover dipendere da nessuno!\u00bb<\/span><br \/><span style=\"font-family: inherit; text-indent: 0.3cm;\">Con tanta ricerca e molto tempo impiegato &#8211; quasi tutta l&#8217;estate, in effetti &#8211;  Lavinia aveva scovato  una casa adatta alle sue esigenze e aveva stipulato il contratto di affitto.<\/span><br \/><span style=\"font-family: inherit; text-indent: 0.3cm;\">Niente e nessuno avrebbe potuto farle cambiare idea. Non a quel punto.<\/span><\/div>\n<div style=\"text-align: justify;\"><\/div>\n","protected":false},"excerpt":{"rendered":"<p>Con questo articolo vi presento un libro in uscita proprio quest&#8217;oggi: &#8220;Back to September&#8221; di Chiara Kiki Effe. Di seguito, tutte le informazioni utili e un breve estratto. Titolo: Back to September Autore: Chiara Kiki Effe Editore: Self -publishing Data pubblicazione: fine maggio 2018 Prezzo: 11,90 Cartaceo 2,99 E-book Pagine: 351 Genere: Romance Chik-lit Trama: [&hellip;]<\/p>\n","protected":false},"author":1,"featured_media":0,"comment_status":"open","ping_status":"open","sticky":false,"template":"","format":"standard","meta":{"footnotes":""},"categories":[47,4,9],"tags":[],"class_list":["post-710","post","type-post","status-publish","format-standard","hentry","category-cover-reveal","category-libri","category-self-publishing"],"yoast_head":"<!-- This site is optimized with the Yoast SEO plugin v25.9 - https:\/\/yoast.com\/wordpress\/plugins\/seo\/ -->\n<title>Cover Reveal: &quot;Back to September&quot; di Chiara Kiki Effe - The Mad Otter<\/title>\n<meta name=\"robots\" content=\"index, follow, max-snippet:-1, max-image-preview:large, max-video-preview:-1\" \/>\n<link rel=\"canonical\" href=\"https:\/\/the-mad-otter.it\/index.php\/2018\/05\/11\/cover-reveal-back-to-september-di-chiara-kiki-effe\/\" \/>\n<meta property=\"og:locale\" content=\"it_IT\" \/>\n<meta property=\"og:type\" content=\"article\" \/>\n<meta property=\"og:title\" content=\"Cover Reveal: &quot;Back to September&quot; di Chiara Kiki Effe - The Mad Otter\" \/>\n<meta property=\"og:description\" content=\"Con questo articolo vi presento un libro in uscita proprio quest&#8217;oggi: &#8220;Back to September&#8221; di Chiara Kiki Effe. Di seguito, tutte le informazioni utili e un breve estratto. Titolo: Back to September Autore: Chiara Kiki Effe Editore: Self -publishing Data pubblicazione: fine maggio 2018 Prezzo: 11,90 Cartaceo 2,99 E-book Pagine: 351 Genere: Romance Chik-lit Trama: [&hellip;]\" \/>\n<meta property=\"og:url\" content=\"https:\/\/the-mad-otter.it\/index.php\/2018\/05\/11\/cover-reveal-back-to-september-di-chiara-kiki-effe\/\" \/>\n<meta property=\"og:site_name\" content=\"The Mad Otter\" \/>\n<meta property=\"article:publisher\" content=\"https:\/\/www.facebook.com\/themadotterblog\" \/>\n<meta property=\"article:published_time\" content=\"2018-05-11T08:25:00+00:00\" \/>\n<meta property=\"og:image\" content=\"https:\/\/1.bp.blogspot.com\/-VmHlar9E7U4\/WvRB7WrdFHI\/AAAAAAAAMyA\/bcjhdOxxkfEgLmabRwDIC75DS-a4zx0FACK4BGAYYCw\/s320\/30411716_1202689923200498_4663080898466414592_n.png\" \/>\n<meta name=\"author\" content=\"Tiziana\" \/>\n<meta name=\"twitter:card\" content=\"summary_large_image\" \/>\n<meta name=\"twitter:creator\" content=\"@TheMadOtterBlog\" \/>\n<meta name=\"twitter:site\" content=\"@TheMadOtterBlog\" \/>\n<meta name=\"twitter:label1\" content=\"Scritto da\" \/>\n\t<meta name=\"twitter:data1\" content=\"Tiziana\" \/>\n\t<meta name=\"twitter:label2\" content=\"Tempo di lettura stimato\" \/>\n\t<meta name=\"twitter:data2\" content=\"4 minuti\" \/>\n<script type=\"application\/ld+json\" class=\"yoast-schema-graph\">{\"@context\":\"https:\/\/schema.org\",\"@graph\":[{\"@type\":\"WebPage\",\"@id\":\"https:\/\/the-mad-otter.it\/index.php\/2018\/05\/11\/cover-reveal-back-to-september-di-chiara-kiki-effe\/\",\"url\":\"https:\/\/the-mad-otter.it\/index.php\/2018\/05\/11\/cover-reveal-back-to-september-di-chiara-kiki-effe\/\",\"name\":\"Cover Reveal: \\\"Back to September\\\" di Chiara Kiki Effe - The Mad Otter\",\"isPartOf\":{\"@id\":\"https:\/\/the-mad-otter.it\/#website\"},\"primaryImageOfPage\":{\"@id\":\"https:\/\/the-mad-otter.it\/index.php\/2018\/05\/11\/cover-reveal-back-to-september-di-chiara-kiki-effe\/#primaryimage\"},\"image\":{\"@id\":\"https:\/\/the-mad-otter.it\/index.php\/2018\/05\/11\/cover-reveal-back-to-september-di-chiara-kiki-effe\/#primaryimage\"},\"thumbnailUrl\":\"https:\/\/1.bp.blogspot.com\/-VmHlar9E7U4\/WvRB7WrdFHI\/AAAAAAAAMyA\/bcjhdOxxkfEgLmabRwDIC75DS-a4zx0FACK4BGAYYCw\/s320\/30411716_1202689923200498_4663080898466414592_n.png\",\"datePublished\":\"2018-05-11T08:25:00+00:00\",\"author\":{\"@id\":\"https:\/\/the-mad-otter.it\/#\/schema\/person\/c88992abc52fdb12594f56b68f54421a\"},\"breadcrumb\":{\"@id\":\"https:\/\/the-mad-otter.it\/index.php\/2018\/05\/11\/cover-reveal-back-to-september-di-chiara-kiki-effe\/#breadcrumb\"},\"inLanguage\":\"it-IT\",\"potentialAction\":[{\"@type\":\"ReadAction\",\"target\":[\"https:\/\/the-mad-otter.it\/index.php\/2018\/05\/11\/cover-reveal-back-to-september-di-chiara-kiki-effe\/\"]}]},{\"@type\":\"ImageObject\",\"inLanguage\":\"it-IT\",\"@id\":\"https:\/\/the-mad-otter.it\/index.php\/2018\/05\/11\/cover-reveal-back-to-september-di-chiara-kiki-effe\/#primaryimage\",\"url\":\"https:\/\/1.bp.blogspot.com\/-VmHlar9E7U4\/WvRB7WrdFHI\/AAAAAAAAMyA\/bcjhdOxxkfEgLmabRwDIC75DS-a4zx0FACK4BGAYYCw\/s320\/30411716_1202689923200498_4663080898466414592_n.png\",\"contentUrl\":\"https:\/\/1.bp.blogspot.com\/-VmHlar9E7U4\/WvRB7WrdFHI\/AAAAAAAAMyA\/bcjhdOxxkfEgLmabRwDIC75DS-a4zx0FACK4BGAYYCw\/s320\/30411716_1202689923200498_4663080898466414592_n.png\"},{\"@type\":\"BreadcrumbList\",\"@id\":\"https:\/\/the-mad-otter.it\/index.php\/2018\/05\/11\/cover-reveal-back-to-september-di-chiara-kiki-effe\/#breadcrumb\",\"itemListElement\":[{\"@type\":\"ListItem\",\"position\":1,\"name\":\"Home\",\"item\":\"https:\/\/the-mad-otter.it\/\"},{\"@type\":\"ListItem\",\"position\":2,\"name\":\"Cover Reveal: &#8220;Back to September&#8221; di Chiara Kiki Effe\"}]},{\"@type\":\"WebSite\",\"@id\":\"https:\/\/the-mad-otter.it\/#website\",\"url\":\"https:\/\/the-mad-otter.it\/\",\"name\":\"The Mad Otter\",\"description\":\"Benvenuti nella tana della lontra.\",\"potentialAction\":[{\"@type\":\"SearchAction\",\"target\":{\"@type\":\"EntryPoint\",\"urlTemplate\":\"https:\/\/the-mad-otter.it\/?s={search_term_string}\"},\"query-input\":{\"@type\":\"PropertyValueSpecification\",\"valueRequired\":true,\"valueName\":\"search_term_string\"}}],\"inLanguage\":\"it-IT\"},{\"@type\":\"Person\",\"@id\":\"https:\/\/the-mad-otter.it\/#\/schema\/person\/c88992abc52fdb12594f56b68f54421a\",\"name\":\"Tiziana\",\"image\":{\"@type\":\"ImageObject\",\"inLanguage\":\"it-IT\",\"@id\":\"https:\/\/the-mad-otter.it\/#\/schema\/person\/image\/\",\"url\":\"https:\/\/secure.gravatar.com\/avatar\/2f1134c8975ffa6363b410d99e9ba1c2b856c22c7c1137ae53547a98d7ff6cf7?s=96&d=mm&r=g\",\"contentUrl\":\"https:\/\/secure.gravatar.com\/avatar\/2f1134c8975ffa6363b410d99e9ba1c2b856c22c7c1137ae53547a98d7ff6cf7?s=96&d=mm&r=g\",\"caption\":\"Tiziana\"},\"url\":\"\"}]}<\/script>\n<!-- \/ Yoast SEO plugin. -->","yoast_head_json":{"title":"Cover Reveal: \"Back to September\" di Chiara Kiki Effe - The Mad Otter","robots":{"index":"index","follow":"follow","max-snippet":"max-snippet:-1","max-image-preview":"max-image-preview:large","max-video-preview":"max-video-preview:-1"},"canonical":"https:\/\/the-mad-otter.it\/index.php\/2018\/05\/11\/cover-reveal-back-to-september-di-chiara-kiki-effe\/","og_locale":"it_IT","og_type":"article","og_title":"Cover Reveal: \"Back to September\" di Chiara Kiki Effe - The Mad Otter","og_description":"Con questo articolo vi presento un libro in uscita proprio quest&#8217;oggi: &#8220;Back to September&#8221; di Chiara Kiki Effe. Di seguito, tutte le informazioni utili e un breve estratto. Titolo: Back to September Autore: Chiara Kiki Effe Editore: Self -publishing Data pubblicazione: fine maggio 2018 Prezzo: 11,90 Cartaceo 2,99 E-book Pagine: 351 Genere: Romance Chik-lit Trama: [&hellip;]","og_url":"https:\/\/the-mad-otter.it\/index.php\/2018\/05\/11\/cover-reveal-back-to-september-di-chiara-kiki-effe\/","og_site_name":"The Mad Otter","article_publisher":"https:\/\/www.facebook.com\/themadotterblog","article_published_time":"2018-05-11T08:25:00+00:00","og_image":[{"url":"https:\/\/1.bp.blogspot.com\/-VmHlar9E7U4\/WvRB7WrdFHI\/AAAAAAAAMyA\/bcjhdOxxkfEgLmabRwDIC75DS-a4zx0FACK4BGAYYCw\/s320\/30411716_1202689923200498_4663080898466414592_n.png","type":"","width":"","height":""}],"author":"Tiziana","twitter_card":"summary_large_image","twitter_creator":"@TheMadOtterBlog","twitter_site":"@TheMadOtterBlog","twitter_misc":{"Scritto da":"Tiziana","Tempo di lettura stimato":"4 minuti"},"schema":{"@context":"https:\/\/schema.org","@graph":[{"@type":"WebPage","@id":"https:\/\/the-mad-otter.it\/index.php\/2018\/05\/11\/cover-reveal-back-to-september-di-chiara-kiki-effe\/","url":"https:\/\/the-mad-otter.it\/index.php\/2018\/05\/11\/cover-reveal-back-to-september-di-chiara-kiki-effe\/","name":"Cover Reveal: \"Back to September\" di Chiara Kiki Effe - The Mad Otter","isPartOf":{"@id":"https:\/\/the-mad-otter.it\/#website"},"primaryImageOfPage":{"@id":"https:\/\/the-mad-otter.it\/index.php\/2018\/05\/11\/cover-reveal-back-to-september-di-chiara-kiki-effe\/#primaryimage"},"image":{"@id":"https:\/\/the-mad-otter.it\/index.php\/2018\/05\/11\/cover-reveal-back-to-september-di-chiara-kiki-effe\/#primaryimage"},"thumbnailUrl":"https:\/\/1.bp.blogspot.com\/-VmHlar9E7U4\/WvRB7WrdFHI\/AAAAAAAAMyA\/bcjhdOxxkfEgLmabRwDIC75DS-a4zx0FACK4BGAYYCw\/s320\/30411716_1202689923200498_4663080898466414592_n.png","datePublished":"2018-05-11T08:25:00+00:00","author":{"@id":"https:\/\/the-mad-otter.it\/#\/schema\/person\/c88992abc52fdb12594f56b68f54421a"},"breadcrumb":{"@id":"https:\/\/the-mad-otter.it\/index.php\/2018\/05\/11\/cover-reveal-back-to-september-di-chiara-kiki-effe\/#breadcrumb"},"inLanguage":"it-IT","potentialAction":[{"@type":"ReadAction","target":["https:\/\/the-mad-otter.it\/index.php\/2018\/05\/11\/cover-reveal-back-to-september-di-chiara-kiki-effe\/"]}]},{"@type":"ImageObject","inLanguage":"it-IT","@id":"https:\/\/the-mad-otter.it\/index.php\/2018\/05\/11\/cover-reveal-back-to-september-di-chiara-kiki-effe\/#primaryimage","url":"https:\/\/1.bp.blogspot.com\/-VmHlar9E7U4\/WvRB7WrdFHI\/AAAAAAAAMyA\/bcjhdOxxkfEgLmabRwDIC75DS-a4zx0FACK4BGAYYCw\/s320\/30411716_1202689923200498_4663080898466414592_n.png","contentUrl":"https:\/\/1.bp.blogspot.com\/-VmHlar9E7U4\/WvRB7WrdFHI\/AAAAAAAAMyA\/bcjhdOxxkfEgLmabRwDIC75DS-a4zx0FACK4BGAYYCw\/s320\/30411716_1202689923200498_4663080898466414592_n.png"},{"@type":"BreadcrumbList","@id":"https:\/\/the-mad-otter.it\/index.php\/2018\/05\/11\/cover-reveal-back-to-september-di-chiara-kiki-effe\/#breadcrumb","itemListElement":[{"@type":"ListItem","position":1,"name":"Home","item":"https:\/\/the-mad-otter.it\/"},{"@type":"ListItem","position":2,"name":"Cover Reveal: &#8220;Back to September&#8221; di Chiara Kiki Effe"}]},{"@type":"WebSite","@id":"https:\/\/the-mad-otter.it\/#website","url":"https:\/\/the-mad-otter.it\/","name":"The Mad Otter","description":"Benvenuti nella tana della lontra.","potentialAction":[{"@type":"SearchAction","target":{"@type":"EntryPoint","urlTemplate":"https:\/\/the-mad-otter.it\/?s={search_term_string}"},"query-input":{"@type":"PropertyValueSpecification","valueRequired":true,"valueName":"search_term_string"}}],"inLanguage":"it-IT"},{"@type":"Person","@id":"https:\/\/the-mad-otter.it\/#\/schema\/person\/c88992abc52fdb12594f56b68f54421a","name":"Tiziana","image":{"@type":"ImageObject","inLanguage":"it-IT","@id":"https:\/\/the-mad-otter.it\/#\/schema\/person\/image\/","url":"https:\/\/secure.gravatar.com\/avatar\/2f1134c8975ffa6363b410d99e9ba1c2b856c22c7c1137ae53547a98d7ff6cf7?s=96&d=mm&r=g","contentUrl":"https:\/\/secure.gravatar.com\/avatar\/2f1134c8975ffa6363b410d99e9ba1c2b856c22c7c1137ae53547a98d7ff6cf7?s=96&d=mm&r=g","caption":"Tiziana"},"url":""}]}},"_links":{"self":[{"href":"https:\/\/the-mad-otter.it\/index.php\/wp-json\/wp\/v2\/posts\/710","targetHints":{"allow":["GET"]}}],"collection":[{"href":"https:\/\/the-mad-otter.it\/index.php\/wp-json\/wp\/v2\/posts"}],"about":[{"href":"https:\/\/the-mad-otter.it\/index.php\/wp-json\/wp\/v2\/types\/post"}],"author":[{"embeddable":true,"href":"https:\/\/the-mad-otter.it\/index.php\/wp-json\/wp\/v2\/users\/1"}],"replies":[{"embeddable":true,"href":"https:\/\/the-mad-otter.it\/index.php\/wp-json\/wp\/v2\/comments?post=710"}],"version-history":[{"count":0,"href":"https:\/\/the-mad-otter.it\/index.php\/wp-json\/wp\/v2\/posts\/710\/revisions"}],"wp:attachment":[{"href":"https:\/\/the-mad-otter.it\/index.php\/wp-json\/wp\/v2\/media?parent=710"}],"wp:term":[{"taxonomy":"category","embeddable":true,"href":"https:\/\/the-mad-otter.it\/index.php\/wp-json\/wp\/v2\/categories?post=710"},{"taxonomy":"post_tag","embeddable":true,"href":"https:\/\/the-mad-otter.it\/index.php\/wp-json\/wp\/v2\/tags?post=710"}],"curies":[{"name":"wp","href":"https:\/\/api.w.org\/{rel}","templated":true}]}}