{"id":669,"date":"2018-09-07T10:20:00","date_gmt":"2018-09-07T08:20:00","guid":{"rendered":"http:\/\/www.the-mad-otter.it\/index.php\/2018\/09\/07\/recensione-la-cattedrale-dei-vangeli-perduti-di-fabio-delizzos\/"},"modified":"2018-09-07T10:20:00","modified_gmt":"2018-09-07T08:20:00","slug":"recensione-la-cattedrale-dei-vangeli-perduti-di-fabio-delizzos","status":"publish","type":"post","link":"https:\/\/the-mad-otter.it\/index.php\/2018\/09\/07\/recensione-la-cattedrale-dei-vangeli-perduti-di-fabio-delizzos\/","title":{"rendered":"Recensione: &#8220;La cattedrale dei vangeli perduti&#8221; di Fabio Delizzos"},"content":{"rendered":"<div style=\"text-align: justify;\"><\/div>\n<div style=\"text-align: justify;\"><\/div>\n<div style=\"text-align: justify;\"><span style=\"font-size: large; text-align: justify;\">\u00ab&nbsp;<\/span><span style=\"font-size: large;\">In breve, nella sala restarono in due. A fissarsi attraverso le fessure, in silenzio.<\/span><\/div>\n<div style=\"text-align: justify;\"><span style=\"font-size: large;\">Solo la pioggia che martellava sulle finestre, il respiro roco del grande camino simile a un drago dormiente.&nbsp;<\/span><\/div>\n<div style=\"text-align: justify;\"><span style=\"font-size: large;\">L\u2019uomo fece alcuni passi avanti e rinfoder\u00f2 la spada sotto il mantello fradicio. &#8220;Posso vedere le anticaglie?&#8221;<\/span><\/div>\n<div style=\"text-align: justify;\"><span style=\"font-size: large;\">&#8220;No, non potete. Ditemi prima chi siete. Comprate o vendete?&#8221;.<\/span><\/div>\n<div style=\"text-align: justify;\"><span style=\"font-size: large;\">L\u2019uomo lanci\u00f2 una risatina stridula. &#8220;Ho venduto me stesso, e Dio mi ha comprato&#8221;.<\/span><span style=\"font-size: large;\">&nbsp;<\/span><span style=\"font-size: large;\">\u00bb<\/span><\/div>\n<div style=\"text-align: justify;\"><span style=\"font-size: large;\"><br \/><\/span><\/div>\n<div style=\"text-align: justify;\"><a href=\"https:\/\/3.bp.blogspot.com\/-cxACHyp2NBE\/W5JO4E2NgWI\/AAAAAAAABjA\/lJ2Q7Y0faXI4qm91Qzij8JJDQ49T6UqDACLcBGAs\/s1600\/unnamed.png\" style=\"clear: left; float: left; margin-bottom: 1em; margin-right: 1em;\"><img loading=\"lazy\" decoding=\"async\" border=\"0\" data-original-height=\"301\" data-original-width=\"200\" height=\"200\" src=\"https:\/\/3.bp.blogspot.com\/-cxACHyp2NBE\/W5JO4E2NgWI\/AAAAAAAABjA\/lJ2Q7Y0faXI4qm91Qzij8JJDQ49T6UqDACLcBGAs\/s200\/unnamed.png\" width=\"132\" \/><\/a>Cacciatori di mitici tesori, croci disegnate col sangue sulle fronti dei cadaveri e una congiura che solo lui pu\u00f2 fermare. Raphael Dardo, fidato uomo al servizio del Papa, si mette sulle traccie di coloro che vogliono attentare alla vita di Pio IV. Avere successo nell&#8217;impresa non sar\u00e0 affatto semplice: Roma lo inganner\u00e0 ancora una volta, mostrandosi come citt\u00e0 dalla magnifica bellezza ma al tempo stesso covo di brutali omicidi, magia e profezie. La sua determinazione verr\u00e0 messa a dura prova, cos\u00ec come le emozioni che \u00e8 solito celare quando si tratta di lavoro. Quando verr\u00e0 colpito negli affetti, il disorientamento iniziale sapr\u00e0 dargli la lucidit\u00e0 per reagire?<\/div>\n<div style=\"text-align: justify;\"><\/div>\n<div style=\"text-align: justify;\">Dopo &#8220;Il cacciatore dei libri proibiti&#8221;, Fabio Delizzos torna ad incatenarmi nelle sue storie ricche di mistero e adrenalina. Raphael Dardo si conferma essere un personaggio affascinante e reale, che non smette di intrattenere il proprio pubblico con deduzioni e scene d&#8217;azione. Ma qui, la vera sorpresa \u00e8 il personaggio femminile che l&#8217;accompagna: sono bastate poche righe, ma Sara Colorni ha saputo conquistarmi con la sua forza d&#8217;animo e tenacia, capace di cogliere in fallo perfino Raphael stesso.&nbsp;<\/div>\n<div style=\"text-align: justify;\">Degna di nota \u00e8 la caratterizzazione del Pontefice, che di fatto ha reso la sua posizione l&#8217;unica via di scampo dalle attivit\u00e0 illegali intraprese durante la giovinezza.&nbsp;<\/div>\n<div style=\"text-align: justify;\"><\/div>\n<div style=\"text-align: justify;\">Trovo che scrivere un thriller originale, per di pi\u00f9 storico, sia un&#8217;impresa complessa e che richiede studio, dedizione, pazienza e molto impegno. Il lavoro di questo scrittore \u00e8 da ammirare! Non vedo l&#8217;ora di potermi gustare una nuova emozionante avventura.<\/div>\n<div style=\"text-align: justify;\"><\/div>\n<div style=\"text-align: justify;\"><\/div>\n","protected":false},"excerpt":{"rendered":"<p>\u00ab&nbsp;In breve, nella sala restarono in due. A fissarsi attraverso le fessure, in silenzio. Solo la pioggia che martellava sulle finestre, il respiro roco del grande camino simile a un drago dormiente.&nbsp; L\u2019uomo fece alcuni passi avanti e rinfoder\u00f2 la spada sotto il mantello fradicio. &#8220;Posso vedere le anticaglie?&#8221; &#8220;No, non potete. Ditemi prima chi [&hellip;]<\/p>\n","protected":false},"author":1,"featured_media":0,"comment_status":"open","ping_status":"open","sticky":false,"template":"","format":"standard","meta":{"footnotes":""},"categories":[289,4,17,3],"tags":[],"class_list":["post-669","post","type-post","status-publish","format-standard","hentry","category-fabio-delizzos","category-libri","category-newton-compton-editori","category-recensioni"],"yoast_head":"<!-- This site is optimized with the Yoast SEO plugin v25.9 - https:\/\/yoast.com\/wordpress\/plugins\/seo\/ -->\n<title>Recensione: &quot;La cattedrale dei vangeli perduti&quot; di Fabio Delizzos - The Mad Otter<\/title>\n<meta name=\"robots\" content=\"index, follow, max-snippet:-1, max-image-preview:large, max-video-preview:-1\" \/>\n<link rel=\"canonical\" href=\"https:\/\/the-mad-otter.it\/index.php\/2018\/09\/07\/recensione-la-cattedrale-dei-vangeli-perduti-di-fabio-delizzos\/\" \/>\n<meta property=\"og:locale\" content=\"it_IT\" \/>\n<meta property=\"og:type\" content=\"article\" \/>\n<meta property=\"og:title\" content=\"Recensione: &quot;La cattedrale dei vangeli perduti&quot; di Fabio Delizzos - The Mad Otter\" \/>\n<meta property=\"og:description\" content=\"\u00ab&nbsp;In breve, nella sala restarono in due. A fissarsi attraverso le fessure, in silenzio. Solo la pioggia che martellava sulle finestre, il respiro roco del grande camino simile a un drago dormiente.&nbsp; L\u2019uomo fece alcuni passi avanti e rinfoder\u00f2 la spada sotto il mantello fradicio. &#8220;Posso vedere le anticaglie?&#8221; &#8220;No, non potete. Ditemi prima chi [&hellip;]\" \/>\n<meta property=\"og:url\" content=\"https:\/\/the-mad-otter.it\/index.php\/2018\/09\/07\/recensione-la-cattedrale-dei-vangeli-perduti-di-fabio-delizzos\/\" \/>\n<meta property=\"og:site_name\" content=\"The Mad Otter\" \/>\n<meta property=\"article:publisher\" content=\"https:\/\/www.facebook.com\/themadotterblog\" \/>\n<meta property=\"article:published_time\" content=\"2018-09-07T08:20:00+00:00\" \/>\n<meta property=\"og:image\" content=\"https:\/\/3.bp.blogspot.com\/-cxACHyp2NBE\/W5JO4E2NgWI\/AAAAAAAABjA\/lJ2Q7Y0faXI4qm91Qzij8JJDQ49T6UqDACLcBGAs\/s200\/unnamed.png\" \/>\n<meta name=\"author\" content=\"Tiziana\" \/>\n<meta name=\"twitter:card\" content=\"summary_large_image\" \/>\n<meta name=\"twitter:creator\" content=\"@TheMadOtterBlog\" \/>\n<meta name=\"twitter:site\" content=\"@TheMadOtterBlog\" \/>\n<meta name=\"twitter:label1\" content=\"Scritto da\" \/>\n\t<meta name=\"twitter:data1\" content=\"Tiziana\" \/>\n\t<meta name=\"twitter:label2\" content=\"Tempo di lettura stimato\" \/>\n\t<meta name=\"twitter:data2\" content=\"2 minuti\" \/>\n<script type=\"application\/ld+json\" class=\"yoast-schema-graph\">{\"@context\":\"https:\/\/schema.org\",\"@graph\":[{\"@type\":\"WebPage\",\"@id\":\"https:\/\/the-mad-otter.it\/index.php\/2018\/09\/07\/recensione-la-cattedrale-dei-vangeli-perduti-di-fabio-delizzos\/\",\"url\":\"https:\/\/the-mad-otter.it\/index.php\/2018\/09\/07\/recensione-la-cattedrale-dei-vangeli-perduti-di-fabio-delizzos\/\",\"name\":\"Recensione: \\\"La cattedrale dei vangeli perduti\\\" di Fabio Delizzos - The Mad Otter\",\"isPartOf\":{\"@id\":\"https:\/\/the-mad-otter.it\/#website\"},\"primaryImageOfPage\":{\"@id\":\"https:\/\/the-mad-otter.it\/index.php\/2018\/09\/07\/recensione-la-cattedrale-dei-vangeli-perduti-di-fabio-delizzos\/#primaryimage\"},\"image\":{\"@id\":\"https:\/\/the-mad-otter.it\/index.php\/2018\/09\/07\/recensione-la-cattedrale-dei-vangeli-perduti-di-fabio-delizzos\/#primaryimage\"},\"thumbnailUrl\":\"https:\/\/3.bp.blogspot.com\/-cxACHyp2NBE\/W5JO4E2NgWI\/AAAAAAAABjA\/lJ2Q7Y0faXI4qm91Qzij8JJDQ49T6UqDACLcBGAs\/s200\/unnamed.png\",\"datePublished\":\"2018-09-07T08:20:00+00:00\",\"author\":{\"@id\":\"https:\/\/the-mad-otter.it\/#\/schema\/person\/c88992abc52fdb12594f56b68f54421a\"},\"breadcrumb\":{\"@id\":\"https:\/\/the-mad-otter.it\/index.php\/2018\/09\/07\/recensione-la-cattedrale-dei-vangeli-perduti-di-fabio-delizzos\/#breadcrumb\"},\"inLanguage\":\"it-IT\",\"potentialAction\":[{\"@type\":\"ReadAction\",\"target\":[\"https:\/\/the-mad-otter.it\/index.php\/2018\/09\/07\/recensione-la-cattedrale-dei-vangeli-perduti-di-fabio-delizzos\/\"]}]},{\"@type\":\"ImageObject\",\"inLanguage\":\"it-IT\",\"@id\":\"https:\/\/the-mad-otter.it\/index.php\/2018\/09\/07\/recensione-la-cattedrale-dei-vangeli-perduti-di-fabio-delizzos\/#primaryimage\",\"url\":\"https:\/\/3.bp.blogspot.com\/-cxACHyp2NBE\/W5JO4E2NgWI\/AAAAAAAABjA\/lJ2Q7Y0faXI4qm91Qzij8JJDQ49T6UqDACLcBGAs\/s200\/unnamed.png\",\"contentUrl\":\"https:\/\/3.bp.blogspot.com\/-cxACHyp2NBE\/W5JO4E2NgWI\/AAAAAAAABjA\/lJ2Q7Y0faXI4qm91Qzij8JJDQ49T6UqDACLcBGAs\/s200\/unnamed.png\"},{\"@type\":\"BreadcrumbList\",\"@id\":\"https:\/\/the-mad-otter.it\/index.php\/2018\/09\/07\/recensione-la-cattedrale-dei-vangeli-perduti-di-fabio-delizzos\/#breadcrumb\",\"itemListElement\":[{\"@type\":\"ListItem\",\"position\":1,\"name\":\"Home\",\"item\":\"https:\/\/the-mad-otter.it\/\"},{\"@type\":\"ListItem\",\"position\":2,\"name\":\"Recensione: &#8220;La cattedrale dei vangeli perduti&#8221; di Fabio Delizzos\"}]},{\"@type\":\"WebSite\",\"@id\":\"https:\/\/the-mad-otter.it\/#website\",\"url\":\"https:\/\/the-mad-otter.it\/\",\"name\":\"The Mad Otter\",\"description\":\"Benvenuti nella tana della lontra.\",\"potentialAction\":[{\"@type\":\"SearchAction\",\"target\":{\"@type\":\"EntryPoint\",\"urlTemplate\":\"https:\/\/the-mad-otter.it\/?s={search_term_string}\"},\"query-input\":{\"@type\":\"PropertyValueSpecification\",\"valueRequired\":true,\"valueName\":\"search_term_string\"}}],\"inLanguage\":\"it-IT\"},{\"@type\":\"Person\",\"@id\":\"https:\/\/the-mad-otter.it\/#\/schema\/person\/c88992abc52fdb12594f56b68f54421a\",\"name\":\"Tiziana\",\"image\":{\"@type\":\"ImageObject\",\"inLanguage\":\"it-IT\",\"@id\":\"https:\/\/the-mad-otter.it\/#\/schema\/person\/image\/\",\"url\":\"https:\/\/secure.gravatar.com\/avatar\/2f1134c8975ffa6363b410d99e9ba1c2b856c22c7c1137ae53547a98d7ff6cf7?s=96&d=mm&r=g\",\"contentUrl\":\"https:\/\/secure.gravatar.com\/avatar\/2f1134c8975ffa6363b410d99e9ba1c2b856c22c7c1137ae53547a98d7ff6cf7?s=96&d=mm&r=g\",\"caption\":\"Tiziana\"},\"url\":\"\"}]}<\/script>\n<!-- \/ Yoast SEO plugin. -->","yoast_head_json":{"title":"Recensione: \"La cattedrale dei vangeli perduti\" di Fabio Delizzos - The Mad Otter","robots":{"index":"index","follow":"follow","max-snippet":"max-snippet:-1","max-image-preview":"max-image-preview:large","max-video-preview":"max-video-preview:-1"},"canonical":"https:\/\/the-mad-otter.it\/index.php\/2018\/09\/07\/recensione-la-cattedrale-dei-vangeli-perduti-di-fabio-delizzos\/","og_locale":"it_IT","og_type":"article","og_title":"Recensione: \"La cattedrale dei vangeli perduti\" di Fabio Delizzos - The Mad Otter","og_description":"\u00ab&nbsp;In breve, nella sala restarono in due. A fissarsi attraverso le fessure, in silenzio. Solo la pioggia che martellava sulle finestre, il respiro roco del grande camino simile a un drago dormiente.&nbsp; L\u2019uomo fece alcuni passi avanti e rinfoder\u00f2 la spada sotto il mantello fradicio. &#8220;Posso vedere le anticaglie?&#8221; &#8220;No, non potete. Ditemi prima chi [&hellip;]","og_url":"https:\/\/the-mad-otter.it\/index.php\/2018\/09\/07\/recensione-la-cattedrale-dei-vangeli-perduti-di-fabio-delizzos\/","og_site_name":"The Mad Otter","article_publisher":"https:\/\/www.facebook.com\/themadotterblog","article_published_time":"2018-09-07T08:20:00+00:00","og_image":[{"url":"https:\/\/3.bp.blogspot.com\/-cxACHyp2NBE\/W5JO4E2NgWI\/AAAAAAAABjA\/lJ2Q7Y0faXI4qm91Qzij8JJDQ49T6UqDACLcBGAs\/s200\/unnamed.png","type":"","width":"","height":""}],"author":"Tiziana","twitter_card":"summary_large_image","twitter_creator":"@TheMadOtterBlog","twitter_site":"@TheMadOtterBlog","twitter_misc":{"Scritto da":"Tiziana","Tempo di lettura stimato":"2 minuti"},"schema":{"@context":"https:\/\/schema.org","@graph":[{"@type":"WebPage","@id":"https:\/\/the-mad-otter.it\/index.php\/2018\/09\/07\/recensione-la-cattedrale-dei-vangeli-perduti-di-fabio-delizzos\/","url":"https:\/\/the-mad-otter.it\/index.php\/2018\/09\/07\/recensione-la-cattedrale-dei-vangeli-perduti-di-fabio-delizzos\/","name":"Recensione: \"La cattedrale dei vangeli perduti\" di Fabio Delizzos - The Mad Otter","isPartOf":{"@id":"https:\/\/the-mad-otter.it\/#website"},"primaryImageOfPage":{"@id":"https:\/\/the-mad-otter.it\/index.php\/2018\/09\/07\/recensione-la-cattedrale-dei-vangeli-perduti-di-fabio-delizzos\/#primaryimage"},"image":{"@id":"https:\/\/the-mad-otter.it\/index.php\/2018\/09\/07\/recensione-la-cattedrale-dei-vangeli-perduti-di-fabio-delizzos\/#primaryimage"},"thumbnailUrl":"https:\/\/3.bp.blogspot.com\/-cxACHyp2NBE\/W5JO4E2NgWI\/AAAAAAAABjA\/lJ2Q7Y0faXI4qm91Qzij8JJDQ49T6UqDACLcBGAs\/s200\/unnamed.png","datePublished":"2018-09-07T08:20:00+00:00","author":{"@id":"https:\/\/the-mad-otter.it\/#\/schema\/person\/c88992abc52fdb12594f56b68f54421a"},"breadcrumb":{"@id":"https:\/\/the-mad-otter.it\/index.php\/2018\/09\/07\/recensione-la-cattedrale-dei-vangeli-perduti-di-fabio-delizzos\/#breadcrumb"},"inLanguage":"it-IT","potentialAction":[{"@type":"ReadAction","target":["https:\/\/the-mad-otter.it\/index.php\/2018\/09\/07\/recensione-la-cattedrale-dei-vangeli-perduti-di-fabio-delizzos\/"]}]},{"@type":"ImageObject","inLanguage":"it-IT","@id":"https:\/\/the-mad-otter.it\/index.php\/2018\/09\/07\/recensione-la-cattedrale-dei-vangeli-perduti-di-fabio-delizzos\/#primaryimage","url":"https:\/\/3.bp.blogspot.com\/-cxACHyp2NBE\/W5JO4E2NgWI\/AAAAAAAABjA\/lJ2Q7Y0faXI4qm91Qzij8JJDQ49T6UqDACLcBGAs\/s200\/unnamed.png","contentUrl":"https:\/\/3.bp.blogspot.com\/-cxACHyp2NBE\/W5JO4E2NgWI\/AAAAAAAABjA\/lJ2Q7Y0faXI4qm91Qzij8JJDQ49T6UqDACLcBGAs\/s200\/unnamed.png"},{"@type":"BreadcrumbList","@id":"https:\/\/the-mad-otter.it\/index.php\/2018\/09\/07\/recensione-la-cattedrale-dei-vangeli-perduti-di-fabio-delizzos\/#breadcrumb","itemListElement":[{"@type":"ListItem","position":1,"name":"Home","item":"https:\/\/the-mad-otter.it\/"},{"@type":"ListItem","position":2,"name":"Recensione: &#8220;La cattedrale dei vangeli perduti&#8221; di Fabio Delizzos"}]},{"@type":"WebSite","@id":"https:\/\/the-mad-otter.it\/#website","url":"https:\/\/the-mad-otter.it\/","name":"The Mad Otter","description":"Benvenuti nella tana della lontra.","potentialAction":[{"@type":"SearchAction","target":{"@type":"EntryPoint","urlTemplate":"https:\/\/the-mad-otter.it\/?s={search_term_string}"},"query-input":{"@type":"PropertyValueSpecification","valueRequired":true,"valueName":"search_term_string"}}],"inLanguage":"it-IT"},{"@type":"Person","@id":"https:\/\/the-mad-otter.it\/#\/schema\/person\/c88992abc52fdb12594f56b68f54421a","name":"Tiziana","image":{"@type":"ImageObject","inLanguage":"it-IT","@id":"https:\/\/the-mad-otter.it\/#\/schema\/person\/image\/","url":"https:\/\/secure.gravatar.com\/avatar\/2f1134c8975ffa6363b410d99e9ba1c2b856c22c7c1137ae53547a98d7ff6cf7?s=96&d=mm&r=g","contentUrl":"https:\/\/secure.gravatar.com\/avatar\/2f1134c8975ffa6363b410d99e9ba1c2b856c22c7c1137ae53547a98d7ff6cf7?s=96&d=mm&r=g","caption":"Tiziana"},"url":""}]}},"_links":{"self":[{"href":"https:\/\/the-mad-otter.it\/index.php\/wp-json\/wp\/v2\/posts\/669","targetHints":{"allow":["GET"]}}],"collection":[{"href":"https:\/\/the-mad-otter.it\/index.php\/wp-json\/wp\/v2\/posts"}],"about":[{"href":"https:\/\/the-mad-otter.it\/index.php\/wp-json\/wp\/v2\/types\/post"}],"author":[{"embeddable":true,"href":"https:\/\/the-mad-otter.it\/index.php\/wp-json\/wp\/v2\/users\/1"}],"replies":[{"embeddable":true,"href":"https:\/\/the-mad-otter.it\/index.php\/wp-json\/wp\/v2\/comments?post=669"}],"version-history":[{"count":0,"href":"https:\/\/the-mad-otter.it\/index.php\/wp-json\/wp\/v2\/posts\/669\/revisions"}],"wp:attachment":[{"href":"https:\/\/the-mad-otter.it\/index.php\/wp-json\/wp\/v2\/media?parent=669"}],"wp:term":[{"taxonomy":"category","embeddable":true,"href":"https:\/\/the-mad-otter.it\/index.php\/wp-json\/wp\/v2\/categories?post=669"},{"taxonomy":"post_tag","embeddable":true,"href":"https:\/\/the-mad-otter.it\/index.php\/wp-json\/wp\/v2\/tags?post=669"}],"curies":[{"name":"wp","href":"https:\/\/api.w.org\/{rel}","templated":true}]}}