{"id":633,"date":"2019-04-29T13:55:00","date_gmt":"2019-04-29T11:55:00","guid":{"rendered":"http:\/\/www.the-mad-otter.it\/index.php\/2019\/04\/29\/blog-tour-la-quinta-stagione-di-n-k-jemisin-il-mondo-chiamato-immoto\/"},"modified":"2022-03-08T19:00:45","modified_gmt":"2022-03-08T18:00:45","slug":"blog-tour-la-quinta-stagione-di-n-k-jemisin-il-mondo-chiamato-immoto","status":"publish","type":"post","link":"https:\/\/the-mad-otter.it\/index.php\/2019\/04\/29\/blog-tour-la-quinta-stagione-di-n-k-jemisin-il-mondo-chiamato-immoto\/","title":{"rendered":"Blog Tour: &#8220;La Quinta Stagione&#8221; di N. K. Jemisin &#8211; Il mondo chiamato Immoto"},"content":{"rendered":"<div style=\"text-align: justify;\"><\/div>\n<div style=\"clear: both; text-align: center;\"><a style=\"margin-left: 1em; margin-right: 1em;\" href=\"https:\/\/4.bp.blogspot.com\/-iyly7eojfuk\/XMbkpp3GmSI\/AAAAAAAAB2Q\/R2ZwYMB3cLoKh4KkFOwIYCzQNYK-59cZQCLcBGAs\/s1600\/58382973_10218652092004382_6050462352774529024_n.jpg\"><img loading=\"lazy\" decoding=\"async\" src=\"https:\/\/4.bp.blogspot.com\/-iyly7eojfuk\/XMbkpp3GmSI\/AAAAAAAAB2Q\/R2ZwYMB3cLoKh4KkFOwIYCzQNYK-59cZQCLcBGAs\/s400\/58382973_10218652092004382_6050462352774529024_n.jpg\" width=\"400\" height=\"183\" border=\"0\" data-original-height=\"294\" data-original-width=\"640\" \/><\/a><\/div>\n<div style=\"text-align: justify;\"><\/div>\n<div style=\"text-align: justify;\">Amo, dei libri che leggo, l&#8217;emozione travolgente che nasce, cresce e mi accompagna anche successivamente alla lettura. Questo mi fa capire se davvero un&#8217;opera \u00e8 meritevole e quanto sia in mio dovere diffonderne la bellezza.<\/div>\n<div style=\"text-align: justify;\"><\/div>\n<div style=\"text-align: justify;\">Grazie alla Mondadori, oggi vi parlo in anteprima di\u00a0&#8220;La Quinta Stagione&#8221; di N. K. Jemisin, vincitrice di tre Premi Hugo, ovvero il riconoscimento letterario pi\u00f9 importante per i romanzi fantasy e fantascientifici.<\/div>\n<div style=\"text-align: justify;\">In particolare, questo articolo tratta un approfondimento sull&#8217;ambientazione in cui la storia \u00e8 calata. La \u00a0mia recensione uscir\u00e0 nella giornata di domani.<\/div>\n<div><\/div>\n<p><!--more--><\/p>\n<div style=\"text-align: justify;\"><\/div>\n<div style=\"text-align: justify;\">La Jemisin crea sulla carta un mondo apocalittico, chiamato l&#8217;Immoto, colpito ormai da tempo immemore da ogni genere di cataclisma. Tante sono le sue caratteristiche, cos\u00ec come i nomi che l&#8217;hanno definito in precedenza. Si presenta come un&#8217;unica vasta terra, che nei secoli era divisa e che divisa potrebbe ben presto ritornare. \u00c8 di fatto un continente devastato a causa delle inondazioni, delle scosse di terremoto ed eruzioni vulcaniche subite. Non solo l&#8217;umanit\u00e0 ne \u00e8 ferita, ma anche l&#8217;ambiente soffre e tenta di sopravvivere, evitando il pi\u00f9 possibile il momento in cui collasser\u00e0 su se stesso.<\/div>\n<div style=\"text-align: justify;\"><\/div>\n<div style=\"text-align: justify;\">Ad ogni disastro climatico viene dichiarata una nuova Stagione, contraddistinta dalla piaga, in un certo senso biblica, abbattutasi in quel momento: freddo, buio, carestia e molto altro.<\/div>\n<div style=\"text-align: justify;\">L&#8217;umanit\u00e0 vive in perenne stato di precariet\u00e0, perch\u00e9 dopo un evento climatico distruttivo deve spostarsi, muoversi da un luogo che non c&#8217;\u00e8 pi\u00f9 e ricominciare tutto da capo. Conseguentemente elementi come la ricchezza economica o l&#8217;abbondanza di risorse sono ormai un ricordo molto lontano da questo presente, in cui vige la convinzione di una terra avversa alla vita. Non esiste pi\u00f9 l&#8217;attaccamento affettivo a ci\u00f2 che sta intorno perch\u00e9 la propria piccola citt\u00e0, la &#8220;com&#8221;, potrebbe scomparire da un momento all&#8217;altro. Non c&#8217;\u00e8 tempo da perdere in futilit\u00e0, se non al pensare ad un nuovo riparo.<\/div>\n<div style=\"text-align: justify;\"><\/div>\n<div style=\"clear: both; text-align: center;\"><a style=\"margin-left: 1em; margin-right: 1em;\" href=\"https:\/\/3.bp.blogspot.com\/-0X5m7MH4akQ\/XMbkuUsW5fI\/AAAAAAAAB2Y\/-hF3wfrOY-ssklSRTrJSpAdDjfLDrEuIACLcBGAs\/s1600\/tumblr_ov6nu56Kdx1smnk5ao1_1280.png\"><img loading=\"lazy\" decoding=\"async\" src=\"https:\/\/3.bp.blogspot.com\/-0X5m7MH4akQ\/XMbkuUsW5fI\/AAAAAAAAB2Y\/-hF3wfrOY-ssklSRTrJSpAdDjfLDrEuIACLcBGAs\/s400\/tumblr_ov6nu56Kdx1smnk5ao1_1280.png\" width=\"312\" height=\"400\" border=\"0\" data-original-height=\"1400\" data-original-width=\"1098\" \/><\/a><\/div>\n<div style=\"text-align: justify;\"><\/div>\n<div style=\"text-align: justify;\"><\/div>\n<div style=\"text-align: justify;\">La memoria del passato \u00e8 simboleggiata dall&#8217;architettura particolare che si distingue dagli agglomerati dei sopravvissuti. Le strutture antiche, cos\u00ec come quei misteriosi obelischi che fluttuano nel cielo, sono tanto affascinanti quanto prova di una realt\u00e0 che non aveva come obiettivo il resistere al pericolo costante di morire, perch\u00e9 quel pericolo ancora non esisteva. Soprattutto, ricordano ai popoli il vero fallimento dell&#8217;umanit\u00e0: non avercela fatta nel momento in cui il primo disastro si \u00e8 abbattuto. Le civilt\u00e0 antiche non avevano nulla da temere, in apparenza, ma quando \u00e8 stato il momento di reagire sono state irreversibilmente spazzate via. \u00c8 una situazione quasi ironica, pensare che chi aveva maggiori risorse non aveva le capacit\u00e0 per limitare la furia dell&#8217;ambiente. Perch\u00e9 \u00e8 proprio l&#8217;uomo ad aver scatenato quella furia primordiale e pi\u00f9 potente di qualsiasi tecnologia e avanzamento.<\/div>\n<div style=\"text-align: justify;\"><\/div>\n<div style=\"text-align: justify;\">In mezzo ad un agglomerato di citt\u00e0 stanziato sulla fascia equatoriale ne spicca una in particolare: Yumenes, sopravvissuta a ben sette Stagioni e che detiene quindi il diritto a proclamarsi la capitale dell&#8217;Impero. Ha potere e controllo su tutti, soprattutto sugli orogeni: coloro che hanno sviluppato la capacit\u00e0 di controllare la forza distruttiva delle catastrofi e che vengono quindi inviati nel continente per sfruttare questo loro potere. Sono per\u00f2 persone che non hanno quel prestigio che noi potremmo dare per scontato. Al contrario, dato che dalla loro abilit\u00e0 deriva soprattutto la responsabilit\u00e0 di non causare senza volerlo il disastro anzich\u00e9 contenerlo, sono di fatto degli emarginati, i &#8220;diversi&#8221;, reietti da odiare ed evitare. Per dare una parvenza di controllo, Yumenes addestra nel suo Fulcro i dotati, per prepararli a ci\u00f2 che \u00e8 loro dovere fare per il bene dell&#8217;umanit\u00e0.<\/div>\n<div style=\"text-align: justify;\"><\/div>\n<div style=\"text-align: justify;\">L&#8217;apocalisse \u00e8 imprevedibile, cos\u00ec come le conseguenze che ne derivano. Mai ci si potrebbe immaginare che da una catastrofe possano nascere delle creature sovrannaturali, con capacit\u00e0 quali l&#8217;orogenia, ma dagli intenti assolutamente avvolti nel mistero.<\/div>\n<div style=\"text-align: justify;\"><\/div>\n<div style=\"text-align: justify;\">Mi piacerebbe poter dire molto altro su questa incredibile opera, ma dovrete aspettare le tappe che seguono la mia, ospitate da altre colleghe blogger. Di seguito, il calendario.<\/div>\n<div style=\"text-align: justify;\"><\/div>\n<div style=\"text-align: justify;\"><\/div>\n<div style=\"clear: both; text-align: center;\"><a style=\"margin-left: 1em; margin-right: 1em;\" href=\"https:\/\/1.bp.blogspot.com\/-T8p8bzPS6MI\/XMbkqJFIU7I\/AAAAAAAAB2U\/F9pNBIR-qzo5vpdFKQ4lhBNwfYQ_PX85gCLcBGAs\/s1600\/58733024_10218652057443518_3264513674282270720_n.jpg\"><img loading=\"lazy\" decoding=\"async\" src=\"https:\/\/1.bp.blogspot.com\/-T8p8bzPS6MI\/XMbkqJFIU7I\/AAAAAAAAB2U\/F9pNBIR-qzo5vpdFKQ4lhBNwfYQ_PX85gCLcBGAs\/s400\/58733024_10218652057443518_3264513674282270720_n.jpg\" width=\"400\" height=\"390\" border=\"0\" data-original-height=\"624\" data-original-width=\"640\" \/><\/a><\/div>\n<div style=\"text-align: justify;\"><\/div>\n<div style=\"text-align: justify;\"><\/div>\n","protected":false},"excerpt":{"rendered":"<p>Amo, dei libri che leggo, l&#8217;emozione travolgente che nasce, cresce e mi accompagna anche successivamente alla lettura. Questo mi fa capire se davvero un&#8217;opera \u00e8 meritevole e quanto sia in mio dovere diffonderne la bellezza. Grazie alla Mondadori, oggi vi parlo in anteprima di\u00a0&#8220;La Quinta Stagione&#8221; di N. K. Jemisin, vincitrice di tre Premi Hugo, [&hellip;]<\/p>\n","protected":false},"author":1,"featured_media":0,"comment_status":"open","ping_status":"open","sticky":false,"template":"","format":"standard","meta":{"footnotes":""},"categories":[14,4,35,184,403],"tags":[346],"class_list":["post-633","post","type-post","status-publish","format-standard","hentry","category-blog-tour","category-libri","category-mondadori","category-n-k-jemisin","category-oscar-vault","tag-libri"],"yoast_head":"<!-- This site is optimized with the Yoast SEO plugin v25.9 - https:\/\/yoast.com\/wordpress\/plugins\/seo\/ -->\n<title>Blog Tour: &quot;La Quinta Stagione&quot; di N. K. Jemisin - Il mondo chiamato Immoto - The Mad Otter<\/title>\n<meta name=\"robots\" content=\"index, follow, max-snippet:-1, max-image-preview:large, max-video-preview:-1\" \/>\n<link rel=\"canonical\" href=\"https:\/\/the-mad-otter.it\/index.php\/2019\/04\/29\/blog-tour-la-quinta-stagione-di-n-k-jemisin-il-mondo-chiamato-immoto\/\" \/>\n<meta property=\"og:locale\" content=\"it_IT\" \/>\n<meta property=\"og:type\" content=\"article\" \/>\n<meta property=\"og:title\" content=\"Blog Tour: &quot;La Quinta Stagione&quot; di N. K. Jemisin - Il mondo chiamato Immoto - The Mad Otter\" \/>\n<meta property=\"og:description\" content=\"Amo, dei libri che leggo, l&#8217;emozione travolgente che nasce, cresce e mi accompagna anche successivamente alla lettura. Questo mi fa capire se davvero un&#8217;opera \u00e8 meritevole e quanto sia in mio dovere diffonderne la bellezza. Grazie alla Mondadori, oggi vi parlo in anteprima di\u00a0&#8220;La Quinta Stagione&#8221; di N. K. Jemisin, vincitrice di tre Premi Hugo, [&hellip;]\" \/>\n<meta property=\"og:url\" content=\"https:\/\/the-mad-otter.it\/index.php\/2019\/04\/29\/blog-tour-la-quinta-stagione-di-n-k-jemisin-il-mondo-chiamato-immoto\/\" \/>\n<meta property=\"og:site_name\" content=\"The Mad Otter\" \/>\n<meta property=\"article:publisher\" content=\"https:\/\/www.facebook.com\/themadotterblog\" \/>\n<meta property=\"article:published_time\" content=\"2019-04-29T11:55:00+00:00\" \/>\n<meta property=\"article:modified_time\" content=\"2022-03-08T18:00:45+00:00\" \/>\n<meta property=\"og:image\" content=\"https:\/\/4.bp.blogspot.com\/-iyly7eojfuk\/XMbkpp3GmSI\/AAAAAAAAB2Q\/R2ZwYMB3cLoKh4KkFOwIYCzQNYK-59cZQCLcBGAs\/s400\/58382973_10218652092004382_6050462352774529024_n.jpg\" \/>\n<meta name=\"author\" content=\"Tiziana\" \/>\n<meta name=\"twitter:card\" content=\"summary_large_image\" \/>\n<meta name=\"twitter:creator\" content=\"@TheMadOtterBlog\" \/>\n<meta name=\"twitter:site\" content=\"@TheMadOtterBlog\" \/>\n<meta name=\"twitter:label1\" content=\"Scritto da\" \/>\n\t<meta name=\"twitter:data1\" content=\"Tiziana\" \/>\n\t<meta name=\"twitter:label2\" content=\"Tempo di lettura stimato\" \/>\n\t<meta name=\"twitter:data2\" content=\"3 minuti\" \/>\n<script type=\"application\/ld+json\" class=\"yoast-schema-graph\">{\"@context\":\"https:\/\/schema.org\",\"@graph\":[{\"@type\":\"WebPage\",\"@id\":\"https:\/\/the-mad-otter.it\/index.php\/2019\/04\/29\/blog-tour-la-quinta-stagione-di-n-k-jemisin-il-mondo-chiamato-immoto\/\",\"url\":\"https:\/\/the-mad-otter.it\/index.php\/2019\/04\/29\/blog-tour-la-quinta-stagione-di-n-k-jemisin-il-mondo-chiamato-immoto\/\",\"name\":\"Blog Tour: \\\"La Quinta Stagione\\\" di N. K. Jemisin - Il mondo chiamato Immoto - The Mad Otter\",\"isPartOf\":{\"@id\":\"https:\/\/the-mad-otter.it\/#website\"},\"primaryImageOfPage\":{\"@id\":\"https:\/\/the-mad-otter.it\/index.php\/2019\/04\/29\/blog-tour-la-quinta-stagione-di-n-k-jemisin-il-mondo-chiamato-immoto\/#primaryimage\"},\"image\":{\"@id\":\"https:\/\/the-mad-otter.it\/index.php\/2019\/04\/29\/blog-tour-la-quinta-stagione-di-n-k-jemisin-il-mondo-chiamato-immoto\/#primaryimage\"},\"thumbnailUrl\":\"https:\/\/4.bp.blogspot.com\/-iyly7eojfuk\/XMbkpp3GmSI\/AAAAAAAAB2Q\/R2ZwYMB3cLoKh4KkFOwIYCzQNYK-59cZQCLcBGAs\/s400\/58382973_10218652092004382_6050462352774529024_n.jpg\",\"datePublished\":\"2019-04-29T11:55:00+00:00\",\"dateModified\":\"2022-03-08T18:00:45+00:00\",\"author\":{\"@id\":\"https:\/\/the-mad-otter.it\/#\/schema\/person\/c88992abc52fdb12594f56b68f54421a\"},\"breadcrumb\":{\"@id\":\"https:\/\/the-mad-otter.it\/index.php\/2019\/04\/29\/blog-tour-la-quinta-stagione-di-n-k-jemisin-il-mondo-chiamato-immoto\/#breadcrumb\"},\"inLanguage\":\"it-IT\",\"potentialAction\":[{\"@type\":\"ReadAction\",\"target\":[\"https:\/\/the-mad-otter.it\/index.php\/2019\/04\/29\/blog-tour-la-quinta-stagione-di-n-k-jemisin-il-mondo-chiamato-immoto\/\"]}]},{\"@type\":\"ImageObject\",\"inLanguage\":\"it-IT\",\"@id\":\"https:\/\/the-mad-otter.it\/index.php\/2019\/04\/29\/blog-tour-la-quinta-stagione-di-n-k-jemisin-il-mondo-chiamato-immoto\/#primaryimage\",\"url\":\"https:\/\/4.bp.blogspot.com\/-iyly7eojfuk\/XMbkpp3GmSI\/AAAAAAAAB2Q\/R2ZwYMB3cLoKh4KkFOwIYCzQNYK-59cZQCLcBGAs\/s400\/58382973_10218652092004382_6050462352774529024_n.jpg\",\"contentUrl\":\"https:\/\/4.bp.blogspot.com\/-iyly7eojfuk\/XMbkpp3GmSI\/AAAAAAAAB2Q\/R2ZwYMB3cLoKh4KkFOwIYCzQNYK-59cZQCLcBGAs\/s400\/58382973_10218652092004382_6050462352774529024_n.jpg\"},{\"@type\":\"BreadcrumbList\",\"@id\":\"https:\/\/the-mad-otter.it\/index.php\/2019\/04\/29\/blog-tour-la-quinta-stagione-di-n-k-jemisin-il-mondo-chiamato-immoto\/#breadcrumb\",\"itemListElement\":[{\"@type\":\"ListItem\",\"position\":1,\"name\":\"Home\",\"item\":\"https:\/\/the-mad-otter.it\/\"},{\"@type\":\"ListItem\",\"position\":2,\"name\":\"Blog Tour: &#8220;La Quinta Stagione&#8221; di N. K. Jemisin &#8211; Il mondo chiamato Immoto\"}]},{\"@type\":\"WebSite\",\"@id\":\"https:\/\/the-mad-otter.it\/#website\",\"url\":\"https:\/\/the-mad-otter.it\/\",\"name\":\"The Mad Otter\",\"description\":\"Benvenuti nella tana della lontra.\",\"potentialAction\":[{\"@type\":\"SearchAction\",\"target\":{\"@type\":\"EntryPoint\",\"urlTemplate\":\"https:\/\/the-mad-otter.it\/?s={search_term_string}\"},\"query-input\":{\"@type\":\"PropertyValueSpecification\",\"valueRequired\":true,\"valueName\":\"search_term_string\"}}],\"inLanguage\":\"it-IT\"},{\"@type\":\"Person\",\"@id\":\"https:\/\/the-mad-otter.it\/#\/schema\/person\/c88992abc52fdb12594f56b68f54421a\",\"name\":\"Tiziana\",\"image\":{\"@type\":\"ImageObject\",\"inLanguage\":\"it-IT\",\"@id\":\"https:\/\/the-mad-otter.it\/#\/schema\/person\/image\/\",\"url\":\"https:\/\/secure.gravatar.com\/avatar\/2f1134c8975ffa6363b410d99e9ba1c2b856c22c7c1137ae53547a98d7ff6cf7?s=96&d=mm&r=g\",\"contentUrl\":\"https:\/\/secure.gravatar.com\/avatar\/2f1134c8975ffa6363b410d99e9ba1c2b856c22c7c1137ae53547a98d7ff6cf7?s=96&d=mm&r=g\",\"caption\":\"Tiziana\"},\"url\":\"\"}]}<\/script>\n<!-- \/ Yoast SEO plugin. -->","yoast_head_json":{"title":"Blog Tour: \"La Quinta Stagione\" di N. K. Jemisin - Il mondo chiamato Immoto - The Mad Otter","robots":{"index":"index","follow":"follow","max-snippet":"max-snippet:-1","max-image-preview":"max-image-preview:large","max-video-preview":"max-video-preview:-1"},"canonical":"https:\/\/the-mad-otter.it\/index.php\/2019\/04\/29\/blog-tour-la-quinta-stagione-di-n-k-jemisin-il-mondo-chiamato-immoto\/","og_locale":"it_IT","og_type":"article","og_title":"Blog Tour: \"La Quinta Stagione\" di N. K. Jemisin - Il mondo chiamato Immoto - The Mad Otter","og_description":"Amo, dei libri che leggo, l&#8217;emozione travolgente che nasce, cresce e mi accompagna anche successivamente alla lettura. Questo mi fa capire se davvero un&#8217;opera \u00e8 meritevole e quanto sia in mio dovere diffonderne la bellezza. Grazie alla Mondadori, oggi vi parlo in anteprima di\u00a0&#8220;La Quinta Stagione&#8221; di N. K. Jemisin, vincitrice di tre Premi Hugo, [&hellip;]","og_url":"https:\/\/the-mad-otter.it\/index.php\/2019\/04\/29\/blog-tour-la-quinta-stagione-di-n-k-jemisin-il-mondo-chiamato-immoto\/","og_site_name":"The Mad Otter","article_publisher":"https:\/\/www.facebook.com\/themadotterblog","article_published_time":"2019-04-29T11:55:00+00:00","article_modified_time":"2022-03-08T18:00:45+00:00","og_image":[{"url":"https:\/\/4.bp.blogspot.com\/-iyly7eojfuk\/XMbkpp3GmSI\/AAAAAAAAB2Q\/R2ZwYMB3cLoKh4KkFOwIYCzQNYK-59cZQCLcBGAs\/s400\/58382973_10218652092004382_6050462352774529024_n.jpg","type":"","width":"","height":""}],"author":"Tiziana","twitter_card":"summary_large_image","twitter_creator":"@TheMadOtterBlog","twitter_site":"@TheMadOtterBlog","twitter_misc":{"Scritto da":"Tiziana","Tempo di lettura stimato":"3 minuti"},"schema":{"@context":"https:\/\/schema.org","@graph":[{"@type":"WebPage","@id":"https:\/\/the-mad-otter.it\/index.php\/2019\/04\/29\/blog-tour-la-quinta-stagione-di-n-k-jemisin-il-mondo-chiamato-immoto\/","url":"https:\/\/the-mad-otter.it\/index.php\/2019\/04\/29\/blog-tour-la-quinta-stagione-di-n-k-jemisin-il-mondo-chiamato-immoto\/","name":"Blog Tour: \"La Quinta Stagione\" di N. K. Jemisin - Il mondo chiamato Immoto - The Mad Otter","isPartOf":{"@id":"https:\/\/the-mad-otter.it\/#website"},"primaryImageOfPage":{"@id":"https:\/\/the-mad-otter.it\/index.php\/2019\/04\/29\/blog-tour-la-quinta-stagione-di-n-k-jemisin-il-mondo-chiamato-immoto\/#primaryimage"},"image":{"@id":"https:\/\/the-mad-otter.it\/index.php\/2019\/04\/29\/blog-tour-la-quinta-stagione-di-n-k-jemisin-il-mondo-chiamato-immoto\/#primaryimage"},"thumbnailUrl":"https:\/\/4.bp.blogspot.com\/-iyly7eojfuk\/XMbkpp3GmSI\/AAAAAAAAB2Q\/R2ZwYMB3cLoKh4KkFOwIYCzQNYK-59cZQCLcBGAs\/s400\/58382973_10218652092004382_6050462352774529024_n.jpg","datePublished":"2019-04-29T11:55:00+00:00","dateModified":"2022-03-08T18:00:45+00:00","author":{"@id":"https:\/\/the-mad-otter.it\/#\/schema\/person\/c88992abc52fdb12594f56b68f54421a"},"breadcrumb":{"@id":"https:\/\/the-mad-otter.it\/index.php\/2019\/04\/29\/blog-tour-la-quinta-stagione-di-n-k-jemisin-il-mondo-chiamato-immoto\/#breadcrumb"},"inLanguage":"it-IT","potentialAction":[{"@type":"ReadAction","target":["https:\/\/the-mad-otter.it\/index.php\/2019\/04\/29\/blog-tour-la-quinta-stagione-di-n-k-jemisin-il-mondo-chiamato-immoto\/"]}]},{"@type":"ImageObject","inLanguage":"it-IT","@id":"https:\/\/the-mad-otter.it\/index.php\/2019\/04\/29\/blog-tour-la-quinta-stagione-di-n-k-jemisin-il-mondo-chiamato-immoto\/#primaryimage","url":"https:\/\/4.bp.blogspot.com\/-iyly7eojfuk\/XMbkpp3GmSI\/AAAAAAAAB2Q\/R2ZwYMB3cLoKh4KkFOwIYCzQNYK-59cZQCLcBGAs\/s400\/58382973_10218652092004382_6050462352774529024_n.jpg","contentUrl":"https:\/\/4.bp.blogspot.com\/-iyly7eojfuk\/XMbkpp3GmSI\/AAAAAAAAB2Q\/R2ZwYMB3cLoKh4KkFOwIYCzQNYK-59cZQCLcBGAs\/s400\/58382973_10218652092004382_6050462352774529024_n.jpg"},{"@type":"BreadcrumbList","@id":"https:\/\/the-mad-otter.it\/index.php\/2019\/04\/29\/blog-tour-la-quinta-stagione-di-n-k-jemisin-il-mondo-chiamato-immoto\/#breadcrumb","itemListElement":[{"@type":"ListItem","position":1,"name":"Home","item":"https:\/\/the-mad-otter.it\/"},{"@type":"ListItem","position":2,"name":"Blog Tour: &#8220;La Quinta Stagione&#8221; di N. K. Jemisin &#8211; Il mondo chiamato Immoto"}]},{"@type":"WebSite","@id":"https:\/\/the-mad-otter.it\/#website","url":"https:\/\/the-mad-otter.it\/","name":"The Mad Otter","description":"Benvenuti nella tana della lontra.","potentialAction":[{"@type":"SearchAction","target":{"@type":"EntryPoint","urlTemplate":"https:\/\/the-mad-otter.it\/?s={search_term_string}"},"query-input":{"@type":"PropertyValueSpecification","valueRequired":true,"valueName":"search_term_string"}}],"inLanguage":"it-IT"},{"@type":"Person","@id":"https:\/\/the-mad-otter.it\/#\/schema\/person\/c88992abc52fdb12594f56b68f54421a","name":"Tiziana","image":{"@type":"ImageObject","inLanguage":"it-IT","@id":"https:\/\/the-mad-otter.it\/#\/schema\/person\/image\/","url":"https:\/\/secure.gravatar.com\/avatar\/2f1134c8975ffa6363b410d99e9ba1c2b856c22c7c1137ae53547a98d7ff6cf7?s=96&d=mm&r=g","contentUrl":"https:\/\/secure.gravatar.com\/avatar\/2f1134c8975ffa6363b410d99e9ba1c2b856c22c7c1137ae53547a98d7ff6cf7?s=96&d=mm&r=g","caption":"Tiziana"},"url":""}]}},"_links":{"self":[{"href":"https:\/\/the-mad-otter.it\/index.php\/wp-json\/wp\/v2\/posts\/633","targetHints":{"allow":["GET"]}}],"collection":[{"href":"https:\/\/the-mad-otter.it\/index.php\/wp-json\/wp\/v2\/posts"}],"about":[{"href":"https:\/\/the-mad-otter.it\/index.php\/wp-json\/wp\/v2\/types\/post"}],"author":[{"embeddable":true,"href":"https:\/\/the-mad-otter.it\/index.php\/wp-json\/wp\/v2\/users\/1"}],"replies":[{"embeddable":true,"href":"https:\/\/the-mad-otter.it\/index.php\/wp-json\/wp\/v2\/comments?post=633"}],"version-history":[{"count":1,"href":"https:\/\/the-mad-otter.it\/index.php\/wp-json\/wp\/v2\/posts\/633\/revisions"}],"predecessor-version":[{"id":5145,"href":"https:\/\/the-mad-otter.it\/index.php\/wp-json\/wp\/v2\/posts\/633\/revisions\/5145"}],"wp:attachment":[{"href":"https:\/\/the-mad-otter.it\/index.php\/wp-json\/wp\/v2\/media?parent=633"}],"wp:term":[{"taxonomy":"category","embeddable":true,"href":"https:\/\/the-mad-otter.it\/index.php\/wp-json\/wp\/v2\/categories?post=633"},{"taxonomy":"post_tag","embeddable":true,"href":"https:\/\/the-mad-otter.it\/index.php\/wp-json\/wp\/v2\/tags?post=633"}],"curies":[{"name":"wp","href":"https:\/\/api.w.org\/{rel}","templated":true}]}}