{"id":626,"date":"2019-05-31T14:52:00","date_gmt":"2019-05-31T12:52:00","guid":{"rendered":"http:\/\/www.the-mad-otter.it\/index.php\/2019\/05\/31\/blog-tour-la-bambina-senza-cuore-di-emanuela-valentini-la-morte-dal-punto-di-vista-di-un-defunto\/"},"modified":"2019-05-31T14:52:00","modified_gmt":"2019-05-31T12:52:00","slug":"blog-tour-la-bambina-senza-cuore-di-emanuela-valentini-la-morte-dal-punto-di-vista-di-un-defunto","status":"publish","type":"post","link":"https:\/\/the-mad-otter.it\/index.php\/2019\/05\/31\/blog-tour-la-bambina-senza-cuore-di-emanuela-valentini-la-morte-dal-punto-di-vista-di-un-defunto\/","title":{"rendered":"Blog Tour: &#8220;La bambina senza cuore&#8221; di Emanuela Valentini &#8211; La Morte dal punto di vista di un Defunto"},"content":{"rendered":"<div style=\"text-align: justify;\"><\/div>\n<div style=\"text-align: justify;\"><\/div>\n<p><\/p>\n<div style=\"text-align: justify;\"><a href=\"https:\/\/1.bp.blogspot.com\/-XEHhWvXYMVA\/XPEjaKaMOiI\/AAAAAAAAB8k\/NKCX_-5pLnI11lWi1edCZWG9dU4kIiWsACLcBGAs\/s1600\/9788887224542_0_0_626_75.jpg\" style=\"clear: left; float: left; margin-bottom: 1em; margin-right: 1em;\"><img loading=\"lazy\" decoding=\"async\" border=\"0\" data-original-height=\"626\" data-original-width=\"448\" height=\"200\" src=\"https:\/\/1.bp.blogspot.com\/-XEHhWvXYMVA\/XPEjaKaMOiI\/AAAAAAAAB8k\/NKCX_-5pLnI11lWi1edCZWG9dU4kIiWsACLcBGAs\/s200\/9788887224542_0_0_626_75.jpg\" width=\"143\" \/><\/a>\u00c8 davvero complesso spiegare quanto&nbsp;&#8220;La bambina senza cuore&#8221; di Emanuela Valentini significhi per me. Per quella ragazza, poco pi\u00f9 che bambina, sola con le sue passioni, \u00e8 un simbolo di un&#8217;et\u00e0 passata che ancora non l&#8217;abbandona, un&#8217;origine di interessi e sentimenti che l&#8217;ha resa la donna che \u00e8 ora. Potermi immergere di nuovo nella storia di Lola e Nathan mi ha fatto riprovare le stesse identiche emozioni, rinnovate da consapevolezza e maturit\u00e0 maggiori di un tempo. Per me \u00e8 davvero un onore portare sul mio sito un contenuto dedicato all&#8217;opera di Emanuela, a cui auguro tutta la fortuna possibile con questa nuova avventura insieme ad una casa editrice meritevole quale \u00e8 la Watson Edizioni.<\/div>\n<div style=\"text-align: justify;\"><\/div>\n<div style=\"text-align: justify;\">Ebbene, Lola. Spensierata e innocente come chiunque alla sua et\u00e0, strappata precocemente alla vita in un modo macabro e sconosciuto. D&#8217;un tratto, si sveglia nella sua &#8220;scatola&#8221;, la bara allestita per lei da chi ipotizza le volesse bene. Non sente dolore, n\u00e9 caldo o freddo, nonostante il gelo si posi su ogni cosa attorno a lei. Si sente disorientata, ma le basta poco per comprendere di non essere sola. Cos\u00ec, fa la conoscenza del gargoyle Rufus, l&#8217;angelo Bianco e il Poeta, colui che pi\u00f9 degli altri pu\u00f2 comprendere la nuova situazione di Lola: essersi risvegliata dopo la morte, senza pi\u00f9 ricordi a cui aggrapparsi. L&#8217;unica traccia: la macchia rossa di sangue che le ricopre il petto.<\/div>\n<div style=\"text-align: justify;\"><a href=\"https:\/\/1.bp.blogspot.com\/-kQBSPsFQYZA\/XPEjaWHrWMI\/AAAAAAAAB8o\/Co4BaV68mJku3X-N9xr9AEvz_xvCnjRPACLcBGAs\/s1600\/La-bambina-senza-cuore1.png\" style=\"clear: right; float: right; margin-bottom: 1em; margin-left: 1em;\"><img loading=\"lazy\" decoding=\"async\" border=\"0\" data-original-height=\"324\" data-original-width=\"341\" height=\"190\" src=\"https:\/\/1.bp.blogspot.com\/-kQBSPsFQYZA\/XPEjaWHrWMI\/AAAAAAAAB8o\/Co4BaV68mJku3X-N9xr9AEvz_xvCnjRPACLcBGAs\/s200\/La-bambina-senza-cuore1.png\" width=\"200\" \/><\/a><\/div>\n<div style=\"text-align: justify;\"><\/div>\n<div style=\"text-align: justify;\">Lola non ha paura, perch\u00e9 la morte non \u00e8 davvero cos\u00ec spaventosa come sembra per chi non la conosce. Una convinzione si affaccia sempre pi\u00f9: sua mamma torner\u00e0 presto da lei. Perci\u00f2 vive la sua nuova esistenza in sospeso, in un mondo inquietante e incantevole al tempo stesso costituito da altri defunti anche loro in sospeso come lei. Ma lei, al contrario degli altri, \u00e8 ancora corporea, fisica, capace di toccare e interagire con il mondo.&nbsp;<\/div>\n<div style=\"text-align: justify;\"><\/div>\n<div style=\"text-align: justify;\">Ma l&#8217;arrivo di Nathan, cento anni dopo, mette in discussione tutto. La sua carnagione rosea, il sangue ancora in movimento nelle sue vene. Cos\u00ec lontano da ci\u00f2 che lei era diventata. Diverse domande iniziano ad affollarle la mente e un tormento nasce, chiedendole che senso ha quell&#8217;esistenza bloccata nel tempo, privata di un cuore strappatole via ingiustamente. Questo fa pi\u00f9 paura di qualsiasi altra cosa: capire se essere il mostro che tutti dicono che lei sia o semplicemente una bambina che ha subito un torto. O ancora, accettare di essere la figlia di una strega, come la sua tomba recita da un secolo. Si sente dannata e condannata in un limbo invalicabile. <\/div>\n<p><\/p>\n<div style=\"text-align: justify;\">L&#8217;immutabilit\u00e0 rende l&#8217;esistenza inutile, ma Lola cerca sempre di scacciare questi pensieri, dalla sua mente e da quella dei suoi amici. Come a infondere coraggio per qualcosa che non \u00e8 definito, ma che potrebbe palesarsi da un momento all&#8217;altro. Eppure, Lola non riesce a gioire della nuova conoscenza, arrivata con il solo scopo, per lei, di sconvolgere il sottile equilibrio che aveva raggiunto fino a quel momento.<\/div>\n<div style=\"text-align: justify;\"><\/div>\n<div style=\"text-align: justify;\">Forse, la luce della speranza per lei \u00e8 giunta con l&#8217;arrivo del ragazzo, in qualche modo collegata a lei e a ci\u00f2 che le \u00e8 successo, Forse, il momento di scoprire cosa le \u00e8 successo \u00e8 davvero giunto.<\/div>\n<div style=\"text-align: justify;\"><\/div>\n<div style=\"text-align: justify;\"><\/div>\n<div style=\"clear: both; text-align: center;\"><a href=\"https:\/\/1.bp.blogspot.com\/-ntVPnKLfzA4\/XPEjFNeVomI\/AAAAAAAAB8c\/8_NvaPArF2MWRUjbUNc_EBeaXhj6e87eQCLcBGAs\/s1600\/IMG_6660-26-05-19-08-04.JPG\" style=\"margin-left: 1em; margin-right: 1em;\"><img loading=\"lazy\" decoding=\"async\" border=\"0\" data-original-height=\"1402\" data-original-width=\"1600\" height=\"350\" src=\"https:\/\/1.bp.blogspot.com\/-ntVPnKLfzA4\/XPEjFNeVomI\/AAAAAAAAB8c\/8_NvaPArF2MWRUjbUNc_EBeaXhj6e87eQCLcBGAs\/s400\/IMG_6660-26-05-19-08-04.JPG\" width=\"400\" \/><\/a><\/div>\n<div style=\"text-align: justify;\"><\/div>\n<div style=\"text-align: justify;\"><\/div>\n<div style=\"text-align: justify;\"><\/div>\n","protected":false},"excerpt":{"rendered":"<p>\u00c8 davvero complesso spiegare quanto&nbsp;&#8220;La bambina senza cuore&#8221; di Emanuela Valentini significhi per me. Per quella ragazza, poco pi\u00f9 che bambina, sola con le sue passioni, \u00e8 un simbolo di un&#8217;et\u00e0 passata che ancora non l&#8217;abbandona, un&#8217;origine di interessi e sentimenti che l&#8217;ha resa la donna che \u00e8 ora. Potermi immergere di nuovo nella storia [&hellip;]<\/p>\n","protected":false},"author":1,"featured_media":0,"comment_status":"open","ping_status":"open","sticky":false,"template":"","format":"standard","meta":{"footnotes":""},"categories":[14,268,4,269],"tags":[],"class_list":["post-626","post","type-post","status-publish","format-standard","hentry","category-blog-tour","category-emanuela-valentini","category-libri","category-watson-edizioni"],"yoast_head":"<!-- This site is optimized with the Yoast SEO plugin v25.9 - https:\/\/yoast.com\/wordpress\/plugins\/seo\/ -->\n<title>Blog Tour: &quot;La bambina senza cuore&quot; di Emanuela Valentini - La Morte dal punto di vista di un Defunto - The Mad Otter<\/title>\n<meta name=\"robots\" content=\"index, follow, max-snippet:-1, max-image-preview:large, max-video-preview:-1\" \/>\n<link rel=\"canonical\" href=\"https:\/\/the-mad-otter.it\/index.php\/2019\/05\/31\/blog-tour-la-bambina-senza-cuore-di-emanuela-valentini-la-morte-dal-punto-di-vista-di-un-defunto\/\" \/>\n<meta property=\"og:locale\" content=\"it_IT\" \/>\n<meta property=\"og:type\" content=\"article\" \/>\n<meta property=\"og:title\" content=\"Blog Tour: &quot;La bambina senza cuore&quot; di Emanuela Valentini - La Morte dal punto di vista di un Defunto - The Mad Otter\" \/>\n<meta property=\"og:description\" content=\"\u00c8 davvero complesso spiegare quanto&nbsp;&#8220;La bambina senza cuore&#8221; di Emanuela Valentini significhi per me. Per quella ragazza, poco pi\u00f9 che bambina, sola con le sue passioni, \u00e8 un simbolo di un&#8217;et\u00e0 passata che ancora non l&#8217;abbandona, un&#8217;origine di interessi e sentimenti che l&#8217;ha resa la donna che \u00e8 ora. Potermi immergere di nuovo nella storia [&hellip;]\" \/>\n<meta property=\"og:url\" content=\"https:\/\/the-mad-otter.it\/index.php\/2019\/05\/31\/blog-tour-la-bambina-senza-cuore-di-emanuela-valentini-la-morte-dal-punto-di-vista-di-un-defunto\/\" \/>\n<meta property=\"og:site_name\" content=\"The Mad Otter\" \/>\n<meta property=\"article:publisher\" content=\"https:\/\/www.facebook.com\/themadotterblog\" \/>\n<meta property=\"article:published_time\" content=\"2019-05-31T12:52:00+00:00\" \/>\n<meta property=\"og:image\" content=\"https:\/\/1.bp.blogspot.com\/-XEHhWvXYMVA\/XPEjaKaMOiI\/AAAAAAAAB8k\/NKCX_-5pLnI11lWi1edCZWG9dU4kIiWsACLcBGAs\/s200\/9788887224542_0_0_626_75.jpg\" \/>\n<meta name=\"author\" content=\"Tiziana\" \/>\n<meta name=\"twitter:card\" content=\"summary_large_image\" \/>\n<meta name=\"twitter:creator\" content=\"@TheMadOtterBlog\" \/>\n<meta name=\"twitter:site\" content=\"@TheMadOtterBlog\" \/>\n<meta name=\"twitter:label1\" content=\"Scritto da\" \/>\n\t<meta name=\"twitter:data1\" content=\"Tiziana\" \/>\n\t<meta name=\"twitter:label2\" content=\"Tempo di lettura stimato\" \/>\n\t<meta name=\"twitter:data2\" content=\"3 minuti\" \/>\n<script type=\"application\/ld+json\" class=\"yoast-schema-graph\">{\"@context\":\"https:\/\/schema.org\",\"@graph\":[{\"@type\":\"WebPage\",\"@id\":\"https:\/\/the-mad-otter.it\/index.php\/2019\/05\/31\/blog-tour-la-bambina-senza-cuore-di-emanuela-valentini-la-morte-dal-punto-di-vista-di-un-defunto\/\",\"url\":\"https:\/\/the-mad-otter.it\/index.php\/2019\/05\/31\/blog-tour-la-bambina-senza-cuore-di-emanuela-valentini-la-morte-dal-punto-di-vista-di-un-defunto\/\",\"name\":\"Blog Tour: \\\"La bambina senza cuore\\\" di Emanuela Valentini - La Morte dal punto di vista di un Defunto - The Mad Otter\",\"isPartOf\":{\"@id\":\"https:\/\/the-mad-otter.it\/#website\"},\"primaryImageOfPage\":{\"@id\":\"https:\/\/the-mad-otter.it\/index.php\/2019\/05\/31\/blog-tour-la-bambina-senza-cuore-di-emanuela-valentini-la-morte-dal-punto-di-vista-di-un-defunto\/#primaryimage\"},\"image\":{\"@id\":\"https:\/\/the-mad-otter.it\/index.php\/2019\/05\/31\/blog-tour-la-bambina-senza-cuore-di-emanuela-valentini-la-morte-dal-punto-di-vista-di-un-defunto\/#primaryimage\"},\"thumbnailUrl\":\"https:\/\/1.bp.blogspot.com\/-XEHhWvXYMVA\/XPEjaKaMOiI\/AAAAAAAAB8k\/NKCX_-5pLnI11lWi1edCZWG9dU4kIiWsACLcBGAs\/s200\/9788887224542_0_0_626_75.jpg\",\"datePublished\":\"2019-05-31T12:52:00+00:00\",\"author\":{\"@id\":\"https:\/\/the-mad-otter.it\/#\/schema\/person\/c88992abc52fdb12594f56b68f54421a\"},\"breadcrumb\":{\"@id\":\"https:\/\/the-mad-otter.it\/index.php\/2019\/05\/31\/blog-tour-la-bambina-senza-cuore-di-emanuela-valentini-la-morte-dal-punto-di-vista-di-un-defunto\/#breadcrumb\"},\"inLanguage\":\"it-IT\",\"potentialAction\":[{\"@type\":\"ReadAction\",\"target\":[\"https:\/\/the-mad-otter.it\/index.php\/2019\/05\/31\/blog-tour-la-bambina-senza-cuore-di-emanuela-valentini-la-morte-dal-punto-di-vista-di-un-defunto\/\"]}]},{\"@type\":\"ImageObject\",\"inLanguage\":\"it-IT\",\"@id\":\"https:\/\/the-mad-otter.it\/index.php\/2019\/05\/31\/blog-tour-la-bambina-senza-cuore-di-emanuela-valentini-la-morte-dal-punto-di-vista-di-un-defunto\/#primaryimage\",\"url\":\"https:\/\/1.bp.blogspot.com\/-XEHhWvXYMVA\/XPEjaKaMOiI\/AAAAAAAAB8k\/NKCX_-5pLnI11lWi1edCZWG9dU4kIiWsACLcBGAs\/s200\/9788887224542_0_0_626_75.jpg\",\"contentUrl\":\"https:\/\/1.bp.blogspot.com\/-XEHhWvXYMVA\/XPEjaKaMOiI\/AAAAAAAAB8k\/NKCX_-5pLnI11lWi1edCZWG9dU4kIiWsACLcBGAs\/s200\/9788887224542_0_0_626_75.jpg\"},{\"@type\":\"BreadcrumbList\",\"@id\":\"https:\/\/the-mad-otter.it\/index.php\/2019\/05\/31\/blog-tour-la-bambina-senza-cuore-di-emanuela-valentini-la-morte-dal-punto-di-vista-di-un-defunto\/#breadcrumb\",\"itemListElement\":[{\"@type\":\"ListItem\",\"position\":1,\"name\":\"Home\",\"item\":\"https:\/\/the-mad-otter.it\/\"},{\"@type\":\"ListItem\",\"position\":2,\"name\":\"Blog Tour: &#8220;La bambina senza cuore&#8221; di Emanuela Valentini &#8211; La Morte dal punto di vista di un Defunto\"}]},{\"@type\":\"WebSite\",\"@id\":\"https:\/\/the-mad-otter.it\/#website\",\"url\":\"https:\/\/the-mad-otter.it\/\",\"name\":\"The Mad Otter\",\"description\":\"Benvenuti nella tana della lontra.\",\"potentialAction\":[{\"@type\":\"SearchAction\",\"target\":{\"@type\":\"EntryPoint\",\"urlTemplate\":\"https:\/\/the-mad-otter.it\/?s={search_term_string}\"},\"query-input\":{\"@type\":\"PropertyValueSpecification\",\"valueRequired\":true,\"valueName\":\"search_term_string\"}}],\"inLanguage\":\"it-IT\"},{\"@type\":\"Person\",\"@id\":\"https:\/\/the-mad-otter.it\/#\/schema\/person\/c88992abc52fdb12594f56b68f54421a\",\"name\":\"Tiziana\",\"image\":{\"@type\":\"ImageObject\",\"inLanguage\":\"it-IT\",\"@id\":\"https:\/\/the-mad-otter.it\/#\/schema\/person\/image\/\",\"url\":\"https:\/\/secure.gravatar.com\/avatar\/2f1134c8975ffa6363b410d99e9ba1c2b856c22c7c1137ae53547a98d7ff6cf7?s=96&d=mm&r=g\",\"contentUrl\":\"https:\/\/secure.gravatar.com\/avatar\/2f1134c8975ffa6363b410d99e9ba1c2b856c22c7c1137ae53547a98d7ff6cf7?s=96&d=mm&r=g\",\"caption\":\"Tiziana\"},\"url\":\"\"}]}<\/script>\n<!-- \/ Yoast SEO plugin. -->","yoast_head_json":{"title":"Blog Tour: \"La bambina senza cuore\" di Emanuela Valentini - La Morte dal punto di vista di un Defunto - The Mad Otter","robots":{"index":"index","follow":"follow","max-snippet":"max-snippet:-1","max-image-preview":"max-image-preview:large","max-video-preview":"max-video-preview:-1"},"canonical":"https:\/\/the-mad-otter.it\/index.php\/2019\/05\/31\/blog-tour-la-bambina-senza-cuore-di-emanuela-valentini-la-morte-dal-punto-di-vista-di-un-defunto\/","og_locale":"it_IT","og_type":"article","og_title":"Blog Tour: \"La bambina senza cuore\" di Emanuela Valentini - La Morte dal punto di vista di un Defunto - The Mad Otter","og_description":"\u00c8 davvero complesso spiegare quanto&nbsp;&#8220;La bambina senza cuore&#8221; di Emanuela Valentini significhi per me. Per quella ragazza, poco pi\u00f9 che bambina, sola con le sue passioni, \u00e8 un simbolo di un&#8217;et\u00e0 passata che ancora non l&#8217;abbandona, un&#8217;origine di interessi e sentimenti che l&#8217;ha resa la donna che \u00e8 ora. Potermi immergere di nuovo nella storia [&hellip;]","og_url":"https:\/\/the-mad-otter.it\/index.php\/2019\/05\/31\/blog-tour-la-bambina-senza-cuore-di-emanuela-valentini-la-morte-dal-punto-di-vista-di-un-defunto\/","og_site_name":"The Mad Otter","article_publisher":"https:\/\/www.facebook.com\/themadotterblog","article_published_time":"2019-05-31T12:52:00+00:00","og_image":[{"url":"https:\/\/1.bp.blogspot.com\/-XEHhWvXYMVA\/XPEjaKaMOiI\/AAAAAAAAB8k\/NKCX_-5pLnI11lWi1edCZWG9dU4kIiWsACLcBGAs\/s200\/9788887224542_0_0_626_75.jpg","type":"","width":"","height":""}],"author":"Tiziana","twitter_card":"summary_large_image","twitter_creator":"@TheMadOtterBlog","twitter_site":"@TheMadOtterBlog","twitter_misc":{"Scritto da":"Tiziana","Tempo di lettura stimato":"3 minuti"},"schema":{"@context":"https:\/\/schema.org","@graph":[{"@type":"WebPage","@id":"https:\/\/the-mad-otter.it\/index.php\/2019\/05\/31\/blog-tour-la-bambina-senza-cuore-di-emanuela-valentini-la-morte-dal-punto-di-vista-di-un-defunto\/","url":"https:\/\/the-mad-otter.it\/index.php\/2019\/05\/31\/blog-tour-la-bambina-senza-cuore-di-emanuela-valentini-la-morte-dal-punto-di-vista-di-un-defunto\/","name":"Blog Tour: \"La bambina senza cuore\" di Emanuela Valentini - La Morte dal punto di vista di un Defunto - The Mad Otter","isPartOf":{"@id":"https:\/\/the-mad-otter.it\/#website"},"primaryImageOfPage":{"@id":"https:\/\/the-mad-otter.it\/index.php\/2019\/05\/31\/blog-tour-la-bambina-senza-cuore-di-emanuela-valentini-la-morte-dal-punto-di-vista-di-un-defunto\/#primaryimage"},"image":{"@id":"https:\/\/the-mad-otter.it\/index.php\/2019\/05\/31\/blog-tour-la-bambina-senza-cuore-di-emanuela-valentini-la-morte-dal-punto-di-vista-di-un-defunto\/#primaryimage"},"thumbnailUrl":"https:\/\/1.bp.blogspot.com\/-XEHhWvXYMVA\/XPEjaKaMOiI\/AAAAAAAAB8k\/NKCX_-5pLnI11lWi1edCZWG9dU4kIiWsACLcBGAs\/s200\/9788887224542_0_0_626_75.jpg","datePublished":"2019-05-31T12:52:00+00:00","author":{"@id":"https:\/\/the-mad-otter.it\/#\/schema\/person\/c88992abc52fdb12594f56b68f54421a"},"breadcrumb":{"@id":"https:\/\/the-mad-otter.it\/index.php\/2019\/05\/31\/blog-tour-la-bambina-senza-cuore-di-emanuela-valentini-la-morte-dal-punto-di-vista-di-un-defunto\/#breadcrumb"},"inLanguage":"it-IT","potentialAction":[{"@type":"ReadAction","target":["https:\/\/the-mad-otter.it\/index.php\/2019\/05\/31\/blog-tour-la-bambina-senza-cuore-di-emanuela-valentini-la-morte-dal-punto-di-vista-di-un-defunto\/"]}]},{"@type":"ImageObject","inLanguage":"it-IT","@id":"https:\/\/the-mad-otter.it\/index.php\/2019\/05\/31\/blog-tour-la-bambina-senza-cuore-di-emanuela-valentini-la-morte-dal-punto-di-vista-di-un-defunto\/#primaryimage","url":"https:\/\/1.bp.blogspot.com\/-XEHhWvXYMVA\/XPEjaKaMOiI\/AAAAAAAAB8k\/NKCX_-5pLnI11lWi1edCZWG9dU4kIiWsACLcBGAs\/s200\/9788887224542_0_0_626_75.jpg","contentUrl":"https:\/\/1.bp.blogspot.com\/-XEHhWvXYMVA\/XPEjaKaMOiI\/AAAAAAAAB8k\/NKCX_-5pLnI11lWi1edCZWG9dU4kIiWsACLcBGAs\/s200\/9788887224542_0_0_626_75.jpg"},{"@type":"BreadcrumbList","@id":"https:\/\/the-mad-otter.it\/index.php\/2019\/05\/31\/blog-tour-la-bambina-senza-cuore-di-emanuela-valentini-la-morte-dal-punto-di-vista-di-un-defunto\/#breadcrumb","itemListElement":[{"@type":"ListItem","position":1,"name":"Home","item":"https:\/\/the-mad-otter.it\/"},{"@type":"ListItem","position":2,"name":"Blog Tour: &#8220;La bambina senza cuore&#8221; di Emanuela Valentini &#8211; La Morte dal punto di vista di un Defunto"}]},{"@type":"WebSite","@id":"https:\/\/the-mad-otter.it\/#website","url":"https:\/\/the-mad-otter.it\/","name":"The Mad Otter","description":"Benvenuti nella tana della lontra.","potentialAction":[{"@type":"SearchAction","target":{"@type":"EntryPoint","urlTemplate":"https:\/\/the-mad-otter.it\/?s={search_term_string}"},"query-input":{"@type":"PropertyValueSpecification","valueRequired":true,"valueName":"search_term_string"}}],"inLanguage":"it-IT"},{"@type":"Person","@id":"https:\/\/the-mad-otter.it\/#\/schema\/person\/c88992abc52fdb12594f56b68f54421a","name":"Tiziana","image":{"@type":"ImageObject","inLanguage":"it-IT","@id":"https:\/\/the-mad-otter.it\/#\/schema\/person\/image\/","url":"https:\/\/secure.gravatar.com\/avatar\/2f1134c8975ffa6363b410d99e9ba1c2b856c22c7c1137ae53547a98d7ff6cf7?s=96&d=mm&r=g","contentUrl":"https:\/\/secure.gravatar.com\/avatar\/2f1134c8975ffa6363b410d99e9ba1c2b856c22c7c1137ae53547a98d7ff6cf7?s=96&d=mm&r=g","caption":"Tiziana"},"url":""}]}},"_links":{"self":[{"href":"https:\/\/the-mad-otter.it\/index.php\/wp-json\/wp\/v2\/posts\/626","targetHints":{"allow":["GET"]}}],"collection":[{"href":"https:\/\/the-mad-otter.it\/index.php\/wp-json\/wp\/v2\/posts"}],"about":[{"href":"https:\/\/the-mad-otter.it\/index.php\/wp-json\/wp\/v2\/types\/post"}],"author":[{"embeddable":true,"href":"https:\/\/the-mad-otter.it\/index.php\/wp-json\/wp\/v2\/users\/1"}],"replies":[{"embeddable":true,"href":"https:\/\/the-mad-otter.it\/index.php\/wp-json\/wp\/v2\/comments?post=626"}],"version-history":[{"count":0,"href":"https:\/\/the-mad-otter.it\/index.php\/wp-json\/wp\/v2\/posts\/626\/revisions"}],"wp:attachment":[{"href":"https:\/\/the-mad-otter.it\/index.php\/wp-json\/wp\/v2\/media?parent=626"}],"wp:term":[{"taxonomy":"category","embeddable":true,"href":"https:\/\/the-mad-otter.it\/index.php\/wp-json\/wp\/v2\/categories?post=626"},{"taxonomy":"post_tag","embeddable":true,"href":"https:\/\/the-mad-otter.it\/index.php\/wp-json\/wp\/v2\/tags?post=626"}],"curies":[{"name":"wp","href":"https:\/\/api.w.org\/{rel}","templated":true}]}}