{"id":566,"date":"2019-11-05T14:13:00","date_gmt":"2019-11-05T13:13:00","guid":{"rendered":"http:\/\/www.the-mad-otter.it\/index.php\/2019\/11\/05\/review-party-recensione-di-lombra-del-vento-di-carlos-ruiz-zafon\/"},"modified":"2022-03-08T18:31:58","modified_gmt":"2022-03-08T17:31:58","slug":"review-party-recensione-di-lombra-del-vento-di-carlos-ruiz-zafon","status":"publish","type":"post","link":"https:\/\/the-mad-otter.it\/index.php\/2019\/11\/05\/review-party-recensione-di-lombra-del-vento-di-carlos-ruiz-zafon\/","title":{"rendered":"Review Party: Recensione di: &#8220;L&#8217;ombra del vento&#8221; di Carlos Ruiz Zaf\u00f2n"},"content":{"rendered":"<div style=\"text-align: justify;\"><\/div>\n<div style=\"text-align: justify;\"><\/div>\n<div style=\"text-align: justify;\"><span style=\"font-size: large; text-align: justify;\">\u00ab Q<\/span><span style=\"font-size: large;\">uando una biblioteca scompare,\u00a0<\/span><span style=\"font-size: large;\">quando una libreria chiude i battenti, quando un libro\u00a0<\/span><span style=\"font-size: large;\">viene cancellato dall&#8217;oblio, noi, i custodi di questo luogo, facciamo\u00a0<\/span><span style=\"font-size: large;\">in modo che arrivi qui. E qui i libri che pi\u00f9 nessuno ri<\/span><span style=\"font-size: large;\">corda, i libri perduti nel tempo, vivono per sempre, in attesa\u00a0<\/span><span style=\"font-size: large;\">del giorno in cui potranno tornare nelle mani di un nuovo lettore,\u00a0<\/span><span style=\"font-size: large;\">di un nuovo spirito. Noi li vendiamo e li compriamo, ma\u00a0<\/span><span style=\"font-size: large;\">in realt\u00e0 i libri non ci appartengono mai. Ognuno di questi libri\u00a0<\/span><span style=\"font-size: large;\">\u00e8 stato il miglior amico di qualcuno.\u00a0<\/span><span style=\"font-size: large; text-align: justify;\">\u00bb<\/span><\/div>\n<div style=\"text-align: justify;\"><span style=\"font-size: large; text-align: justify;\">\u00a0<\/span><\/div>\n<div style=\"text-align: justify;\"><a style=\"clear: left; float: left; margin-bottom: 1em; margin-right: 1em;\" href=\"https:\/\/1.bp.blogspot.com\/-fqEduANl6Uo\/XcFmr7b9b3I\/AAAAAAAACUw\/i2WhAgbn9Lk--06tzn_6dvdK_YVj_EUEACLcBGAsYHQ\/s1600\/9788804719069_0_221_0_75.jpg\"><img loading=\"lazy\" decoding=\"async\" src=\"https:\/\/1.bp.blogspot.com\/-fqEduANl6Uo\/XcFmr7b9b3I\/AAAAAAAACUw\/i2WhAgbn9Lk--06tzn_6dvdK_YVj_EUEACLcBGAsYHQ\/s200\/9788804719069_0_221_0_75.jpg\" width=\"138\" height=\"200\" border=\"0\" data-original-height=\"318\" data-original-width=\"221\" \/><\/a><\/div>\n<div style=\"text-align: justify;\">Il giorno in cui il suo pap\u00e0 porta Daniel presso il Cimitero dei Libri Dimenticati, per il bambino rappresenta un momento di svolta, molto significativo per la sua esistenza.\u00a0\u00c8 cos\u00ec che ha inizio la sua lunga storia d&#8217;amore con i libri e la lettura, sviluppando la curiosit\u00e0 di scoprire i meandri di quel luogo in cui tutte quelle opere che vengono abbandonate all&#8217;oblio vengono in qualche modo preservate. In quest&#8217;occasione, il bambino porta via con s\u00e9 un misterioso libro: &#8220;L&#8217;ombra del vento&#8221; di Julian Carax. Da qui scatta il viaggio pi\u00f9 straordinario di Daniel, a cavallo tra realt\u00e0 e finzione per scoprire la storia dell&#8217;autore e il destino dei suoi romanzi. Quali oscuri segreti nasconde Barcellona?<\/div>\n<div><\/div>\n<p><!--more--><\/p>\n<div style=\"text-align: justify;\"><\/div>\n<div style=\"text-align: justify;\">Chi ha conosciuto la me adolescente, sa quanto i libri di Zaf\u00f2n abbiano significato per me. Anche solo appoggiare lo sguardo sulle copertine e accarezzarne i dorsi, mi fa tornare indietro nel tempo e mi fa provare le emozioni date dal suggestivo stile di scrittura dell&#8217;autore. I ricordi ad essi legati sono tanti e cos\u00ec lontani da quella me stessa che probabilmente sapeva sognare meglio di quanto riesca a fare ora. Carlos Ruiz Zaf\u00f2n \u00e8 un autore necessario nella mia vita di lettrice, perch\u00e9 sa come distrarmi dalla monotonia della quotidianit\u00e0 facendomi vivere in mondi che non potrei mai immaginare da sola.<\/div>\n<div style=\"text-align: justify;\"><\/div>\n<div style=\"text-align: justify;\">Zaf\u00f2n \u00e8 un maestro della scrittura: con periodi concisi e chiari, sa come inglobare il lettore nelle sue storie ed emozionarli in modo cos\u00ec intenso da lasciare un segno. Inquietudine e gioia si intrecciano attraverso un&#8217;ambientazione cupa e gotica, quasi maledetta, ma dannatamente suggestiva e affascinante. Non solo la citt\u00e0 spagnola \u00e8 il contorno, ma diviene parte integrante della storia: si lascia scoprire pagina dopo pagina, mantenendo comunque il controllo su ci\u00f2 che \u00e8 giusto svelare in quel momento e cosa no.<\/div>\n<div style=\"text-align: justify;\"><\/div>\n<div style=\"text-align: justify;\">&#8220;L&#8217;ombra del vento&#8221; \u00e8 un romanzo consigliato a tutti, perch\u00e9 \u00e8 cos\u00ec meritevole di essere letto che nessuno pu\u00f2 esimersi. Alla fine si esce da quel mondo con un senso di appagamento totale, che non permette subito di dedicarsi ad altro, ma ha bisogno di depositarsi lentamente nel cuore di chi l&#8217;ha letto.<\/div>\n<div style=\"text-align: justify;\"><\/div>\n<div style=\"text-align: justify;\">La nuova edizione proposta dalla Mondadori arricchisce l&#8217;esperienza con immagini d&#8217;epoca e uno stile grafico che ricorda i tomi antichi consumati dal tempo. Una meraviglia per gli occhi che non pu\u00f2 non lasciare a bocca aperta!<\/div>\n<div style=\"text-align: justify;\"><\/div>\n<div style=\"text-align: justify;\"><\/div>\n<div style=\"clear: both; text-align: center;\"><a style=\"margin-left: 1em; margin-right: 1em;\" href=\"https:\/\/1.bp.blogspot.com\/-YFVmc2zXL9w\/XcFmsPKjjBI\/AAAAAAAACU0\/xf9orkkJnH0GxDaxbTcnZ0ZcirFjREsIQCLcBGAsYHQ\/s1600\/74443207_864582337270893_2703781139461439488_n.jpg\"><img loading=\"lazy\" decoding=\"async\" src=\"https:\/\/1.bp.blogspot.com\/-YFVmc2zXL9w\/XcFmsPKjjBI\/AAAAAAAACU0\/xf9orkkJnH0GxDaxbTcnZ0ZcirFjREsIQCLcBGAsYHQ\/s400\/74443207_864582337270893_2703781139461439488_n.jpg\" width=\"400\" height=\"256\" border=\"0\" data-original-height=\"616\" data-original-width=\"960\" \/><\/a><\/div>\n<div style=\"text-align: justify;\"><\/div>\n","protected":false},"excerpt":{"rendered":"<p>\u00ab Quando una biblioteca scompare,\u00a0quando una libreria chiude i battenti, quando un libro\u00a0viene cancellato dall&#8217;oblio, noi, i custodi di questo luogo, facciamo\u00a0in modo che arrivi qui. E qui i libri che pi\u00f9 nessuno ricorda, i libri perduti nel tempo, vivono per sempre, in attesa\u00a0del giorno in cui potranno tornare nelle mani di un nuovo lettore,\u00a0di [&hellip;]<\/p>\n","protected":false},"author":1,"featured_media":0,"comment_status":"open","ping_status":"open","sticky":false,"template":"","format":"standard","meta":{"footnotes":""},"categories":[242,4,35,403,3,6],"tags":[346,341],"class_list":["post-566","post","type-post","status-publish","format-standard","hentry","category-carlos-ruiz-zafon","category-libri","category-mondadori","category-oscar-vault","category-recensioni","category-review-party","tag-libri","tag-recensione"],"yoast_head":"<!-- This site is optimized with the Yoast SEO plugin v25.9 - https:\/\/yoast.com\/wordpress\/plugins\/seo\/ -->\n<title>Review Party: Recensione di: &quot;L&#039;ombra del vento&quot; di Carlos Ruiz Zaf\u00f2n - The Mad Otter<\/title>\n<meta name=\"robots\" content=\"index, follow, max-snippet:-1, max-image-preview:large, max-video-preview:-1\" \/>\n<link rel=\"canonical\" href=\"https:\/\/the-mad-otter.it\/index.php\/2019\/11\/05\/review-party-recensione-di-lombra-del-vento-di-carlos-ruiz-zafon\/\" \/>\n<meta property=\"og:locale\" content=\"it_IT\" \/>\n<meta property=\"og:type\" content=\"article\" \/>\n<meta property=\"og:title\" content=\"Review Party: Recensione di: &quot;L&#039;ombra del vento&quot; di Carlos Ruiz Zaf\u00f2n - The Mad Otter\" \/>\n<meta property=\"og:description\" content=\"\u00ab Quando una biblioteca scompare,\u00a0quando una libreria chiude i battenti, quando un libro\u00a0viene cancellato dall&#8217;oblio, noi, i custodi di questo luogo, facciamo\u00a0in modo che arrivi qui. E qui i libri che pi\u00f9 nessuno ricorda, i libri perduti nel tempo, vivono per sempre, in attesa\u00a0del giorno in cui potranno tornare nelle mani di un nuovo lettore,\u00a0di [&hellip;]\" \/>\n<meta property=\"og:url\" content=\"https:\/\/the-mad-otter.it\/index.php\/2019\/11\/05\/review-party-recensione-di-lombra-del-vento-di-carlos-ruiz-zafon\/\" \/>\n<meta property=\"og:site_name\" content=\"The Mad Otter\" \/>\n<meta property=\"article:publisher\" content=\"https:\/\/www.facebook.com\/themadotterblog\" \/>\n<meta property=\"article:published_time\" content=\"2019-11-05T13:13:00+00:00\" \/>\n<meta property=\"article:modified_time\" content=\"2022-03-08T17:31:58+00:00\" \/>\n<meta property=\"og:image\" content=\"https:\/\/1.bp.blogspot.com\/-fqEduANl6Uo\/XcFmr7b9b3I\/AAAAAAAACUw\/i2WhAgbn9Lk--06tzn_6dvdK_YVj_EUEACLcBGAsYHQ\/s200\/9788804719069_0_221_0_75.jpg\" \/>\n<meta name=\"author\" content=\"Tiziana\" \/>\n<meta name=\"twitter:card\" content=\"summary_large_image\" \/>\n<meta name=\"twitter:creator\" content=\"@TheMadOtterBlog\" \/>\n<meta name=\"twitter:site\" content=\"@TheMadOtterBlog\" \/>\n<meta name=\"twitter:label1\" content=\"Scritto da\" \/>\n\t<meta name=\"twitter:data1\" content=\"Tiziana\" \/>\n\t<meta name=\"twitter:label2\" content=\"Tempo di lettura stimato\" \/>\n\t<meta name=\"twitter:data2\" content=\"2 minuti\" \/>\n<script type=\"application\/ld+json\" class=\"yoast-schema-graph\">{\"@context\":\"https:\/\/schema.org\",\"@graph\":[{\"@type\":\"WebPage\",\"@id\":\"https:\/\/the-mad-otter.it\/index.php\/2019\/11\/05\/review-party-recensione-di-lombra-del-vento-di-carlos-ruiz-zafon\/\",\"url\":\"https:\/\/the-mad-otter.it\/index.php\/2019\/11\/05\/review-party-recensione-di-lombra-del-vento-di-carlos-ruiz-zafon\/\",\"name\":\"Review Party: Recensione di: \\\"L'ombra del vento\\\" di Carlos Ruiz Zaf\u00f2n - The Mad Otter\",\"isPartOf\":{\"@id\":\"https:\/\/the-mad-otter.it\/#website\"},\"primaryImageOfPage\":{\"@id\":\"https:\/\/the-mad-otter.it\/index.php\/2019\/11\/05\/review-party-recensione-di-lombra-del-vento-di-carlos-ruiz-zafon\/#primaryimage\"},\"image\":{\"@id\":\"https:\/\/the-mad-otter.it\/index.php\/2019\/11\/05\/review-party-recensione-di-lombra-del-vento-di-carlos-ruiz-zafon\/#primaryimage\"},\"thumbnailUrl\":\"https:\/\/1.bp.blogspot.com\/-fqEduANl6Uo\/XcFmr7b9b3I\/AAAAAAAACUw\/i2WhAgbn9Lk--06tzn_6dvdK_YVj_EUEACLcBGAsYHQ\/s200\/9788804719069_0_221_0_75.jpg\",\"datePublished\":\"2019-11-05T13:13:00+00:00\",\"dateModified\":\"2022-03-08T17:31:58+00:00\",\"author\":{\"@id\":\"https:\/\/the-mad-otter.it\/#\/schema\/person\/c88992abc52fdb12594f56b68f54421a\"},\"breadcrumb\":{\"@id\":\"https:\/\/the-mad-otter.it\/index.php\/2019\/11\/05\/review-party-recensione-di-lombra-del-vento-di-carlos-ruiz-zafon\/#breadcrumb\"},\"inLanguage\":\"it-IT\",\"potentialAction\":[{\"@type\":\"ReadAction\",\"target\":[\"https:\/\/the-mad-otter.it\/index.php\/2019\/11\/05\/review-party-recensione-di-lombra-del-vento-di-carlos-ruiz-zafon\/\"]}]},{\"@type\":\"ImageObject\",\"inLanguage\":\"it-IT\",\"@id\":\"https:\/\/the-mad-otter.it\/index.php\/2019\/11\/05\/review-party-recensione-di-lombra-del-vento-di-carlos-ruiz-zafon\/#primaryimage\",\"url\":\"https:\/\/1.bp.blogspot.com\/-fqEduANl6Uo\/XcFmr7b9b3I\/AAAAAAAACUw\/i2WhAgbn9Lk--06tzn_6dvdK_YVj_EUEACLcBGAsYHQ\/s200\/9788804719069_0_221_0_75.jpg\",\"contentUrl\":\"https:\/\/1.bp.blogspot.com\/-fqEduANl6Uo\/XcFmr7b9b3I\/AAAAAAAACUw\/i2WhAgbn9Lk--06tzn_6dvdK_YVj_EUEACLcBGAsYHQ\/s200\/9788804719069_0_221_0_75.jpg\"},{\"@type\":\"BreadcrumbList\",\"@id\":\"https:\/\/the-mad-otter.it\/index.php\/2019\/11\/05\/review-party-recensione-di-lombra-del-vento-di-carlos-ruiz-zafon\/#breadcrumb\",\"itemListElement\":[{\"@type\":\"ListItem\",\"position\":1,\"name\":\"Home\",\"item\":\"https:\/\/the-mad-otter.it\/\"},{\"@type\":\"ListItem\",\"position\":2,\"name\":\"Review Party: Recensione di: &#8220;L&#8217;ombra del vento&#8221; di Carlos Ruiz Zaf\u00f2n\"}]},{\"@type\":\"WebSite\",\"@id\":\"https:\/\/the-mad-otter.it\/#website\",\"url\":\"https:\/\/the-mad-otter.it\/\",\"name\":\"The Mad Otter\",\"description\":\"Benvenuti nella tana della lontra.\",\"potentialAction\":[{\"@type\":\"SearchAction\",\"target\":{\"@type\":\"EntryPoint\",\"urlTemplate\":\"https:\/\/the-mad-otter.it\/?s={search_term_string}\"},\"query-input\":{\"@type\":\"PropertyValueSpecification\",\"valueRequired\":true,\"valueName\":\"search_term_string\"}}],\"inLanguage\":\"it-IT\"},{\"@type\":\"Person\",\"@id\":\"https:\/\/the-mad-otter.it\/#\/schema\/person\/c88992abc52fdb12594f56b68f54421a\",\"name\":\"Tiziana\",\"image\":{\"@type\":\"ImageObject\",\"inLanguage\":\"it-IT\",\"@id\":\"https:\/\/the-mad-otter.it\/#\/schema\/person\/image\/\",\"url\":\"https:\/\/secure.gravatar.com\/avatar\/2f1134c8975ffa6363b410d99e9ba1c2b856c22c7c1137ae53547a98d7ff6cf7?s=96&d=mm&r=g\",\"contentUrl\":\"https:\/\/secure.gravatar.com\/avatar\/2f1134c8975ffa6363b410d99e9ba1c2b856c22c7c1137ae53547a98d7ff6cf7?s=96&d=mm&r=g\",\"caption\":\"Tiziana\"},\"url\":\"\"}]}<\/script>\n<!-- \/ Yoast SEO plugin. -->","yoast_head_json":{"title":"Review Party: Recensione di: \"L'ombra del vento\" di Carlos Ruiz Zaf\u00f2n - The Mad Otter","robots":{"index":"index","follow":"follow","max-snippet":"max-snippet:-1","max-image-preview":"max-image-preview:large","max-video-preview":"max-video-preview:-1"},"canonical":"https:\/\/the-mad-otter.it\/index.php\/2019\/11\/05\/review-party-recensione-di-lombra-del-vento-di-carlos-ruiz-zafon\/","og_locale":"it_IT","og_type":"article","og_title":"Review Party: Recensione di: \"L'ombra del vento\" di Carlos Ruiz Zaf\u00f2n - The Mad Otter","og_description":"\u00ab Quando una biblioteca scompare,\u00a0quando una libreria chiude i battenti, quando un libro\u00a0viene cancellato dall&#8217;oblio, noi, i custodi di questo luogo, facciamo\u00a0in modo che arrivi qui. E qui i libri che pi\u00f9 nessuno ricorda, i libri perduti nel tempo, vivono per sempre, in attesa\u00a0del giorno in cui potranno tornare nelle mani di un nuovo lettore,\u00a0di [&hellip;]","og_url":"https:\/\/the-mad-otter.it\/index.php\/2019\/11\/05\/review-party-recensione-di-lombra-del-vento-di-carlos-ruiz-zafon\/","og_site_name":"The Mad Otter","article_publisher":"https:\/\/www.facebook.com\/themadotterblog","article_published_time":"2019-11-05T13:13:00+00:00","article_modified_time":"2022-03-08T17:31:58+00:00","og_image":[{"url":"https:\/\/1.bp.blogspot.com\/-fqEduANl6Uo\/XcFmr7b9b3I\/AAAAAAAACUw\/i2WhAgbn9Lk--06tzn_6dvdK_YVj_EUEACLcBGAsYHQ\/s200\/9788804719069_0_221_0_75.jpg","type":"","width":"","height":""}],"author":"Tiziana","twitter_card":"summary_large_image","twitter_creator":"@TheMadOtterBlog","twitter_site":"@TheMadOtterBlog","twitter_misc":{"Scritto da":"Tiziana","Tempo di lettura stimato":"2 minuti"},"schema":{"@context":"https:\/\/schema.org","@graph":[{"@type":"WebPage","@id":"https:\/\/the-mad-otter.it\/index.php\/2019\/11\/05\/review-party-recensione-di-lombra-del-vento-di-carlos-ruiz-zafon\/","url":"https:\/\/the-mad-otter.it\/index.php\/2019\/11\/05\/review-party-recensione-di-lombra-del-vento-di-carlos-ruiz-zafon\/","name":"Review Party: Recensione di: \"L'ombra del vento\" di Carlos Ruiz Zaf\u00f2n - The Mad Otter","isPartOf":{"@id":"https:\/\/the-mad-otter.it\/#website"},"primaryImageOfPage":{"@id":"https:\/\/the-mad-otter.it\/index.php\/2019\/11\/05\/review-party-recensione-di-lombra-del-vento-di-carlos-ruiz-zafon\/#primaryimage"},"image":{"@id":"https:\/\/the-mad-otter.it\/index.php\/2019\/11\/05\/review-party-recensione-di-lombra-del-vento-di-carlos-ruiz-zafon\/#primaryimage"},"thumbnailUrl":"https:\/\/1.bp.blogspot.com\/-fqEduANl6Uo\/XcFmr7b9b3I\/AAAAAAAACUw\/i2WhAgbn9Lk--06tzn_6dvdK_YVj_EUEACLcBGAsYHQ\/s200\/9788804719069_0_221_0_75.jpg","datePublished":"2019-11-05T13:13:00+00:00","dateModified":"2022-03-08T17:31:58+00:00","author":{"@id":"https:\/\/the-mad-otter.it\/#\/schema\/person\/c88992abc52fdb12594f56b68f54421a"},"breadcrumb":{"@id":"https:\/\/the-mad-otter.it\/index.php\/2019\/11\/05\/review-party-recensione-di-lombra-del-vento-di-carlos-ruiz-zafon\/#breadcrumb"},"inLanguage":"it-IT","potentialAction":[{"@type":"ReadAction","target":["https:\/\/the-mad-otter.it\/index.php\/2019\/11\/05\/review-party-recensione-di-lombra-del-vento-di-carlos-ruiz-zafon\/"]}]},{"@type":"ImageObject","inLanguage":"it-IT","@id":"https:\/\/the-mad-otter.it\/index.php\/2019\/11\/05\/review-party-recensione-di-lombra-del-vento-di-carlos-ruiz-zafon\/#primaryimage","url":"https:\/\/1.bp.blogspot.com\/-fqEduANl6Uo\/XcFmr7b9b3I\/AAAAAAAACUw\/i2WhAgbn9Lk--06tzn_6dvdK_YVj_EUEACLcBGAsYHQ\/s200\/9788804719069_0_221_0_75.jpg","contentUrl":"https:\/\/1.bp.blogspot.com\/-fqEduANl6Uo\/XcFmr7b9b3I\/AAAAAAAACUw\/i2WhAgbn9Lk--06tzn_6dvdK_YVj_EUEACLcBGAsYHQ\/s200\/9788804719069_0_221_0_75.jpg"},{"@type":"BreadcrumbList","@id":"https:\/\/the-mad-otter.it\/index.php\/2019\/11\/05\/review-party-recensione-di-lombra-del-vento-di-carlos-ruiz-zafon\/#breadcrumb","itemListElement":[{"@type":"ListItem","position":1,"name":"Home","item":"https:\/\/the-mad-otter.it\/"},{"@type":"ListItem","position":2,"name":"Review Party: Recensione di: &#8220;L&#8217;ombra del vento&#8221; di Carlos Ruiz Zaf\u00f2n"}]},{"@type":"WebSite","@id":"https:\/\/the-mad-otter.it\/#website","url":"https:\/\/the-mad-otter.it\/","name":"The Mad Otter","description":"Benvenuti nella tana della lontra.","potentialAction":[{"@type":"SearchAction","target":{"@type":"EntryPoint","urlTemplate":"https:\/\/the-mad-otter.it\/?s={search_term_string}"},"query-input":{"@type":"PropertyValueSpecification","valueRequired":true,"valueName":"search_term_string"}}],"inLanguage":"it-IT"},{"@type":"Person","@id":"https:\/\/the-mad-otter.it\/#\/schema\/person\/c88992abc52fdb12594f56b68f54421a","name":"Tiziana","image":{"@type":"ImageObject","inLanguage":"it-IT","@id":"https:\/\/the-mad-otter.it\/#\/schema\/person\/image\/","url":"https:\/\/secure.gravatar.com\/avatar\/2f1134c8975ffa6363b410d99e9ba1c2b856c22c7c1137ae53547a98d7ff6cf7?s=96&d=mm&r=g","contentUrl":"https:\/\/secure.gravatar.com\/avatar\/2f1134c8975ffa6363b410d99e9ba1c2b856c22c7c1137ae53547a98d7ff6cf7?s=96&d=mm&r=g","caption":"Tiziana"},"url":""}]}},"_links":{"self":[{"href":"https:\/\/the-mad-otter.it\/index.php\/wp-json\/wp\/v2\/posts\/566","targetHints":{"allow":["GET"]}}],"collection":[{"href":"https:\/\/the-mad-otter.it\/index.php\/wp-json\/wp\/v2\/posts"}],"about":[{"href":"https:\/\/the-mad-otter.it\/index.php\/wp-json\/wp\/v2\/types\/post"}],"author":[{"embeddable":true,"href":"https:\/\/the-mad-otter.it\/index.php\/wp-json\/wp\/v2\/users\/1"}],"replies":[{"embeddable":true,"href":"https:\/\/the-mad-otter.it\/index.php\/wp-json\/wp\/v2\/comments?post=566"}],"version-history":[{"count":1,"href":"https:\/\/the-mad-otter.it\/index.php\/wp-json\/wp\/v2\/posts\/566\/revisions"}],"predecessor-version":[{"id":5106,"href":"https:\/\/the-mad-otter.it\/index.php\/wp-json\/wp\/v2\/posts\/566\/revisions\/5106"}],"wp:attachment":[{"href":"https:\/\/the-mad-otter.it\/index.php\/wp-json\/wp\/v2\/media?parent=566"}],"wp:term":[{"taxonomy":"category","embeddable":true,"href":"https:\/\/the-mad-otter.it\/index.php\/wp-json\/wp\/v2\/categories?post=566"},{"taxonomy":"post_tag","embeddable":true,"href":"https:\/\/the-mad-otter.it\/index.php\/wp-json\/wp\/v2\/tags?post=566"}],"curies":[{"name":"wp","href":"https:\/\/api.w.org\/{rel}","templated":true}]}}