{"id":551,"date":"2019-11-26T14:56:00","date_gmt":"2019-11-26T13:56:00","guid":{"rendered":"http:\/\/www.the-mad-otter.it\/index.php\/2019\/11\/26\/review-party-recensione-di-il-nome-del-vento-di-patrick-rothfuss\/"},"modified":"2022-03-08T18:41:11","modified_gmt":"2022-03-08T17:41:11","slug":"review-party-recensione-di-il-nome-del-vento-di-patrick-rothfuss","status":"publish","type":"post","link":"https:\/\/the-mad-otter.it\/index.php\/2019\/11\/26\/review-party-recensione-di-il-nome-del-vento-di-patrick-rothfuss\/","title":{"rendered":"Review Party: Recensione di &#8220;Il nome del vento&#8221; di Patrick Rothfuss"},"content":{"rendered":"<div style=\"text-align: justify;\"><\/div>\n<div style=\"text-align: justify;\"><\/div>\n<div style=\"text-align: justify;\"><span style=\"font-size: large; text-align: justify;\">\u00ab\u00a0<\/span><span style=\"font-size: large;\">Il suono che fece fu come un sogno che muore, e mi provoc\u00f2 lo stesso tremendo, ansante dolore al petto.\u00a0<\/span><span style=\"font-size: large;\">\u00bb<\/span><\/div>\n<div style=\"text-align: justify;\"><span style=\"font-size: large;\">\u00a0<\/span><\/div>\n<div style=\"text-align: justify;\"><a style=\"clear: left; float: left; margin-bottom: 1em; margin-right: 1em;\" href=\"https:\/\/1.bp.blogspot.com\/-02qkxpIVeQU\/Xd0gGYVmxGI\/AAAAAAAACaI\/lfbUJARJA8QWkO0QNl0MV1TG-VkAQvzWwCLcBGAsYHQ\/s1600\/72750771_868951176834009_2899373778322587648_n.jpg\"><img loading=\"lazy\" decoding=\"async\" src=\"https:\/\/1.bp.blogspot.com\/-02qkxpIVeQU\/Xd0gGYVmxGI\/AAAAAAAACaI\/lfbUJARJA8QWkO0QNl0MV1TG-VkAQvzWwCLcBGAsYHQ\/s200\/72750771_868951176834009_2899373778322587648_n.jpg\" width=\"138\" height=\"200\" border=\"0\" data-original-height=\"960\" data-original-width=\"664\" \/><\/a>All&#8217;interno della locanda della Pietra Miliare ha inizio una tra le pi\u00f9 epiche delle avventure. Quella del prode Kvothe, conosciuto per le scorribande passate e leggendarie imprese, che ora si appresta a narrare soffermandosi con ordine su come si compone il suo passato e la sua fama.E cos\u00ec si delinea la figura di un grande arcanista, esperto consigliere, abile assassino&#8230; e molto, molto altro.<\/p>\n<p>C&#8217;\u00e8 un non so che di poetico ed evocativo nella prosa maniacalmente accurata di Patrick Rothfuss. Questa sua cura al dettaglio e alla continua ricerca della parola pi\u00f9 appropriata hanno portato l&#8217;autore a diventare uno tra i pi\u00f9 grandi del genere fantasy Sword and Sorcery.<\/p>\n<p>Nelle Cronache dell&#8217;Assassino del Re non troverete solo epiche battaglie e azione sconfinata. Ma anche la tranquillit\u00e0 data dal silenzio, attimi di divertimento puro, tensione per la morte, speranza per la vita. Il mistero \u00e8 una parte fondamentale del libro, che a cavallo tra passato e presente rivela gradualmente ci\u00f2 che compone Kvothe e i suoi compagni di avventure, in una travolgente storia tremendamente interessante ad ogni capitolo.<\/p>\n<p>I dettagli del mondo dati dalla costruzione di suggestivi luoghi, popoli, lingue e magia; l&#8217;unione di storia, chimica, religione, mito, musica e poesia. Tutto contribuisce ad un&#8217;ambientazione fantastica, credibile e soprattutto studiata.<\/p>\n<p>&#8220;Il nome del vento&#8221; \u00e8 una lettura imprescindibile per conoscere le origini del fantasy e per entrare in contatto con una scrittura che stupisce ogni volta come se fosse la prima. In essa \u00e8 racchiuso tutto l&#8217;amore che Rothfuss prova per il suo lavoro, per il suo mondo e i suoi personaggi. Forse \u00e8 anche per questo che il terzo capitolo della saga tarda cos\u00ec tanto ad arrivare.<\/p>\n<p>Ma questo in un certo senso \u00e8 positivo, perch\u00e9 tutti hanno cos\u00ec la possibilit\u00e0 di recuperare le meravigliosa nuova edizione stampata dalla Mondadori in tempo per saperne di pi\u00f9 sul destino di Kvothe e di tutta la civilt\u00e0.<\/p>\n<div style=\"clear: both; text-align: center;\"><a style=\"margin-left: 1em; margin-right: 1em;\" href=\"https:\/\/1.bp.blogspot.com\/-09_eEcP6uHM\/Xd0gGa3zKVI\/AAAAAAAACaM\/V-kHnAzmYjMT9ItK0fLpc8I7ifXVLdIdACLcBGAsYHQ\/s1600\/75126705_874582049604255_3874057653428682752_n.jpg\"><img loading=\"lazy\" decoding=\"async\" src=\"https:\/\/1.bp.blogspot.com\/-09_eEcP6uHM\/Xd0gGa3zKVI\/AAAAAAAACaM\/V-kHnAzmYjMT9ItK0fLpc8I7ifXVLdIdACLcBGAsYHQ\/s400\/75126705_874582049604255_3874057653428682752_n.jpg\" width=\"400\" height=\"215\" border=\"0\" data-original-height=\"518\" data-original-width=\"960\" \/><\/a><\/div>\n<\/div>\n","protected":false},"excerpt":{"rendered":"<p>\u00ab\u00a0Il suono che fece fu come un sogno che muore, e mi provoc\u00f2 lo stesso tremendo, ansante dolore al petto.\u00a0\u00bb \u00a0 All&#8217;interno della locanda della Pietra Miliare ha inizio una tra le pi\u00f9 epiche delle avventure. Quella del prode Kvothe, conosciuto per le scorribande passate e leggendarie imprese, che ora si appresta a narrare soffermandosi [&hellip;]<\/p>\n","protected":false},"author":1,"featured_media":0,"comment_status":"open","ping_status":"open","sticky":false,"template":"","format":"standard","meta":{"footnotes":""},"categories":[4,35,403,237,3,6],"tags":[346,341],"class_list":["post-551","post","type-post","status-publish","format-standard","hentry","category-libri","category-mondadori","category-oscar-vault","category-patrick-rothfuss","category-recensioni","category-review-party","tag-libri","tag-recensione"],"yoast_head":"<!-- This site is optimized with the Yoast SEO plugin v25.9 - https:\/\/yoast.com\/wordpress\/plugins\/seo\/ -->\n<title>Review Party: Recensione di &quot;Il nome del vento&quot; di Patrick Rothfuss - The Mad Otter<\/title>\n<meta name=\"robots\" content=\"index, follow, max-snippet:-1, max-image-preview:large, max-video-preview:-1\" \/>\n<link rel=\"canonical\" href=\"https:\/\/the-mad-otter.it\/index.php\/2019\/11\/26\/review-party-recensione-di-il-nome-del-vento-di-patrick-rothfuss\/\" \/>\n<meta property=\"og:locale\" content=\"it_IT\" \/>\n<meta property=\"og:type\" content=\"article\" \/>\n<meta property=\"og:title\" content=\"Review Party: Recensione di &quot;Il nome del vento&quot; di Patrick Rothfuss - The Mad Otter\" \/>\n<meta property=\"og:description\" content=\"\u00ab\u00a0Il suono che fece fu come un sogno che muore, e mi provoc\u00f2 lo stesso tremendo, ansante dolore al petto.\u00a0\u00bb \u00a0 All&#8217;interno della locanda della Pietra Miliare ha inizio una tra le pi\u00f9 epiche delle avventure. Quella del prode Kvothe, conosciuto per le scorribande passate e leggendarie imprese, che ora si appresta a narrare soffermandosi [&hellip;]\" \/>\n<meta property=\"og:url\" content=\"https:\/\/the-mad-otter.it\/index.php\/2019\/11\/26\/review-party-recensione-di-il-nome-del-vento-di-patrick-rothfuss\/\" \/>\n<meta property=\"og:site_name\" content=\"The Mad Otter\" \/>\n<meta property=\"article:publisher\" content=\"https:\/\/www.facebook.com\/themadotterblog\" \/>\n<meta property=\"article:published_time\" content=\"2019-11-26T13:56:00+00:00\" \/>\n<meta property=\"article:modified_time\" content=\"2022-03-08T17:41:11+00:00\" \/>\n<meta property=\"og:image\" content=\"https:\/\/1.bp.blogspot.com\/-02qkxpIVeQU\/Xd0gGYVmxGI\/AAAAAAAACaI\/lfbUJARJA8QWkO0QNl0MV1TG-VkAQvzWwCLcBGAsYHQ\/s200\/72750771_868951176834009_2899373778322587648_n.jpg\" \/>\n<meta name=\"author\" content=\"Tiziana\" \/>\n<meta name=\"twitter:card\" content=\"summary_large_image\" \/>\n<meta name=\"twitter:creator\" content=\"@TheMadOtterBlog\" \/>\n<meta name=\"twitter:site\" content=\"@TheMadOtterBlog\" \/>\n<meta name=\"twitter:label1\" content=\"Scritto da\" \/>\n\t<meta name=\"twitter:data1\" content=\"Tiziana\" \/>\n\t<meta name=\"twitter:label2\" content=\"Tempo di lettura stimato\" \/>\n\t<meta name=\"twitter:data2\" content=\"2 minuti\" \/>\n<script type=\"application\/ld+json\" class=\"yoast-schema-graph\">{\"@context\":\"https:\/\/schema.org\",\"@graph\":[{\"@type\":\"WebPage\",\"@id\":\"https:\/\/the-mad-otter.it\/index.php\/2019\/11\/26\/review-party-recensione-di-il-nome-del-vento-di-patrick-rothfuss\/\",\"url\":\"https:\/\/the-mad-otter.it\/index.php\/2019\/11\/26\/review-party-recensione-di-il-nome-del-vento-di-patrick-rothfuss\/\",\"name\":\"Review Party: Recensione di \\\"Il nome del vento\\\" di Patrick Rothfuss - The Mad Otter\",\"isPartOf\":{\"@id\":\"https:\/\/the-mad-otter.it\/#website\"},\"primaryImageOfPage\":{\"@id\":\"https:\/\/the-mad-otter.it\/index.php\/2019\/11\/26\/review-party-recensione-di-il-nome-del-vento-di-patrick-rothfuss\/#primaryimage\"},\"image\":{\"@id\":\"https:\/\/the-mad-otter.it\/index.php\/2019\/11\/26\/review-party-recensione-di-il-nome-del-vento-di-patrick-rothfuss\/#primaryimage\"},\"thumbnailUrl\":\"https:\/\/1.bp.blogspot.com\/-02qkxpIVeQU\/Xd0gGYVmxGI\/AAAAAAAACaI\/lfbUJARJA8QWkO0QNl0MV1TG-VkAQvzWwCLcBGAsYHQ\/s200\/72750771_868951176834009_2899373778322587648_n.jpg\",\"datePublished\":\"2019-11-26T13:56:00+00:00\",\"dateModified\":\"2022-03-08T17:41:11+00:00\",\"author\":{\"@id\":\"https:\/\/the-mad-otter.it\/#\/schema\/person\/c88992abc52fdb12594f56b68f54421a\"},\"breadcrumb\":{\"@id\":\"https:\/\/the-mad-otter.it\/index.php\/2019\/11\/26\/review-party-recensione-di-il-nome-del-vento-di-patrick-rothfuss\/#breadcrumb\"},\"inLanguage\":\"it-IT\",\"potentialAction\":[{\"@type\":\"ReadAction\",\"target\":[\"https:\/\/the-mad-otter.it\/index.php\/2019\/11\/26\/review-party-recensione-di-il-nome-del-vento-di-patrick-rothfuss\/\"]}]},{\"@type\":\"ImageObject\",\"inLanguage\":\"it-IT\",\"@id\":\"https:\/\/the-mad-otter.it\/index.php\/2019\/11\/26\/review-party-recensione-di-il-nome-del-vento-di-patrick-rothfuss\/#primaryimage\",\"url\":\"https:\/\/1.bp.blogspot.com\/-02qkxpIVeQU\/Xd0gGYVmxGI\/AAAAAAAACaI\/lfbUJARJA8QWkO0QNl0MV1TG-VkAQvzWwCLcBGAsYHQ\/s200\/72750771_868951176834009_2899373778322587648_n.jpg\",\"contentUrl\":\"https:\/\/1.bp.blogspot.com\/-02qkxpIVeQU\/Xd0gGYVmxGI\/AAAAAAAACaI\/lfbUJARJA8QWkO0QNl0MV1TG-VkAQvzWwCLcBGAsYHQ\/s200\/72750771_868951176834009_2899373778322587648_n.jpg\"},{\"@type\":\"BreadcrumbList\",\"@id\":\"https:\/\/the-mad-otter.it\/index.php\/2019\/11\/26\/review-party-recensione-di-il-nome-del-vento-di-patrick-rothfuss\/#breadcrumb\",\"itemListElement\":[{\"@type\":\"ListItem\",\"position\":1,\"name\":\"Home\",\"item\":\"https:\/\/the-mad-otter.it\/\"},{\"@type\":\"ListItem\",\"position\":2,\"name\":\"Review Party: Recensione di &#8220;Il nome del vento&#8221; di Patrick Rothfuss\"}]},{\"@type\":\"WebSite\",\"@id\":\"https:\/\/the-mad-otter.it\/#website\",\"url\":\"https:\/\/the-mad-otter.it\/\",\"name\":\"The Mad Otter\",\"description\":\"Benvenuti nella tana della lontra.\",\"potentialAction\":[{\"@type\":\"SearchAction\",\"target\":{\"@type\":\"EntryPoint\",\"urlTemplate\":\"https:\/\/the-mad-otter.it\/?s={search_term_string}\"},\"query-input\":{\"@type\":\"PropertyValueSpecification\",\"valueRequired\":true,\"valueName\":\"search_term_string\"}}],\"inLanguage\":\"it-IT\"},{\"@type\":\"Person\",\"@id\":\"https:\/\/the-mad-otter.it\/#\/schema\/person\/c88992abc52fdb12594f56b68f54421a\",\"name\":\"Tiziana\",\"image\":{\"@type\":\"ImageObject\",\"inLanguage\":\"it-IT\",\"@id\":\"https:\/\/the-mad-otter.it\/#\/schema\/person\/image\/\",\"url\":\"https:\/\/secure.gravatar.com\/avatar\/2f1134c8975ffa6363b410d99e9ba1c2b856c22c7c1137ae53547a98d7ff6cf7?s=96&d=mm&r=g\",\"contentUrl\":\"https:\/\/secure.gravatar.com\/avatar\/2f1134c8975ffa6363b410d99e9ba1c2b856c22c7c1137ae53547a98d7ff6cf7?s=96&d=mm&r=g\",\"caption\":\"Tiziana\"},\"url\":\"\"}]}<\/script>\n<!-- \/ Yoast SEO plugin. -->","yoast_head_json":{"title":"Review Party: Recensione di \"Il nome del vento\" di Patrick Rothfuss - The Mad Otter","robots":{"index":"index","follow":"follow","max-snippet":"max-snippet:-1","max-image-preview":"max-image-preview:large","max-video-preview":"max-video-preview:-1"},"canonical":"https:\/\/the-mad-otter.it\/index.php\/2019\/11\/26\/review-party-recensione-di-il-nome-del-vento-di-patrick-rothfuss\/","og_locale":"it_IT","og_type":"article","og_title":"Review Party: Recensione di \"Il nome del vento\" di Patrick Rothfuss - The Mad Otter","og_description":"\u00ab\u00a0Il suono che fece fu come un sogno che muore, e mi provoc\u00f2 lo stesso tremendo, ansante dolore al petto.\u00a0\u00bb \u00a0 All&#8217;interno della locanda della Pietra Miliare ha inizio una tra le pi\u00f9 epiche delle avventure. Quella del prode Kvothe, conosciuto per le scorribande passate e leggendarie imprese, che ora si appresta a narrare soffermandosi [&hellip;]","og_url":"https:\/\/the-mad-otter.it\/index.php\/2019\/11\/26\/review-party-recensione-di-il-nome-del-vento-di-patrick-rothfuss\/","og_site_name":"The Mad Otter","article_publisher":"https:\/\/www.facebook.com\/themadotterblog","article_published_time":"2019-11-26T13:56:00+00:00","article_modified_time":"2022-03-08T17:41:11+00:00","og_image":[{"url":"https:\/\/1.bp.blogspot.com\/-02qkxpIVeQU\/Xd0gGYVmxGI\/AAAAAAAACaI\/lfbUJARJA8QWkO0QNl0MV1TG-VkAQvzWwCLcBGAsYHQ\/s200\/72750771_868951176834009_2899373778322587648_n.jpg","type":"","width":"","height":""}],"author":"Tiziana","twitter_card":"summary_large_image","twitter_creator":"@TheMadOtterBlog","twitter_site":"@TheMadOtterBlog","twitter_misc":{"Scritto da":"Tiziana","Tempo di lettura stimato":"2 minuti"},"schema":{"@context":"https:\/\/schema.org","@graph":[{"@type":"WebPage","@id":"https:\/\/the-mad-otter.it\/index.php\/2019\/11\/26\/review-party-recensione-di-il-nome-del-vento-di-patrick-rothfuss\/","url":"https:\/\/the-mad-otter.it\/index.php\/2019\/11\/26\/review-party-recensione-di-il-nome-del-vento-di-patrick-rothfuss\/","name":"Review Party: Recensione di \"Il nome del vento\" di Patrick Rothfuss - The Mad Otter","isPartOf":{"@id":"https:\/\/the-mad-otter.it\/#website"},"primaryImageOfPage":{"@id":"https:\/\/the-mad-otter.it\/index.php\/2019\/11\/26\/review-party-recensione-di-il-nome-del-vento-di-patrick-rothfuss\/#primaryimage"},"image":{"@id":"https:\/\/the-mad-otter.it\/index.php\/2019\/11\/26\/review-party-recensione-di-il-nome-del-vento-di-patrick-rothfuss\/#primaryimage"},"thumbnailUrl":"https:\/\/1.bp.blogspot.com\/-02qkxpIVeQU\/Xd0gGYVmxGI\/AAAAAAAACaI\/lfbUJARJA8QWkO0QNl0MV1TG-VkAQvzWwCLcBGAsYHQ\/s200\/72750771_868951176834009_2899373778322587648_n.jpg","datePublished":"2019-11-26T13:56:00+00:00","dateModified":"2022-03-08T17:41:11+00:00","author":{"@id":"https:\/\/the-mad-otter.it\/#\/schema\/person\/c88992abc52fdb12594f56b68f54421a"},"breadcrumb":{"@id":"https:\/\/the-mad-otter.it\/index.php\/2019\/11\/26\/review-party-recensione-di-il-nome-del-vento-di-patrick-rothfuss\/#breadcrumb"},"inLanguage":"it-IT","potentialAction":[{"@type":"ReadAction","target":["https:\/\/the-mad-otter.it\/index.php\/2019\/11\/26\/review-party-recensione-di-il-nome-del-vento-di-patrick-rothfuss\/"]}]},{"@type":"ImageObject","inLanguage":"it-IT","@id":"https:\/\/the-mad-otter.it\/index.php\/2019\/11\/26\/review-party-recensione-di-il-nome-del-vento-di-patrick-rothfuss\/#primaryimage","url":"https:\/\/1.bp.blogspot.com\/-02qkxpIVeQU\/Xd0gGYVmxGI\/AAAAAAAACaI\/lfbUJARJA8QWkO0QNl0MV1TG-VkAQvzWwCLcBGAsYHQ\/s200\/72750771_868951176834009_2899373778322587648_n.jpg","contentUrl":"https:\/\/1.bp.blogspot.com\/-02qkxpIVeQU\/Xd0gGYVmxGI\/AAAAAAAACaI\/lfbUJARJA8QWkO0QNl0MV1TG-VkAQvzWwCLcBGAsYHQ\/s200\/72750771_868951176834009_2899373778322587648_n.jpg"},{"@type":"BreadcrumbList","@id":"https:\/\/the-mad-otter.it\/index.php\/2019\/11\/26\/review-party-recensione-di-il-nome-del-vento-di-patrick-rothfuss\/#breadcrumb","itemListElement":[{"@type":"ListItem","position":1,"name":"Home","item":"https:\/\/the-mad-otter.it\/"},{"@type":"ListItem","position":2,"name":"Review Party: Recensione di &#8220;Il nome del vento&#8221; di Patrick Rothfuss"}]},{"@type":"WebSite","@id":"https:\/\/the-mad-otter.it\/#website","url":"https:\/\/the-mad-otter.it\/","name":"The Mad Otter","description":"Benvenuti nella tana della lontra.","potentialAction":[{"@type":"SearchAction","target":{"@type":"EntryPoint","urlTemplate":"https:\/\/the-mad-otter.it\/?s={search_term_string}"},"query-input":{"@type":"PropertyValueSpecification","valueRequired":true,"valueName":"search_term_string"}}],"inLanguage":"it-IT"},{"@type":"Person","@id":"https:\/\/the-mad-otter.it\/#\/schema\/person\/c88992abc52fdb12594f56b68f54421a","name":"Tiziana","image":{"@type":"ImageObject","inLanguage":"it-IT","@id":"https:\/\/the-mad-otter.it\/#\/schema\/person\/image\/","url":"https:\/\/secure.gravatar.com\/avatar\/2f1134c8975ffa6363b410d99e9ba1c2b856c22c7c1137ae53547a98d7ff6cf7?s=96&d=mm&r=g","contentUrl":"https:\/\/secure.gravatar.com\/avatar\/2f1134c8975ffa6363b410d99e9ba1c2b856c22c7c1137ae53547a98d7ff6cf7?s=96&d=mm&r=g","caption":"Tiziana"},"url":""}]}},"_links":{"self":[{"href":"https:\/\/the-mad-otter.it\/index.php\/wp-json\/wp\/v2\/posts\/551","targetHints":{"allow":["GET"]}}],"collection":[{"href":"https:\/\/the-mad-otter.it\/index.php\/wp-json\/wp\/v2\/posts"}],"about":[{"href":"https:\/\/the-mad-otter.it\/index.php\/wp-json\/wp\/v2\/types\/post"}],"author":[{"embeddable":true,"href":"https:\/\/the-mad-otter.it\/index.php\/wp-json\/wp\/v2\/users\/1"}],"replies":[{"embeddable":true,"href":"https:\/\/the-mad-otter.it\/index.php\/wp-json\/wp\/v2\/comments?post=551"}],"version-history":[{"count":1,"href":"https:\/\/the-mad-otter.it\/index.php\/wp-json\/wp\/v2\/posts\/551\/revisions"}],"predecessor-version":[{"id":5116,"href":"https:\/\/the-mad-otter.it\/index.php\/wp-json\/wp\/v2\/posts\/551\/revisions\/5116"}],"wp:attachment":[{"href":"https:\/\/the-mad-otter.it\/index.php\/wp-json\/wp\/v2\/media?parent=551"}],"wp:term":[{"taxonomy":"category","embeddable":true,"href":"https:\/\/the-mad-otter.it\/index.php\/wp-json\/wp\/v2\/categories?post=551"},{"taxonomy":"post_tag","embeddable":true,"href":"https:\/\/the-mad-otter.it\/index.php\/wp-json\/wp\/v2\/tags?post=551"}],"curies":[{"name":"wp","href":"https:\/\/api.w.org\/{rel}","templated":true}]}}