{"id":457,"date":"2020-04-10T09:20:00","date_gmt":"2020-04-10T07:20:00","guid":{"rendered":"http:\/\/www.the-mad-otter.it\/index.php\/2020\/04\/10\/blogger-uniti-per-le-librerie-indipendenti\/"},"modified":"2020-04-10T09:20:00","modified_gmt":"2020-04-10T07:20:00","slug":"blogger-uniti-per-le-librerie-indipendenti","status":"publish","type":"post","link":"https:\/\/the-mad-otter.it\/index.php\/2020\/04\/10\/blogger-uniti-per-le-librerie-indipendenti\/","title":{"rendered":"BLOGGER UNITI PER LE LIBRERIE INDIPENDENTI"},"content":{"rendered":"<div style=\"text-align: justify;\"><\/div>\n<div 0px=\"\" 1.38=\"\" 10pt=\"\" 11pt=\"\" center=\"\" font-size:=\"\" id=\"E11\" is=\"qowt-word-para\" line-height:=\"\" list-style-type:=\"\" none=\"\" padding:=\"\" qowt-e qowt-entry=\"undefined\" qowt-lvl=\"undefined\" text-align:=\"\">\n<div style=\"text-align: center;\">\n<div style=\"clear: both; text-align: center;\"><a href=\"https:\/\/1.bp.blogspot.com\/-L2e2dnoXFhM\/Xo3BUzIUfWI\/AAAAAAAADA8\/Nv8dt721yAk9sqIOamQ9SA2J8dZM3yeagCLcBGAsYHQ\/s1600\/Blogger%2BUniti%2B-%2Bcopertina%2BFB%2Brettangolare.jpg\" style=\"margin-left: 1em; margin-right: 1em;\"><img loading=\"lazy\" decoding=\"async\" border=\"0\" data-original-height=\"225\" data-original-width=\"400\" height=\"225\" src=\"https:\/\/1.bp.blogspot.com\/-L2e2dnoXFhM\/Xo3BUzIUfWI\/AAAAAAAADA8\/Nv8dt721yAk9sqIOamQ9SA2J8dZM3yeagCLcBGAsYHQ\/s400\/Blogger%2BUniti%2B-%2Bcopertina%2BFB%2Brettangolare.jpg\" width=\"400\" \/><\/a><\/div>\n<p><span is=\"qowt-word-run\" qowt-e style=\"display: inline; font-size: 22pt; font-weight: bold; white-space: pre-wrap;\"><span style=\"font-family: inherit;\"><br \/><\/span><\/span><span id=\"E12\" is=\"qowt-word-run\" qowt-e style=\"display: inline; font-size: 22pt; font-weight: bold; white-space: pre-wrap;\"><span style=\"font-family: inherit;\">BLOGGER UNITI PER LE LIBRERIE INDIPENDENTI<\/span><\/span><\/div>\n<\/div>\n<div 0px=\"\" 1.38=\"\" 10pt=\"\" 11pt=\"\" center=\"\" font-size:=\"\" id=\"E13\" is=\"qowt-word-para\" line-height:=\"\" list-style-type:=\"\" none=\"\" padding:=\"\" qowt-e qowt-entry=\"undefined\" qowt-lvl=\"undefined\" text-align:=\"\"><\/p>\n<div style=\"text-align: center;\"><span style=\"font-family: inherit; font-size: 14pt; white-space: pre-wrap;\"><br \/><\/span><\/div>\n<div style=\"text-align: center;\"><span style=\"font-family: inherit; font-size: 14pt; white-space: pre-wrap;\">Blogger da tutta Italia si uniscono per sostenere le librerie indipendenti<\/span><\/div>\n<p><span style=\"font-family: inherit;\"><\/span><\/p>\n<div style=\"text-align: center;\"><span style=\"font-family: inherit;\"><span style=\"font-family: inherit; white-space: pre-wrap;\">Una rete informativa formata da oltre 30 blogger, in sole 24 ore<\/span><\/span><\/div>\n<p><span style=\"font-family: inherit;\"><span id=\"E20\" is=\"qowt-word-run\" qowt-e style=\"display: inline; font-style: italic; font-weight: bold; text-decoration-line: underline; white-space: pre-wrap;\"><\/span><\/span><\/p>\n<div style=\"text-align: center;\"><span style=\"font-family: inherit;\"><span id=\"E20\" is=\"qowt-word-run\" qowt-e style=\"display: inline; font-style: italic; font-weight: bold; text-decoration-line: underline; white-space: pre-wrap;\"><span id=\"E20\" is=\"qowt-word-run\" qowt-e style=\"display: inline; font-family: inherit;\">Il 6 aprile i<\/span><span id=\"E21\" is=\"qowt-word-run\" qowt-e style=\"display: inline; font-family: inherit;\">n partenza la prima iniziativa<\/span><\/span><\/span><\/div>\n<p><span style=\"font-family: inherit;\"><span id=\"E20\" is=\"qowt-word-run\" qowt-e style=\"display: inline; font-style: italic; font-weight: bold; text-decoration-line: underline; white-space: pre-wrap;\"><\/span><\/span><\/p>\n<div style=\"text-align: center;\"><span style=\"font-family: inherit;\"><span id=\"E20\" is=\"qowt-word-run\" qowt-e style=\"display: inline; font-style: italic; font-weight: bold; text-decoration-line: underline; white-space: pre-wrap;\"><span is=\"qowt-word-run\" qowt-e style=\"display: inline; font-family: inherit;\"><br \/><\/span><\/span><\/span><\/div>\n<p><span style=\"font-family: inherit;\"><span id=\"E20\" is=\"qowt-word-run\" qowt-e style=\"display: inline; font-style: italic; font-weight: bold; text-decoration-line: underline; white-space: pre-wrap;\"><\/span><\/span><\/div>\n<div 0px=\"\" 1.38=\"\" 10pt=\"\" 11pt=\"\" font-size:=\"\" id=\"E22\" is=\"qowt-word-para\" justify=\"\" line-height:=\"\" list-style-type:=\"\" none=\"\" padding:=\"\" qowt-e qowt-entry=\"undefined\" qowt-lvl=\"undefined\" text-align:=\"\">\n<div style=\"text-align: justify;\"><span id=\"E24\" is=\"qowt-word-run\" qowt-e style=\"display: inline; font-family: inherit; font-weight: bold; white-space: pre-wrap;\">Il mondo editoriale e culturale italiano sta vivendo uno dei momenti pi\u00f9 difficili della storia moderna. Il <\/span><span id=\"E26\" is=\"qowt-word-run\" qowt-e style=\"display: inline; font-family: inherit; font-style: italic; font-weight: bold; white-space: pre-wrap;\">lockdown<\/span><span id=\"E28\" is=\"qowt-word-run\" qowt-e style=\"display: inline; font-family: inherit; font-weight: bold; white-space: pre-wrap;\"> sta mettendo in ginocchio alcuni tra i pi\u00f9 importanti presidi culturali<\/span><span id=\"E29\" is=\"qowt-word-run\" qowt-e style=\"display: inline; font-family: inherit; font-weight: bold; white-space: pre-wrap;\">: le librerie indipendenti, l<\/span><span id=\"E30\" is=\"qowt-word-run\" qowt-e style=\"display: inline; font-family: inherit; font-weight: bold; white-space: pre-wrap;\">uoghi di incontro, scambio di idee, rifugio <\/span><span id=\"E31\" is=\"qowt-word-run\" qowt-e style=\"display: inline; font-family: inherit; font-weight: bold; white-space: pre-wrap;\">per<\/span><span id=\"E32\" is=\"qowt-word-run\" qowt-e style=\"display: inline; font-family: inherit; font-weight: bold; white-space: pre-wrap;\"> ogni stato d\u2019animo<\/span><span id=\"E33\" is=\"qowt-word-run\" qowt-e style=\"display: inline; font-family: inherit; font-weight: bold; white-space: pre-wrap;\">. <\/span><span id=\"E34\" is=\"qowt-word-run\" qowt-e style=\"display: inline; font-family: inherit; font-weight: bold; white-space: pre-wrap;\"> <\/span><span id=\"E35\" is=\"qowt-word-run\" qowt-e style=\"display: inline; font-family: inherit; font-weight: bold; white-space: pre-wrap;\">Realt\u00e0 che<\/span><span id=\"E36\" is=\"qowt-word-run\" qowt-e style=\"display: inline; font-family: inherit; font-weight: bold; white-space: pre-wrap;\"> rischiano di subire un crol<\/span><span id=\"E37\" is=\"qowt-word-run\" qowt-e style=\"display: inline; font-family: inherit; font-weight: bold; white-space: pre-wrap;\">lo da cui \u00e8 difficile rialzarsi.<\/span><\/div>\n<div style=\"text-align: justify;\"><span is=\"qowt-word-run\" qowt-e style=\"display: inline; font-family: inherit; font-weight: bold; white-space: pre-wrap;\"><br \/><\/span><\/div>\n<\/div>\n<div 0px=\"\" 1.38=\"\" 10pt=\"\" 11pt=\"\" font-size:=\"\" id=\"E38\" is=\"qowt-word-para\" justify=\"\" line-height:=\"\" list-style-type:=\"\" none=\"\" padding:=\"\" qowt-e qowt-entry=\"undefined\" qowt-lvl=\"undefined\" text-align:=\"\">\n<div style=\"text-align: justify;\"><span style=\"font-family: inherit;\"><span id=\"E41\" is=\"qowt-word-run\" qowt-e style=\"display: inline; white-space: pre-wrap;\"><a href=\"https:\/\/www.libraitaliani.it\/news\/442-comunicato-stampa-di-ambrosini-su-perdita-fatturato\" target=\"_blank\" rel=\"noopener noreferrer\">Secondo dati di Ali Confcommercio<\/a>, l\u2019associazione di categoria dei librari italiani, la chiusura delle librerie dal 23 febbraio al 25 marzo (la data che consentiva la riapertura stando a un precedente decreto) provocher\u00e0 <\/span><span id=\"E42\" is=\"qowt-word-run\" qowt-e style=\"display: inline; font-weight: bold; white-space: pre-wrap;\">perdite di fatturato di circa 47 milioni di euro<\/span><span id=\"E43\" is=\"qowt-word-run\" qowt-e style=\"display: inline; white-space: pre-wrap;\">, pari a circa 16,5 milioni di euro di utili lordi<\/span><span id=\"E44\" is=\"qowt-word-run\" qowt-e style=\"display: inline; white-space: pre-wrap;\">.<\/span><\/span><\/div>\n<\/div>\n<div 0px=\"\" 1.38=\"\" 10pt=\"\" 11pt=\"\" font-size:=\"\" id=\"E45\" is=\"qowt-word-para\" justify=\"\" line-height:=\"\" list-style-type:=\"\" none=\"\" padding:=\"\" qowt-e qowt-entry=\"undefined\" qowt-lvl=\"undefined\" text-align:=\"\">\n<div style=\"text-align: justify;\"><span style=\"font-family: inherit;\"><span id=\"E46\" is=\"qowt-word-run\" qowt-e style=\"display: inline; font-weight: bold; white-space: pre-wrap;\">In questo scenario cos\u00ec drammatico, c<\/span><span id=\"E47\" is=\"qowt-word-run\" qowt-e style=\"display: inline; font-weight: bold; white-space: pre-wrap;\">osa \u00e8 possibile fare per essere d\u2019aiuto?<\/span><span id=\"E48\" is=\"qowt-word-run\" qowt-e style=\"display: inline; font-weight: bold; white-space: pre-wrap;\"> Chi pu\u00f2 dare un contributo concreto per far s\u00ec che le librerie possano continuare ad esistere?<\/span><\/span><\/div>\n<\/div>\n<div 0px=\"\" 1.38=\"\" 10pt=\"\" 11pt=\"\" font-size:=\"\" id=\"E49\" is=\"qowt-word-para\" justify=\"\" line-height:=\"\" list-style-type:=\"\" none=\"\" padding:=\"\" qowt-e qowt-entry=\"undefined\" qowt-lvl=\"undefined\" text-align:=\"\">\n<div style=\"text-align: justify;\"><span id=\"E50\" is=\"qowt-word-run\" qowt-e style=\"display: inline; white-space: pre-wrap;\"><span style=\"font-family: inherit;\">Questo si \u00e8 domandata <a href=\"http:\/\/www.erikazini.com\/\" target=\"_blank\" rel=\"noopener noreferrer\">Erika Zini<\/a>,<\/span><\/span><span style=\"font-family: inherit;\"><span id=\"E53\" is=\"qowt-word-run\" qowt-e style=\"display: inline; white-space: pre-wrap;\"> giornalista e blogger, che da anni opera in ambito letterario con trasmissioni su Radio, TV e presentazioni in Librerie e Festival. E <\/span><span id=\"E54\" is=\"qowt-word-run\" qowt-e style=\"display: inline; font-weight: bold; white-space: pre-wrap;\">la risposta \u00e8 stata tanto semplice quanto spiazzante<\/span><span id=\"E55\" is=\"qowt-word-run\" qowt-e style=\"display: inline; white-space: pre-wrap;\">: i blogger<\/span><span id=\"E56\" is=\"qowt-word-run\" qowt-e style=\"display: inline; white-space: pre-wrap;\">, che spesso sono considerati<\/span><span id=\"E57\" is=\"qowt-word-run\" qowt-e style=\"display: inline; white-space: pre-wrap;\"> gl<\/span><span id=\"E58\" is=\"qowt-word-run\" qowt-e style=\"display: inline; white-space: pre-wrap;\">i outsider d<\/span><span id=\"E59\" is=\"qowt-word-run\" qowt-e style=\"display: inline; white-space: pre-wrap;\">el mondo editoriale<\/span><span id=\"E60\" is=\"qowt-word-run\" qowt-e style=\"display: inline; white-space: pre-wrap;\">,<\/span><span id=\"E61\" is=\"qowt-word-run\" qowt-e style=\"display: inline; white-space: pre-wrap;\"> sono <\/span><span id=\"E62\" is=\"qowt-word-run\" qowt-e style=\"display: inline; white-space: pre-wrap;\">in realt\u00e0<\/span><span id=\"E63\" is=\"qowt-word-run\" qowt-e style=\"display: inline; white-space: pre-wrap;\"> coloro a cui i lettori si affidano <\/span><span id=\"E64\" is=\"qowt-word-run\" qowt-e style=\"display: inline; white-space: pre-wrap;\">maggiormente<\/span><span id=\"E65\" is=\"qowt-word-run\" qowt-e style=\"display: inline; white-space: pre-wrap;\"> <\/span><span id=\"E66\" is=\"qowt-word-run\" qowt-e style=\"display: inline; white-space: pre-wrap;\">per sapere tutto sui libri, sono tanti e sono distribuiti capillarmente nel nostro paese. <\/span><span id=\"E67\" is=\"qowt-word-run\" qowt-e style=\"display: inline; font-weight: bold; white-space: pre-wrap;\">E se ognuno, nel proprio angolo di web, potesse parlare delle librerie indipendenti della propria zona, facendole conoscere e facendo sapere che sono operative anche se non aperte al <\/span><span id=\"E68\" is=\"qowt-word-run\" qowt-e style=\"display: inline; font-weight: bold; white-space: pre-wrap;\">pubblico?<\/span><\/span><\/div>\n<\/div>\n<div 0px=\"\" 1.38=\"\" 10pt=\"\" 11pt=\"\" font-size:=\"\" id=\"E69\" is=\"qowt-word-para\" justify=\"\" line-height:=\"\" list-style-type:=\"\" none=\"\" padding:=\"\" qowt-e qowt-entry=\"undefined\" qowt-lvl=\"undefined\" text-align:=\"\">\n<div style=\"text-align: justify;\"><span style=\"font-family: inherit;\"><span id=\"E70\" is=\"qowt-word-run\" qowt-e style=\"display: inline; white-space: pre-wrap;\">L\u2019<\/span><span id=\"E71\" is=\"qowt-word-run\" qowt-e style=\"display: inline; white-space: pre-wrap;\">iniziativa \u00e8 piaciuta<\/span><span id=\"E72\" is=\"qowt-word-run\" qowt-e style=\"display: inline; white-space: pre-wrap;\"> cos\u00ec tanto che<\/span><span id=\"E73\" is=\"qowt-word-run\" qowt-e style=\"display: inline; white-space: pre-wrap;\"> <\/span><span id=\"E74\" is=\"qowt-word-run\" qowt-e style=\"display: inline; font-weight: bold; white-space: pre-wrap;\">in sole 24 ore hanno aderito oltre 30 blog<\/span><span id=\"E75\" is=\"qowt-word-run\" qowt-e style=\"display: inline; white-space: pre-wrap;\"> d<\/span><span id=\"E76\" is=\"qowt-word-run\" qowt-e style=\"display: inline; white-space: pre-wrap;\">a 15<\/span><span id=\"E77\" is=\"qowt-word-run\" qowt-e style=\"display: inline; white-space: pre-wrap;\"> regioni d\u2019Italia <\/span><span id=\"E78\" is=\"qowt-word-run\" qowt-e style=\"display: inline; white-space: pre-wrap;\">e sono <\/span><span id=\"E79\" is=\"qowt-word-run\" qowt-e style=\"display: inline; font-weight: bold; white-space: pre-wrap;\">continuamente in aumento con il solo passaparola<\/span><span id=\"E80\" is=\"qowt-word-run\" qowt-e style=\"display: inline; white-space: pre-wrap;\">.<\/span><\/span><\/div>\n<\/div>\n<div 0px=\"\" 1.38=\"\" 10pt=\"\" 11pt=\"\" font-size:=\"\" id=\"E83\" is=\"qowt-word-para\" justify=\"\" line-height:=\"\" list-style-type:=\"\" none=\"\" padding:=\"\" qowt-e qowt-entry=\"undefined\" qowt-lvl=\"undefined\" text-align:=\"\">\n<div style=\"text-align: justify;\"><span style=\"font-family: inherit;\"><span id=\"E84\" is=\"qowt-word-run\" qowt-e style=\"display: inline; white-space: pre-wrap;\">Questa iniziativa avr\u00e0 <\/span><span id=\"E85\" is=\"qowt-word-run\" qowt-e style=\"display: inline; font-weight: bold; white-space: pre-wrap;\">la sua partenza il <\/span><span id=\"E86\" is=\"qowt-word-run\" qowt-e style=\"display: inline; font-weight: bold; white-space: pre-wrap;\">6 aprile<\/span><span id=\"E87\" is=\"qowt-word-run\" qowt-e style=\"display: inline; white-space: pre-wrap;\"> quando<\/span><span id=\"E88\" is=\"qowt-word-run\" qowt-e style=\"display: inline; white-space: pre-wrap;\"> la pi\u00f9 grande rete di blogger italiani <\/span><span id=\"E89\" is=\"qowt-word-run\" qowt-e style=\"display: inline; white-space: pre-wrap;\">si sintonizzer\u00e0 sulle frequenze delle librerie <\/span><span id=\"E90\" is=\"qowt-word-run\" qowt-e style=\"display: inline; white-space: pre-wrap;\">indipendenti della propria zona per portarle ai <\/span><span id=\"E91\" is=\"qowt-word-run\" qowt-e style=\"display: inline; white-space: pre-wrap;\">loro<\/span><span id=\"E92\" is=\"qowt-word-run\" qowt-e style=\"display: inline; white-space: pre-wrap;\"> lettori.<\/span><\/span><\/div>\n<\/div>\n<div 0px=\"\" 1.38=\"\" 10pt=\"\" 11pt=\"\" font-size:=\"\" id=\"E93\" is=\"qowt-word-para\" justify=\"\" line-height:=\"\" list-style-type:=\"\" none=\"\" padding:=\"\" qowt-e qowt-entry=\"undefined\" qowt-lvl=\"undefined\" text-align:=\"\">\n<div style=\"text-align: justify;\"><span style=\"font-family: inherit;\"><span id=\"E94\" is=\"qowt-word-run\" qowt-e style=\"display: inline; white-space: pre-wrap;\">\u201c<\/span><span id=\"E95\" is=\"qowt-word-run\" qowt-e style=\"display: inline; font-style: italic; font-weight: bold; white-space: pre-wrap;\">Insieme siamo pi\u00f9 forti e potremo superare anche questo momento difficile<\/span><span id=\"E96\" is=\"qowt-word-run\" qowt-e style=\"display: inline; white-space: pre-wrap;\">\u201d <\/span><span id=\"E97\" is=\"qowt-word-run\" qowt-e style=\"display: inline; white-space: pre-wrap;\">sostiene Erika Zini, ideatrice dell\u2019<\/span><span id=\"E98\" is=\"qowt-word-run\" qowt-e style=\"display: inline; white-space: pre-wrap;\">iniziativa<\/span><span id=\"E99\" is=\"qowt-word-run\" qowt-e style=\"display: inline; white-space: pre-wrap;\"> <\/span><span id=\"E100\" is=\"qowt-word-run\" qowt-e style=\"display: inline; white-space: pre-wrap;\">\u201c<\/span><span id=\"E101\" is=\"qowt-word-run\" qowt-e style=\"display: inline; font-style: italic; font-weight: bold; white-space: pre-wrap;\">perch\u00e9 \u00e8 importante che ognuno di noi dia il proprio contributo <\/span><span id=\"E102\" is=\"qowt-word-run\" qowt-e style=\"display: inline; font-style: italic; font-weight: bold; white-space: pre-wrap;\">perch\u00e9 nessuno<\/span><span id=\"E103\" is=\"qowt-word-run\" qowt-e style=\"display: inline; font-style: italic; font-weight: bold; white-space: pre-wrap;\"> \u00e8 troppo piccolo per poter cambiare il mondo<\/span><span id=\"E104\" is=\"qowt-word-run\" qowt-e style=\"display: inline; white-space: pre-wrap;\">\u201d<\/span><span id=\"E105\" is=\"qowt-word-run\" qowt-e style=\"display: inline; white-space: pre-wrap;\">.<\/span><\/span><br \/><span style=\"font-family: inherit;\"><span is=\"qowt-word-run\" qowt-e style=\"display: inline; white-space: pre-wrap;\"><br \/><\/span><\/span><span style=\"font-family: inherit;\"><span is=\"qowt-word-run\" qowt-e style=\"display: inline; white-space: pre-wrap;\">Per supportare e diffondere l&#8217;iniziativa potete usare l&#8217;hashtag #bloggerperlelibrerie<\/span><\/span><br \/><span style=\"font-family: inherit;\"><span is=\"qowt-word-run\" qowt-e style=\"display: inline; white-space: pre-wrap;\"><br \/><\/span><\/span><\/div>\n<div style=\"text-align: justify;\"><span id=\"E110\" is=\"qowt-word-run\" qowt-e style=\"display: inline; font-family: inherit; white-space: pre-wrap;\">I <\/span><span is=\"qowt-word-run\" qowt-e style=\"display: inline; font-family: inherit; font-style: italic; white-space: pre-wrap;\">blog aderenti all\u2019iniziativa e i loro sostenitori esporranno questo logo ufficiale per la durata dell\u2019evento<\/span><span id=\"E111\" is=\"qowt-word-run\" qowt-e style=\"display: inline; font-family: inherit; white-space: pre-wrap;\">.<\/span><\/div>\n<\/div>\n<div 0px=\"\" 1.38=\"\" 10pt=\"\" 11pt=\"\" font-size:=\"\" id=\"E112\" is=\"qowt-word-para\" justify=\"\" line-height:=\"\" list-style-type:=\"\" none=\"\" padding:=\"\" qowt-e qowt-entry=\"undefined\" qowt-lvl=\"undefined\" text-align:=\"\">\n<div style=\"text-align: justify;\"><span is=\"qowt-word-run\" qowt-e style=\"display: inline; white-space: pre-wrap;\"><span style=\"font-family: inherit;\"><br \/><\/span><\/span><span id=\"E113\" is=\"qowt-word-run\" qowt-e style=\"display: inline; white-space: pre-wrap;\"><span style=\"font-family: inherit;\">Per adesioni, sia blogger che librerie, \u00e8 possibile scrivere a: <\/span><\/span><a contenteditable=\"false\" href=\"chrome-extension:\/\/bpmcpldpdmajfigpchkicefoigmkfalc\/views\/qowt.html#mailto:info@erikazini.com\" id=\"E114\" is=\"qowt-hyperlink\" qowt-e=\"qowt-e\"><span id=\"E115\" is=\"qowt-word-run\" qowt-e qowt-format=\"{&quot;udl&quot;:false}\" style=\"display: inline; white-space: pre-wrap;\">info@erikazini.com<\/span><\/a><span id=\"E116\" is=\"qowt-word-run\" qowt-e style=\"color: #00b0f0; display: inline; font-weight: bold; white-space: pre-wrap;\"><span style=\"font-family: inherit;\"> <\/span><\/span><\/p>\n<\/div>\n<\/div>\n<div>\n<div style=\"text-align: justify;\"><span is=\"qowt-word-run\" qowt-e style=\"color: #00b0f0; display: inline; white-space: pre-wrap;\"><br \/><\/span><\/div>\n<\/div>\n<div style=\"text-align: center;\"><b>BLOGGER ADERENTI:<\/b><br \/><span style=\"font-family: inherit;\"><br \/><\/span><\/p>\n<div style=\"text-align: justify;\"><span style=\"font-family: inherit;\"><a href=\"http:\/\/www.abookforadream.com\/\" target=\"_blank\" rel=\"noopener noreferrer\">A Book for a Dream<\/a>, <a href=\"https:\/\/www.appuntidizelda.it\/\" target=\"_blank\" rel=\"noopener noreferrer\">Appunti di Zelda<\/a>, <a href=\"https:\/\/babblingbabook.wixsite.com\/babblingbabook\" target=\"_blank\" rel=\"noopener noreferrer\">Babbling babook<\/a>, <a href=\"http:\/\/www.chiacchiereletterarie.it\/\" target=\"_blank\" rel=\"noopener noreferrer\">Chacchiere Letterarie<\/a>, <a href=\"https:\/\/chroniclesofabookaholicblog.blogspot.com\/\" target=\"_blank\" rel=\"noopener noreferrer\">Chronicles of a Bookaholic<\/a>, <a href=\"https:\/\/coccolelibri.blogspot.com\/\" target=\"_blank\" rel=\"noopener noreferrer\">Coccole tra i libri<\/a>, <a href=\"https:\/\/www.cosnotebook.com\/\">Co&#8217;s Notebook<\/a>, <a href=\"http:\/\/www.erikazini.com\/\">Erika Zini<\/a>, <a href=\"http:\/\/www.esmeraldaviaggielibri.it\/\">Esmeralda Viaggi e Libri<\/a>, <a href=\"http:\/\/eynyspaolinibooks.altervista.org\/\">Eynys Paolini Books<\/a>, <a href=\"http:\/\/fantasticandosuilibri.blogspot.com\/\">Fantasticando sui libri<\/a>, <a href=\"https:\/\/imieideliridalettriceimddl.blogspot.com\/\">I miei deliri da lettrice<\/a>, <a href=\"https:\/\/imieimagicimondi.blogspot.com\/?m=0\">I miei magici mondi<\/a>, <a href=\"https:\/\/www.isussurridellemuse.it\/\">I sussurri delle Muse<\/a>, <a href=\"https:\/\/illibrosullafinestra.blogspot.com\/\">Il libro sulla finestra<\/a>, <a href=\"https:\/\/www.jawindgale.com\/\">J. A. Windgale<\/a>, <a href=\"https:\/\/virtualkaty.blogspot.com\/\">Katy Booklover<\/a>, <a href=\"https:\/\/lalibreriadiyely.blogspot.com\/\">La libreria di Yeli<\/a>, <a href=\"https:\/\/www.lanicchialetteraria.it\/\">La nicchia letteraria<\/a>, <a href=\"http:\/\/laragazzachesinascondedietrounlibro.blogspot.com\/\">La ragazza che si nasconde dietro un libro<\/a>, <a href=\"https:\/\/libriesegreti.altervista.org\/\">Libri &amp; Segreti<\/a>, <a href=\"http:\/\/librilibrettilibracci.blogspot.com\/\">Libri,libretti, libracci<\/a>, <a href=\"http:\/\/libririflessi.blogspot.com\/\">Libri Riflessi<\/a>, <a href=\"https:\/\/www.instagram.com\/pastafrolla.leggelibri\/?hl=it\">Pastafrolla Legge Libri<\/a>, <a href=\"https:\/\/rachelsandmanauthor.wordpress.com\/\">Rachel Sandman Author<\/a>, <a href=\"https:\/\/scriveremipiace.blogspot.com\/\">Scrivere mi piace &#8211; Blog<\/a>, <a href=\"https:\/\/silently-aloud.blogspot.com\/\">Silently aloud<\/a>, <a href=\"https:\/\/thelibraryofjane.blogspot.com\/\">The library of Jane<\/a>, <a href=\"https:\/\/the-mad-otter.blogspot.com\/\">The mad otter<\/a>, <a href=\"https:\/\/trasognoerealta98.blogspot.com\/\">Tra sogno e realta 98<\/a>, <a href=\"https:\/\/valentinabellettini.blogspot.com\/\">Universi Incantati<\/a>.&nbsp;<\/span><\/div>\n<p><b><br \/><\/b><b>LIBRERIE INDIPENDENTI: MILANO E PROVINCIA<\/b><\/div>\n<div style=\"text-align: justify;\">Grazie alla collaborazione con Giulia del <span style=\"font-family: inherit;\"><span style=\"font-family: inherit;\">blog <a href=\"https:\/\/www.jawindgale.com\/\" target=\"_blank\" rel=\"noopener noreferrer\">J. A. Windgale<\/a>&nbsp;<\/span><span style=\"font-family: inherit;\">abbiamo<\/span><\/span> stilato un elenco di librerie indipendenti che coprono la citt\u00e0 di Milano e della provincia. Se la vostra non compare e volete partecipare all&#8217;iniziativa vi baster\u00e0 contattare Erika alla mail scritta qui sopra.<\/p>\n<p><i><u>Citt\u00e0:<\/u><\/i><\/p>\n<p><b>6 ROSSO<\/b> &#8211; Via A. Albertini 6<br \/><b>ALEPH<\/b> &#8211; Piazza Lima 1 &#8211; interno MM1<br \/><b>ARIBAC&nbsp;<\/b>&#8211; Via Porpora, di fronte al civico 62<br \/><b>BARAVAJ<\/b> &#8211; Via Cesariano 7<br \/><b>BELLEVILLE &#8211; LA SCUOLA<\/b> &#8211; Via Poerio 29<br \/><b>BOCCA<\/b> \u2013 Galleria Vittorio Emanuele II 4<br \/><b>BORSA DEL FUMETTO<\/b> &#8211; Via Lecco 16<br \/><b>CENTOFIORI<\/b> &#8211; Piazzale Dateo 5<br \/><b>CLAUDIANA<\/b> &#8211; Via F. Sforza 12\/a<br \/><b>CORTECCIA<\/b> &#8211; Via Bernardino Lanino 11<br \/><b>DEL CONVEGNO<\/b> &#8211; Via Lomellina 35<br \/><b>DELLO SPETTACOLO<\/b> &#8211; Via Terraggio 11<br \/><b>DELLO SPORT<\/b> &#8211; Via G. Carducci 9<br \/><b>DI QUARTIERE<\/b> &#8211; Viale Piceno 1<br \/><b>DON DURITO &#8211; OASI del PICCOLO LETTORE<\/b> &#8211; via Giuseppe Gabetti 15<br \/><b>FRATELLI BONVINI 1909<\/b> &#8211; Via Tagliamento 1<br \/><b>HELLISBOOK<\/b> &#8211; Via Losanna 6<br \/><b>IL COVO DELLA LADRA<\/b> \u2013 Via Scutari 5<br \/><b>IL DOMANI<\/b> &#8211; Piazzale L. Cadorna 9, ang. Via Carducci<br \/><b>IL MIO LIBRO<\/b> \u2013 Via Sannio, 18<br \/><b>INTERNAZIONALE IL LIBRO<\/b> &#8211; Via F. Ozanam 11<br \/><b>ISOLA LIBRI<\/b> &#8211; Via A. Pollaiuolo 5<br \/><b>LES MOTS <\/b>&#8211; Via Pepe 14, ang. Via Carmagnola<br \/><b>LIBET<\/b> \u2013 Via Terraggio, 21<br \/><b>LINEA D&#8217;OMBRA<\/b> &#8211; Via San Calocero 29<br \/><b>LINEA DI CONFINE<\/b> &#8211; Via A. M. Ceriani 20<br \/><b>LIRUS<\/b> &#8211; Via Vitruvio 43<br \/><b>MAGAZZINO MUSICA<\/b> &#8211; MaMu &#8211; Via Soave 3<br \/><b>MALAVASI<\/b> \u2013 Largo Ildefonso Schuster 1<br \/><b>MILITARE<\/b> &#8211; Via Morigi 15, ang. Via Vigna<br \/><b>MONTI IN CITT\u00c0<\/b> &#8211; Viale Monte Nero 15, ang. Giardini<br \/><b>NUOVO TRITTICO<\/b> &#8211; Via San Vittore 3<br \/><b>POPOLARE<\/b> &#8211; Via A. Tadino 18<br \/><b>PUNTA ALLA LUNA<\/b> &#8211; Via Carlo Marochetti 27<br \/><b>SCALDASOLE BOOKS <\/b>&#8211; Via Scaldasole 1 ang. Corso di Porta Ticinese<br \/><b>SPAZIO BK<\/b> &#8211; Via Luigi Porro Lambertenghi 20<br \/><b>TEMPO RITROVATO LIBRI <\/b>\u2013 Corso Garibaldi 17<br \/><b>TEMPORIBUS ILLIS<\/b> &#8211; Via B. Garofalo 20<br \/><b>TERRA SANTA<\/b> &#8211; Via G. Gherardini 2<br \/><b>TIRITERA<\/b> &#8211; Via Giuseppe Govone 30<br \/><b>TROVALIBRI<\/b> &#8211; Viale Monte Nero 73<br \/><b>VERSO LIBRI<\/b> \u2013 Corso di Porta Ticinese 40<\/p>\n<p><i><u>Provincia<\/u><\/i><\/p>\n<p><b>ARTE E ARTE LIBRI<\/b> &#8211; Via XXIX Maggio 54 &#8211; Legnano<br \/><b>CENTRO LIBRI LARIZZA<\/b> &#8211; Via Como 9 &#8211; Solaro<br \/><b>GALLERIA DEL LIBRO<\/b> &#8211; Via Mauro Venegoni 55 &#8211; Legnano<br \/><b>IL SEGNALIBRO<\/b> &#8211; Via Roma 87A &#8211; Magenta<br \/><b>LIBRERIA TARANTOLA<\/b> &#8211; Piazza Martiri di Via Fani 1 &#8211; Sesto San Giovanni<br \/><b>MEME LIBRI<\/b> &#8211; Via Santa Maria 16 &#8211; Parabiago<br \/><b>NON SOLO LIBRI<\/b> &#8211; Via Antonio Stoppani 75 &#8211; Seregno<\/p>\n<p>Tra tutte le librerie che ho avuto modo di contattare personalmente, ho potuto raccogliere diverse opinioni sul periodo che l&#8217;Italia sta affrontando a causa della chiusura totale. Ringrazio ognuna di queste per l&#8217;occasione unica che mi \u00e8 stata data e per l&#8217;attenzione dedicata a questo progetto.<\/p>\n<p><b>NON SOLO LIBRI<\/b>&nbsp;&#8211; Via Antonio Stoppani 75 &#8211; Seregno<\/p>\n<div>Social: <a href=\"https:\/\/nonsololibrifumetteria.business.site\/\" target=\"_blank\" rel=\"noopener noreferrer\">Sito<\/a> &#8211; <a href=\"https:\/\/www.facebook.com\/fumetterianonsololibri\/\" target=\"_blank\" rel=\"noopener noreferrer\">Facebook<\/a> &#8211; <a href=\"https:\/\/www.instagram.com\/fumetterianonsololibri\/?hl=it\" target=\"_blank\" rel=\"noopener noreferrer\">Instagram<\/a> &#8211; <a href=\"https:\/\/www.youtube.com\/user\/Spiderweb76mi\" target=\"_blank\" rel=\"noopener noreferrer\">Youtube<\/a><\/div>\n<div><\/div>\n<div>La prima realt\u00e0 che ho voluto assolutamente coinvolgere \u00e8 la mia fumetteria di fiducia, la Non Solo Libri che ha sede a Seregno. Amo la passione che i proprietari mettono nel loro lavoro, cercando di rimanere quanto pi\u00f9 possibile a contatto con i propri lettori, non solo attraverso il canale Youtube attraverso cui elargiscono consigli settimanalmente, ma anche con le lunghe ed entusiasmanti conversazioni che possono durare giornate intere all&#8217;interno del loro negozio.<\/div>\n<div><\/div>\n<div>Questo \u00e8 il loro contributo:<\/div>\n<div><\/div>\n<div><a href=\"https:\/\/1.bp.blogspot.com\/-KtV-pU5Ucpg\/Xo3BVHUDtlI\/AAAAAAAADBA\/kxfRha43a6IBTEdavWyOC_Gean1xTlGLwCLcBGAsYHQ\/s1600\/download%2B%25282%2529.jpg\" style=\"clear: right; float: right; margin-bottom: 1em; margin-left: 1em;\"><img loading=\"lazy\" decoding=\"async\" border=\"0\" data-original-height=\"194\" data-original-width=\"259\" height=\"149\" src=\"https:\/\/1.bp.blogspot.com\/-KtV-pU5Ucpg\/Xo3BVHUDtlI\/AAAAAAAADBA\/kxfRha43a6IBTEdavWyOC_Gean1xTlGLwCLcBGAsYHQ\/s200\/download%2B%25282%2529.jpg\" width=\"200\" \/><\/a>Una fumetteria chiusa per l&#8217;emergenza Covid 19 come pu\u00f2 continuare a far sentire la sua voce ed arrivare agli appassionati che ha sempre servito? Tanti potrebbero dire vendendo online ma come? E soprattutto non sarebbe sbagliato nei confronti di tutti quelli che non possono? Se il Mondo si deve fermare per risolvere l&#8217;emergenza ma anche per permettere alle attivit\u00e0 di poter riprendere assieme e senza essere penalizzati, non sarebbe il caso di evitare di cercare di vendere al di sopra di tutto e di tutti? In ogni caso anche solo l&#8217;impossibilit\u00e0 di recuperare materiale d&#8217;imballaggio, nuove opere o precedenti arretrati e via dicendo, rende la vendita online quasi impossibile sul lungo periodo. I social per\u00f2 possono trasformarci in piccoli dispensatori di consigli cercando di aiutare il lettore alle prime armi ma anche il pi\u00f9 saggio, a trovare nuovi stimoli per quelle che saranno sicuramente le prossime opere che riempiranno tutti questi spazi vuoti. L&#8217;importante \u00e8 stare vicini pur essendo lontani ed aiutare anche solo con un momento di svago virtuale per cercare di pensare meno al peggio ed essere pronti per quando potremo finalmente poggiare di nuovo i piedi nei nostri negozi preferiti che alla fine dei conti sono un luogo magico dove sentirsi finalmente a proprio agio, sar\u00e0 per questo che ci mancano cosi tanto.<\/div>\n<div><\/div>\n<div><b><br \/><\/b><\/div>\n<div><b>LIBRERIA POPOLARE<\/b>&nbsp;&#8211; Via A. Tadino 18<\/div>\n<div>Social:&nbsp;<a href=\"https:\/\/www.facebook.com\/libreriapopolare\/\">Facebook<\/a><\/div>\n<div><\/div>\n<div><a href=\"https:\/\/1.bp.blogspot.com\/-994APTacung\/Xo3BViSjVpI\/AAAAAAAADBI\/BckBlhzKD08m_jRxRWLMd04RXHeN0rO0QCLcBGAsYHQ\/s1600\/download%2B%25285%2529.jpg\" style=\"clear: right; float: right; margin-bottom: 1em; margin-left: 1em;\"><img loading=\"lazy\" decoding=\"async\" border=\"0\" data-original-height=\"201\" data-original-width=\"251\" height=\"160\" src=\"https:\/\/1.bp.blogspot.com\/-994APTacung\/Xo3BViSjVpI\/AAAAAAAADBI\/BckBlhzKD08m_jRxRWLMd04RXHeN0rO0QCLcBGAsYHQ\/s200\/download%2B%25285%2529.jpg\" width=\"200\" \/><\/a>Nonostante la chiusura forzata, il proprietario della Libreria Popolare di Milano, Guido Duiella, continua a darsi da fare durante questo periodo attraverso non solo le consegne gratuite a domicilio, ma anche inviando telematicamente dei notiziari di approfondimento molto esaustivi e interessanti. Di seguito riporto un breve estratto:<\/p>\n<p><b>#VetrineChiuse #LibrerieChiuse<\/b><br \/>Restate a casa! I libri ve li spediamo noi.<\/p>\n<p><b>Cari Amici Lettori,<\/b><br \/>Ci impegna molto, durante la settimana, lavorare per recapitare a domicilio libri a chi desidera leggere nuovi testi. Questa per noi \u00e8 una nuova esperienza e cerchiamo, nei contatti con chi ci chiede questo servizio, di rimanere librai e non fattorini: cos\u00ec al telefono o per mail manteniamo, per quanto possibile, un dialogo con i lettori che ci faccia sentire meno distanti e vada al di l\u00e0 delle mere informazioni su disponibilit\u00e0 di libri e spedizioni. Questa nuova dimensione di Librai a distanza, ci aiuta a non sentirci del tutto inutili in questo momento di grave emergenza sanitaria e ci conferma che ci\u00f2 di cui abbiamo tutti bisogno \u00e8 il dialogo e il confronto con gli altri, in tutte le forme possibili.<\/p>\n<p><b>Felice il paese che non ha bisogno di eroi!<\/b> (Brecht, <i>Vita di Galileo<\/i>)<\/p>\n<p>Pensiamo con rispetto e gratitudine a tutti i medici, gli infermieri, gli operatori sanitari, gli addetti alle pulizie e alla sicurezza degli ospedali, ai volontari che quotidianamente lavorano sulle ambulanze, il personale delle Case di riposo: loro sono i primi, li abbiamo sentiti nelle interviste in radio o in tv, a non voler essere chiamati &#8220;eroi&#8221;.<br \/>Ci spiegano che fanno, con enorme abnegazione e sacrificio, il loro dovere, in prima linea per salvare chi si ammala. Ma sono anche tra i primi a contagiarsi (a migliaia) e a morire, ad oggi 80 solo tra i medici, e a decine tra le altre figure professionali.<\/p>\n<p><a href=\"https:\/\/1.bp.blogspot.com\/-2eseY_ruKDI\/Xo3BXQkOPyI\/AAAAAAAADBY\/EfOcli6xbSQYu9fEAmPlkUjDBpDCZcawACLcBGAsYHQ\/s1600\/unnamed.jpg\" style=\"clear: left; float: left; margin-bottom: 1em; margin-right: 1em;\"><img loading=\"lazy\" decoding=\"async\" border=\"0\" data-original-height=\"300\" data-original-width=\"180\" height=\"200\" src=\"https:\/\/1.bp.blogspot.com\/-2eseY_ruKDI\/Xo3BXQkOPyI\/AAAAAAAADBY\/EfOcli6xbSQYu9fEAmPlkUjDBpDCZcawACLcBGAsYHQ\/s200\/unnamed.jpg\" width=\"120\" \/><\/a>Chi volesse andare alla radice del problema della fragilit\u00e0 dimostrata dal sistema sanitario nazionale (che \u00e8 cosa diversa dal personale medico e sanitario) pu\u00f2 leggere utilmente questo libro di <b>Walter Ricciardi<\/b>, <i>La battaglia per la salute<\/i>, Laterza.<br \/>Ma pu\u00f2 anche leggere il <a href=\"http:\/\/www.salute.gov.it\/portale\/influenza\/dettaglioContenutiInfluenza.jsp?id=722&amp;area=influenza&amp;menu=vuoto\">Piano Nazionale di preparazione e risposta ad una pandemia influenzale<\/a>, varato nel 2002 e poi aggiornato negli anni successivi, e chiedersi perch\u00e9 non sia stato attuato per essere pronti a gestire l&#8217;emergenza odierna.<br \/>O pu\u00f2 chiedersi anche perch\u00e9 mancano le mascherine che tutti dovremmo avere e che non si riescono a produrre in Italia in maniera autosufficiente, mentre invece \u00e8 considerato un bene di prima necessit\u00e0 il caccia bombardiere F-35 la cui costosa produzione prosegue senza problemi: forse perch\u00e9 siamo in guerra?<\/p>\n<p><a href=\"https:\/\/1.bp.blogspot.com\/-n2u-gi3NOgo\/Xo3BW8KZP_I\/AAAAAAAADBU\/k0TdwG_6Fq8brtM4atvE96xR1qmdY2qTwCLcBGAsYHQ\/s1600\/unnamed%2B%25281%2529.jpg\" style=\"clear: left; float: left; margin-bottom: 1em; margin-right: 1em;\"><img loading=\"lazy\" decoding=\"async\" border=\"0\" data-original-height=\"1290\" data-original-width=\"800\" height=\"200\" src=\"https:\/\/1.bp.blogspot.com\/-n2u-gi3NOgo\/Xo3BW8KZP_I\/AAAAAAAADBU\/k0TdwG_6Fq8brtM4atvE96xR1qmdY2qTwCLcBGAsYHQ\/s200\/unnamed%2B%25281%2529.jpg\" width=\"123\" \/><\/a><b>Parole come pietre: Linguaggio, Verit\u00e0, Potere<\/b><\/p>\n<p>L&#8217;abusata e fuorviante metafora guerresca con cui viene descritta questa emergenza sanitaria vorrebbe farci credere che quelle di medici e personale sanitario siano morti quasi inevitabili, perch\u00e9 la guerra \u00e8 la guerra, si sa, ed ha le sue inevitabili vittime e i suoi eroi.<br \/>Ma tutti noi sappiamo che non \u00e8 cos\u00ec.<br \/>Per una riflessione sugli usi fuorvianti delle parole questo articolo del settimanale <b>Vita<\/b>:&nbsp;<i>La viralit\u00e0 del linguaggio bellico.<\/i><\/p>\n<p>Per saperne di pi\u00f9 sulle epidemie, consigliamo la lettura del libro di <b>Giovanni Rezza<\/b>, <i>Epidemie<\/i>, Carocci.<\/p>\n<p><a href=\"https:\/\/1.bp.blogspot.com\/-GMgQ3EuM-tI\/Xo3BXlUBUXI\/AAAAAAAADBc\/p8RvV45gBgoTVU_bkuETSVejJ8NwaOuegCLcBGAsYHQ\/s1600\/unnamed.png\" style=\"clear: left; float: left; margin-bottom: 1em; margin-right: 1em;\"><img loading=\"lazy\" decoding=\"async\" border=\"0\" data-original-height=\"420\" data-original-width=\"286\" height=\"200\" src=\"https:\/\/1.bp.blogspot.com\/-GMgQ3EuM-tI\/Xo3BXlUBUXI\/AAAAAAAADBc\/p8RvV45gBgoTVU_bkuETSVejJ8NwaOuegCLcBGAsYHQ\/s200\/unnamed.png\" width=\"135\" \/><\/a><b>Democrazia al tempo del Coronavirus<\/b><\/p>\n<p>La decisione del parlamento ungherese di decretare lo stato di emergenza a tempo indeterminato dando pieni poteri al premier Viktor Orban annulla il principio stesso della democrazia in quel paese. Questo \u00e8 l&#8217;ultimo ed eclatante esempio di come questa pandemia e la necessit\u00e0 di prendere misure straordinarie (per ordine di grandezza e per misure adottate) ponga in questione il problema della tenuta della democrazia in occidente.<br \/>Il dibattito \u00e8 aperto ed \u00e8 importantissimo, anche se la narrazione dell&#8217;essere in guerra porti ad offuscare se non a negare l&#8217;utilit\u00e0 di esercitare una riflessione critica sui provvedimenti via via presi e sui modi con cui vengono attuati.<br \/>Non crediamo che il nostro Parlamento corra il rischio di diventare <i>&#8220;un bivacco di manipoli&#8221;<\/i> come qualcuno forse vorrebbe, ma non possiamo, in nome dell&#8217;emergenza, rinunciare a difenderci anche dal virus dell&#8217;antidemocrazia.<\/p>\n<p>Su questi temi vi segnaliamo un <a href=\"https:\/\/www.byoblu.com\/2020\/03\/10\/da-questo-stato-di-eccezione-non-si-torna-indietro-ugo-mattei-byoblu24\/\">intervento video del professor Ugo Mattei<\/a>, &nbsp;e il libro del professor <b>Giovanni Ziccardi<\/b>, <i>Internet, controllo e libert\u00e0. Trasparenza, sorveglianza e segreto nell&#8217;era tecnologica<\/i>, Raffaello Cortina Editore, oltre a invitarvi ad una rilettura della <i>Costituzione Italiana<\/i>, illustrata da <b>Alberto Maritati <\/b>nel suo libro pubblicato da Laterza.<\/div>\n<div><\/div>\n<div><\/div>\n<div><\/div>\n<div><b>SPAZIO BK<\/b>&nbsp;&#8211; Via Luigi Porro Lambertenghi 20<\/div>\n<div>Social:&nbsp;<a href=\"https:\/\/www.spaziobk.com\/\" target=\"_blank\" rel=\"noopener noreferrer\">Sito<\/a>&nbsp;&#8211;&nbsp;<a href=\"https:\/\/www.facebook.com\/SpazioBk\/\" target=\"_blank\" rel=\"noopener noreferrer\">Facebook<\/a><\/div>\n<div><\/div>\n<div>Ringrazio la libreria Spazio BK di Milano per l&#8217;entusiasmo dimostrato nel partecipare a questa iniziativa:<\/div>\n<div><\/div>\n<div><a href=\"https:\/\/1.bp.blogspot.com\/-Kb7el7_JtEI\/Xo3BU2vq9sI\/AAAAAAAADA4\/0MIhJlTgo0APZrQB7V0iE8OpbsEdaLHBACLcBGAsYHQ\/s1600\/download%2B%25283%2529.jpg\" style=\"clear: right; float: right; margin-bottom: 1em; margin-left: 1em;\"><img loading=\"lazy\" decoding=\"async\" border=\"0\" data-original-height=\"225\" data-original-width=\"225\" height=\"200\" src=\"https:\/\/1.bp.blogspot.com\/-Kb7el7_JtEI\/Xo3BU2vq9sI\/AAAAAAAADA4\/0MIhJlTgo0APZrQB7V0iE8OpbsEdaLHBACLcBGAsYHQ\/s200\/download%2B%25283%2529.jpg\" width=\"200\" \/><\/a>SpazioB**K ha dovuto chiudere serranda come tutti gli esercizi commerciali ma teniamo viva la relazione con i lettori attraverso tre newsletter settimanali di racconto di libri e sta promuovendo con pi\u00f9 energia il proprio sito ecom (<a href=\"http:\/\/www.spaziobk.com\/\">www.spaziobk.com<\/a>), oltre alle richieste di consegne a domicilio nei dintorni della libreria. &nbsp;Inoltre studiamo meglio il catalogo, riorganizziamo i reparti, recuperiamo lavoro arretrato, ripensiamo al nostro lavoro, progettiamo il futuro calendario dei corsi della libreria e cerchiamo di venire nuove idee tenendo d&#8217;occhio quello che si sta muovendo in questo momento, dentro e intorno alla cultura. Coltiviamo questo tempo per resistere, ma soprattutto per continuare a cambiare. Il nostro consiglio \u00e8 di tenere vive le lucciole, le luci di una cultura umana:<br \/><a href=\"https:\/\/www.spaziobk.com\/prodotto\/libri\/come-le-lucciole\/\">https:\/\/www.spaziobk.com\/prodotto\/libri\/come-le-lucciole\/<\/a>&nbsp;<\/div>\n<div><a href=\"https:\/\/www.spaziobk.com\/prodotto\/libri\/un-punto-di-approdo\/\">https:\/\/www.spaziobk.com\/prodotto\/libri\/un-punto-di-approdo\/<\/a><\/div>\n<p><\/div>\n<div style=\"text-align: justify;\"><b>TEMPO RITROVATO LIBRI&nbsp;<\/b>\u2013 Corso Garibaldi 17<br \/>Social: <a href=\"https:\/\/temporitrovatolibri.it\/\" target=\"_blank\" rel=\"noopener noreferrer\">Sito<\/a> &#8211; <a href=\"https:\/\/www.facebook.com\/trlibri\/\" target=\"_blank\" rel=\"noopener noreferrer\">Facebook<\/a><\/p>\n<p>Ringrazio i proprietari della libreria Tempo Ritrovato di Milano,&nbsp;Deborah e Luca Allodi, per la celerit\u00e0 nel rispondere positivamente al progetto:<\/p>\n<p><a href=\"https:\/\/1.bp.blogspot.com\/-9YTiZtojBHY\/Xo3BVYPoLoI\/AAAAAAAADBE\/hoRfH1z5FGwHqxfhboaShy6VGWmUyULewCLcBGAsYHQ\/s1600\/download%2B%25284%2529.jpg\" style=\"clear: right; float: right; margin-bottom: 1em; margin-left: 1em;\"><img loading=\"lazy\" decoding=\"async\" border=\"0\" data-original-height=\"160\" data-original-width=\"120\" height=\"200\" src=\"https:\/\/1.bp.blogspot.com\/-9YTiZtojBHY\/Xo3BVYPoLoI\/AAAAAAAADBE\/hoRfH1z5FGwHqxfhboaShy6VGWmUyULewCLcBGAsYHQ\/s200\/download%2B%25284%2529.jpg\" width=\"150\" \/><\/a>Dopo un primo momento di sbigottimento abbiamo deciso che si doveva fare qualcosa, il periodo di stasi si prospettava lungo, era necessario delineare un un nuovo futuro per la libreria, in attesa di tempi migliori\ufffc. Abbiamo deciso che questo tempo sospeso doveva essere investito per la libreria e i librai del domani\ufffc. Siamo convinti che da ogni avversit\u00e0 possono nascere delle nuove opportunit\u00e0 e, comunque, avevamo bisogno di vedere positivo. Ci siamo subito messi a disposizione dei nostri lettori invitandoli a chiamarci anche solo per consigli da casa via telefono o tramite mail. Sono poi sopravvenute anche diverse iniziative da parte degli editori e distributori, a sostegno della spedizione dei librai, e il recapito dei libri in tutta Italia \u00e8 diventata una realt\u00e0.<br \/>Abbiamo ampliato le modalit\u00e0 in cui essere presenti sui social (video recensioni, recensioni classiche, incontri i diretta fb) senza diventare invadenti o snaturare ci\u00f2 che siamo.<br \/>Da questa settimana abbiamo deciso di riattivare la consegna domicilio, per la quale c\u2019\u00e8 stato un lungo periodo di incertezza normativa,\ufffc ovviamente dando massima priorit\u00e0\ufffcalla sicurezza. Consegniamo \ufffcla dove \u00e8 possibile quindi a Milano in zona Brera e zone limitrofe.<br \/>Stiamo ragionando insieme ad altri editori e librai su come sviluppare il canale digitale per gli \u2018incontri\u2019. Paradossalmente questo canale potrebbe consentire di effettuare con pi\u00f9 scioltezza e minori costi le presentazioni con autori internazionali o, comunque, originari di luoghi d\u2019Italia distanti dalla libreria.<br \/>Certo non \u00e8 come essere in libreria ma, d\u2019altro canto, da ogni situazione bisogna far affiorare il meglio\ufffc.<br \/>Quello che emerge \u00e8 che, in questo momento di difficolt\u00e0, molti attori della filiera editoriale sono riusciti a fare rete e stanno ancora lavorando per sviluppare altri progetti condivisi che sostengano la lettura e i libro. L\u2019unione e la condivisione portano buone idee e generano energia positiva che aiuta a rinnovare la nostra passione giorno dopo giorno\ufffc\ufffc. Non sentirsi soli \u00e8 una bella forza\ufffc!<\/p>\n<p><b>LIBRERIA TARANTOLA<\/b>&nbsp;&#8211; Piazza Martiri di Via Fani 1 &#8211; Sesto San Giovanni<br \/>Social: <a href=\"https:\/\/www.facebook.com\/libreriatarantolasesto\/\" target=\"_blank\" rel=\"noopener noreferrer\">Facebook<\/a><\/p>\n<p>Sono particolarmente affezionata a questa libreria, sia perch\u00e9 mia mamma a sua volta la frequentava da giovane, sia per la qualit\u00e0 delle iniziative che vengono portate localmente avanti. La Tarantola \u00e8 una delle pi\u00f9 antiche librerie d&#8217;Italia, fondata ben nel 1859 e ha conquistato nel 2018 il premio come migliore libreria d&#8217;Italia.<br \/>Ho avuto modo di parlare a voce con il proprietario, il Sig. Giorgio Tarantola, che ha risposto ben volentieri all&#8217;iniziativa presentata:<\/p>\n<div style=\"clear: both; text-align: center;\"><a href=\"https:\/\/1.bp.blogspot.com\/-OPz-zUgcW-8\/Xo3BWIkB3NI\/AAAAAAAADBQ\/6KVmG5VFSakCyvMxLhsOQG4pR1E6-DvbACLcBGAsYHQ\/s1600\/download%2B%25286%2529.jpg\" style=\"clear: right; float: right; margin-bottom: 1em; margin-left: 1em;\"><img loading=\"lazy\" decoding=\"async\" border=\"0\" data-original-height=\"183\" data-original-width=\"275\" height=\"133\" src=\"https:\/\/1.bp.blogspot.com\/-OPz-zUgcW-8\/Xo3BWIkB3NI\/AAAAAAAADBQ\/6KVmG5VFSakCyvMxLhsOQG4pR1E6-DvbACLcBGAsYHQ\/s200\/download%2B%25286%2529.jpg\" width=\"200\" \/><\/a><\/div>\n<p>La situazione \u00e8 parsa fin da subito non facile. Nonostante la libreria sia chiusa al pubblico, l&#8217;attivit\u00e0 comunque non si \u00e8 mai totalmente fermata. Questo \u00e8 stato possibile attraverso il servizio gratuito di consegne a domicilio locale e anche grazie al progetto nazionale Libri d&#8217;Asporto, volto a supportare le librerie indipendenti su tutto il territorio nazionale. I libri possono quindi essere tranquillamente ordinati, tramite la pagina facebook, una mail o un messaggio tramite whatsapp (tutti i contatti sono disponibili sulla pagina)<br \/>Di consigli di lettura possono esserne fatti tanti, questi sono i primi che vengono subito in mente:<br \/>&#8220;La ragazza del Ky\u016bsh\u016b&#8221; di Seich\u014d Matsumoto edito da Adelphi.<br \/>&#8220;Il treno dei bambini&#8221; di Viola Ardone edito da Einaudi.<br \/>&#8220;L&#8217;angelo di Monaco&#8221; di Fabiano Massimi edito da Longanesi.<br \/>&#8220;Tre piani&#8221; di Eshkol Nevo edito da Neri Pozza.<\/p>\n<p><b>GALLERIA DEL LIBRO<\/b>&nbsp;&#8211; Via Mauro Venegoni 55 &#8211; Legnano<br \/>Social: <a href=\"https:\/\/www.facebook.com\/Galleria.del.Libro.Legnano\" target=\"_blank\" rel=\"noopener noreferrer\">Facebook<\/a><\/p>\n<p>Grazie mille alla Galleria del Libro per aver voluto partecipare all&#8217;iniziativa:<\/p>\n<p><a href=\"https:\/\/1.bp.blogspot.com\/-u20tggh2XQs\/Xo3BWE3ejTI\/AAAAAAAADBM\/HnBa9OyjfWgQDDhjoF6yM6Dm8PzX8aOgQCLcBGAsYHQ\/s1600\/download%2B%25287%2529.jpg\" style=\"clear: right; float: right; margin-bottom: 1em; margin-left: 1em;\"><img decoding=\"async\" border=\"0\" data-original-height=\"159\" data-original-width=\"106\" src=\"https:\/\/1.bp.blogspot.com\/-u20tggh2XQs\/Xo3BWE3ejTI\/AAAAAAAADBM\/HnBa9OyjfWgQDDhjoF6yM6Dm8PzX8aOgQCLcBGAsYHQ\/s1600\/download%2B%25287%2529.jpg\" \/><\/a>Noi in questo momento viviamo una quotidianit\u00e0 un po&#8217; strana: siamo aperti in quanto edicola, ma la libreria \u00e8 chiusa dal decreto. Quindi ci troviamo ad avere ancora il contatto quotidiano con il pubblico, ma in modo pi\u00f9 rapido e senza quelle belle chiacchierate sui libri che facevamo prima. Non ci siamo arresi, per\u00f2, e ci siamo organizzati per fare consegne a domicilio ai nostri clienti, in modo da non far mancare a nessuno quella medicina per l&#8217;anima che sono i libri! Speriamo di tornare presto alla normalit\u00e0, che per noi vuol dire soprattutto incontri con gli autori (e queste s\u00ec, che mancano immensamente!).<\/p>\n<div style=\"clear: both; text-align: center;\"><a href=\"https:\/\/1.bp.blogspot.com\/-VCAnZpHZyZg\/Xo3C1X8KT3I\/AAAAAAAADB8\/vMBIpIwnZTQnPt847XzvHxaPE_VEZHpzACLcBGAsYHQ\/s1600\/Blogger%2BUniti%2B-%2Bquadrato%2Bgrande.jpg\" style=\"margin-left: 1em; margin-right: 1em;\"><img loading=\"lazy\" decoding=\"async\" border=\"0\" data-original-height=\"1562\" data-original-width=\"1562\" height=\"400\" src=\"https:\/\/1.bp.blogspot.com\/-VCAnZpHZyZg\/Xo3C1X8KT3I\/AAAAAAAADB8\/vMBIpIwnZTQnPt847XzvHxaPE_VEZHpzACLcBGAsYHQ\/s400\/Blogger%2BUniti%2B-%2Bquadrato%2Bgrande.jpg\" width=\"400\" \/><\/a><\/div>\n<\/div>\n","protected":false},"excerpt":{"rendered":"<p>BLOGGER UNITI PER LE LIBRERIE INDIPENDENTI Blogger da tutta Italia si uniscono per sostenere le librerie indipendenti Una rete informativa formata da oltre 30 blogger, in sole 24 ore Il 6 aprile in partenza la prima iniziativa Il mondo editoriale e culturale italiano sta vivendo uno dei momenti pi\u00f9 difficili della storia moderna. Il lockdown [&hellip;]<\/p>\n","protected":false},"author":1,"featured_media":0,"comment_status":"open","ping_status":"open","sticky":false,"template":"","format":"standard","meta":{"footnotes":""},"categories":[16],"tags":[],"class_list":["post-457","post","type-post","status-publish","format-standard","hentry","category-eventi"],"yoast_head":"<!-- This site is optimized with the Yoast SEO plugin v25.9 - https:\/\/yoast.com\/wordpress\/plugins\/seo\/ -->\n<title>BLOGGER UNITI PER LE LIBRERIE INDIPENDENTI - The Mad Otter<\/title>\n<meta name=\"robots\" content=\"index, follow, max-snippet:-1, max-image-preview:large, max-video-preview:-1\" \/>\n<link rel=\"canonical\" href=\"https:\/\/the-mad-otter.it\/index.php\/2020\/04\/10\/blogger-uniti-per-le-librerie-indipendenti\/\" \/>\n<meta property=\"og:locale\" content=\"it_IT\" \/>\n<meta property=\"og:type\" content=\"article\" \/>\n<meta property=\"og:title\" content=\"BLOGGER UNITI PER LE LIBRERIE INDIPENDENTI - The Mad Otter\" \/>\n<meta property=\"og:description\" content=\"BLOGGER UNITI PER LE LIBRERIE INDIPENDENTI Blogger da tutta Italia si uniscono per sostenere le librerie indipendenti Una rete informativa formata da oltre 30 blogger, in sole 24 ore Il 6 aprile in partenza la prima iniziativa Il mondo editoriale e culturale italiano sta vivendo uno dei momenti pi\u00f9 difficili della storia moderna. Il lockdown [&hellip;]\" \/>\n<meta property=\"og:url\" content=\"https:\/\/the-mad-otter.it\/index.php\/2020\/04\/10\/blogger-uniti-per-le-librerie-indipendenti\/\" \/>\n<meta property=\"og:site_name\" content=\"The Mad Otter\" \/>\n<meta property=\"article:publisher\" content=\"https:\/\/www.facebook.com\/themadotterblog\" \/>\n<meta property=\"article:published_time\" content=\"2020-04-10T07:20:00+00:00\" \/>\n<meta property=\"og:image\" content=\"https:\/\/1.bp.blogspot.com\/-L2e2dnoXFhM\/Xo3BUzIUfWI\/AAAAAAAADA8\/Nv8dt721yAk9sqIOamQ9SA2J8dZM3yeagCLcBGAsYHQ\/s400\/Blogger%2BUniti%2B-%2Bcopertina%2BFB%2Brettangolare.jpg\" \/>\n<meta name=\"author\" content=\"Tiziana\" \/>\n<meta name=\"twitter:card\" content=\"summary_large_image\" \/>\n<meta name=\"twitter:creator\" content=\"@TheMadOtterBlog\" \/>\n<meta name=\"twitter:site\" content=\"@TheMadOtterBlog\" \/>\n<meta name=\"twitter:label1\" content=\"Scritto da\" \/>\n\t<meta name=\"twitter:data1\" content=\"Tiziana\" \/>\n\t<meta name=\"twitter:label2\" content=\"Tempo di lettura stimato\" \/>\n\t<meta name=\"twitter:data2\" content=\"14 minuti\" \/>\n<script type=\"application\/ld+json\" class=\"yoast-schema-graph\">{\"@context\":\"https:\/\/schema.org\",\"@graph\":[{\"@type\":\"WebPage\",\"@id\":\"https:\/\/the-mad-otter.it\/index.php\/2020\/04\/10\/blogger-uniti-per-le-librerie-indipendenti\/\",\"url\":\"https:\/\/the-mad-otter.it\/index.php\/2020\/04\/10\/blogger-uniti-per-le-librerie-indipendenti\/\",\"name\":\"BLOGGER UNITI PER LE LIBRERIE INDIPENDENTI - The Mad Otter\",\"isPartOf\":{\"@id\":\"https:\/\/the-mad-otter.it\/#website\"},\"primaryImageOfPage\":{\"@id\":\"https:\/\/the-mad-otter.it\/index.php\/2020\/04\/10\/blogger-uniti-per-le-librerie-indipendenti\/#primaryimage\"},\"image\":{\"@id\":\"https:\/\/the-mad-otter.it\/index.php\/2020\/04\/10\/blogger-uniti-per-le-librerie-indipendenti\/#primaryimage\"},\"thumbnailUrl\":\"https:\/\/1.bp.blogspot.com\/-L2e2dnoXFhM\/Xo3BUzIUfWI\/AAAAAAAADA8\/Nv8dt721yAk9sqIOamQ9SA2J8dZM3yeagCLcBGAsYHQ\/s400\/Blogger%2BUniti%2B-%2Bcopertina%2BFB%2Brettangolare.jpg\",\"datePublished\":\"2020-04-10T07:20:00+00:00\",\"author\":{\"@id\":\"https:\/\/the-mad-otter.it\/#\/schema\/person\/c88992abc52fdb12594f56b68f54421a\"},\"breadcrumb\":{\"@id\":\"https:\/\/the-mad-otter.it\/index.php\/2020\/04\/10\/blogger-uniti-per-le-librerie-indipendenti\/#breadcrumb\"},\"inLanguage\":\"it-IT\",\"potentialAction\":[{\"@type\":\"ReadAction\",\"target\":[\"https:\/\/the-mad-otter.it\/index.php\/2020\/04\/10\/blogger-uniti-per-le-librerie-indipendenti\/\"]}]},{\"@type\":\"ImageObject\",\"inLanguage\":\"it-IT\",\"@id\":\"https:\/\/the-mad-otter.it\/index.php\/2020\/04\/10\/blogger-uniti-per-le-librerie-indipendenti\/#primaryimage\",\"url\":\"https:\/\/1.bp.blogspot.com\/-L2e2dnoXFhM\/Xo3BUzIUfWI\/AAAAAAAADA8\/Nv8dt721yAk9sqIOamQ9SA2J8dZM3yeagCLcBGAsYHQ\/s400\/Blogger%2BUniti%2B-%2Bcopertina%2BFB%2Brettangolare.jpg\",\"contentUrl\":\"https:\/\/1.bp.blogspot.com\/-L2e2dnoXFhM\/Xo3BUzIUfWI\/AAAAAAAADA8\/Nv8dt721yAk9sqIOamQ9SA2J8dZM3yeagCLcBGAsYHQ\/s400\/Blogger%2BUniti%2B-%2Bcopertina%2BFB%2Brettangolare.jpg\"},{\"@type\":\"BreadcrumbList\",\"@id\":\"https:\/\/the-mad-otter.it\/index.php\/2020\/04\/10\/blogger-uniti-per-le-librerie-indipendenti\/#breadcrumb\",\"itemListElement\":[{\"@type\":\"ListItem\",\"position\":1,\"name\":\"Home\",\"item\":\"https:\/\/the-mad-otter.it\/\"},{\"@type\":\"ListItem\",\"position\":2,\"name\":\"BLOGGER UNITI PER LE LIBRERIE INDIPENDENTI\"}]},{\"@type\":\"WebSite\",\"@id\":\"https:\/\/the-mad-otter.it\/#website\",\"url\":\"https:\/\/the-mad-otter.it\/\",\"name\":\"The Mad Otter\",\"description\":\"Benvenuti nella tana della lontra.\",\"potentialAction\":[{\"@type\":\"SearchAction\",\"target\":{\"@type\":\"EntryPoint\",\"urlTemplate\":\"https:\/\/the-mad-otter.it\/?s={search_term_string}\"},\"query-input\":{\"@type\":\"PropertyValueSpecification\",\"valueRequired\":true,\"valueName\":\"search_term_string\"}}],\"inLanguage\":\"it-IT\"},{\"@type\":\"Person\",\"@id\":\"https:\/\/the-mad-otter.it\/#\/schema\/person\/c88992abc52fdb12594f56b68f54421a\",\"name\":\"Tiziana\",\"image\":{\"@type\":\"ImageObject\",\"inLanguage\":\"it-IT\",\"@id\":\"https:\/\/the-mad-otter.it\/#\/schema\/person\/image\/\",\"url\":\"https:\/\/secure.gravatar.com\/avatar\/2f1134c8975ffa6363b410d99e9ba1c2b856c22c7c1137ae53547a98d7ff6cf7?s=96&d=mm&r=g\",\"contentUrl\":\"https:\/\/secure.gravatar.com\/avatar\/2f1134c8975ffa6363b410d99e9ba1c2b856c22c7c1137ae53547a98d7ff6cf7?s=96&d=mm&r=g\",\"caption\":\"Tiziana\"},\"url\":\"\"}]}<\/script>\n<!-- \/ Yoast SEO plugin. -->","yoast_head_json":{"title":"BLOGGER UNITI PER LE LIBRERIE INDIPENDENTI - The Mad Otter","robots":{"index":"index","follow":"follow","max-snippet":"max-snippet:-1","max-image-preview":"max-image-preview:large","max-video-preview":"max-video-preview:-1"},"canonical":"https:\/\/the-mad-otter.it\/index.php\/2020\/04\/10\/blogger-uniti-per-le-librerie-indipendenti\/","og_locale":"it_IT","og_type":"article","og_title":"BLOGGER UNITI PER LE LIBRERIE INDIPENDENTI - The Mad Otter","og_description":"BLOGGER UNITI PER LE LIBRERIE INDIPENDENTI Blogger da tutta Italia si uniscono per sostenere le librerie indipendenti Una rete informativa formata da oltre 30 blogger, in sole 24 ore Il 6 aprile in partenza la prima iniziativa Il mondo editoriale e culturale italiano sta vivendo uno dei momenti pi\u00f9 difficili della storia moderna. Il lockdown [&hellip;]","og_url":"https:\/\/the-mad-otter.it\/index.php\/2020\/04\/10\/blogger-uniti-per-le-librerie-indipendenti\/","og_site_name":"The Mad Otter","article_publisher":"https:\/\/www.facebook.com\/themadotterblog","article_published_time":"2020-04-10T07:20:00+00:00","og_image":[{"url":"https:\/\/1.bp.blogspot.com\/-L2e2dnoXFhM\/Xo3BUzIUfWI\/AAAAAAAADA8\/Nv8dt721yAk9sqIOamQ9SA2J8dZM3yeagCLcBGAsYHQ\/s400\/Blogger%2BUniti%2B-%2Bcopertina%2BFB%2Brettangolare.jpg","type":"","width":"","height":""}],"author":"Tiziana","twitter_card":"summary_large_image","twitter_creator":"@TheMadOtterBlog","twitter_site":"@TheMadOtterBlog","twitter_misc":{"Scritto da":"Tiziana","Tempo di lettura stimato":"14 minuti"},"schema":{"@context":"https:\/\/schema.org","@graph":[{"@type":"WebPage","@id":"https:\/\/the-mad-otter.it\/index.php\/2020\/04\/10\/blogger-uniti-per-le-librerie-indipendenti\/","url":"https:\/\/the-mad-otter.it\/index.php\/2020\/04\/10\/blogger-uniti-per-le-librerie-indipendenti\/","name":"BLOGGER UNITI PER LE LIBRERIE INDIPENDENTI - The Mad Otter","isPartOf":{"@id":"https:\/\/the-mad-otter.it\/#website"},"primaryImageOfPage":{"@id":"https:\/\/the-mad-otter.it\/index.php\/2020\/04\/10\/blogger-uniti-per-le-librerie-indipendenti\/#primaryimage"},"image":{"@id":"https:\/\/the-mad-otter.it\/index.php\/2020\/04\/10\/blogger-uniti-per-le-librerie-indipendenti\/#primaryimage"},"thumbnailUrl":"https:\/\/1.bp.blogspot.com\/-L2e2dnoXFhM\/Xo3BUzIUfWI\/AAAAAAAADA8\/Nv8dt721yAk9sqIOamQ9SA2J8dZM3yeagCLcBGAsYHQ\/s400\/Blogger%2BUniti%2B-%2Bcopertina%2BFB%2Brettangolare.jpg","datePublished":"2020-04-10T07:20:00+00:00","author":{"@id":"https:\/\/the-mad-otter.it\/#\/schema\/person\/c88992abc52fdb12594f56b68f54421a"},"breadcrumb":{"@id":"https:\/\/the-mad-otter.it\/index.php\/2020\/04\/10\/blogger-uniti-per-le-librerie-indipendenti\/#breadcrumb"},"inLanguage":"it-IT","potentialAction":[{"@type":"ReadAction","target":["https:\/\/the-mad-otter.it\/index.php\/2020\/04\/10\/blogger-uniti-per-le-librerie-indipendenti\/"]}]},{"@type":"ImageObject","inLanguage":"it-IT","@id":"https:\/\/the-mad-otter.it\/index.php\/2020\/04\/10\/blogger-uniti-per-le-librerie-indipendenti\/#primaryimage","url":"https:\/\/1.bp.blogspot.com\/-L2e2dnoXFhM\/Xo3BUzIUfWI\/AAAAAAAADA8\/Nv8dt721yAk9sqIOamQ9SA2J8dZM3yeagCLcBGAsYHQ\/s400\/Blogger%2BUniti%2B-%2Bcopertina%2BFB%2Brettangolare.jpg","contentUrl":"https:\/\/1.bp.blogspot.com\/-L2e2dnoXFhM\/Xo3BUzIUfWI\/AAAAAAAADA8\/Nv8dt721yAk9sqIOamQ9SA2J8dZM3yeagCLcBGAsYHQ\/s400\/Blogger%2BUniti%2B-%2Bcopertina%2BFB%2Brettangolare.jpg"},{"@type":"BreadcrumbList","@id":"https:\/\/the-mad-otter.it\/index.php\/2020\/04\/10\/blogger-uniti-per-le-librerie-indipendenti\/#breadcrumb","itemListElement":[{"@type":"ListItem","position":1,"name":"Home","item":"https:\/\/the-mad-otter.it\/"},{"@type":"ListItem","position":2,"name":"BLOGGER UNITI PER LE LIBRERIE INDIPENDENTI"}]},{"@type":"WebSite","@id":"https:\/\/the-mad-otter.it\/#website","url":"https:\/\/the-mad-otter.it\/","name":"The Mad Otter","description":"Benvenuti nella tana della lontra.","potentialAction":[{"@type":"SearchAction","target":{"@type":"EntryPoint","urlTemplate":"https:\/\/the-mad-otter.it\/?s={search_term_string}"},"query-input":{"@type":"PropertyValueSpecification","valueRequired":true,"valueName":"search_term_string"}}],"inLanguage":"it-IT"},{"@type":"Person","@id":"https:\/\/the-mad-otter.it\/#\/schema\/person\/c88992abc52fdb12594f56b68f54421a","name":"Tiziana","image":{"@type":"ImageObject","inLanguage":"it-IT","@id":"https:\/\/the-mad-otter.it\/#\/schema\/person\/image\/","url":"https:\/\/secure.gravatar.com\/avatar\/2f1134c8975ffa6363b410d99e9ba1c2b856c22c7c1137ae53547a98d7ff6cf7?s=96&d=mm&r=g","contentUrl":"https:\/\/secure.gravatar.com\/avatar\/2f1134c8975ffa6363b410d99e9ba1c2b856c22c7c1137ae53547a98d7ff6cf7?s=96&d=mm&r=g","caption":"Tiziana"},"url":""}]}},"_links":{"self":[{"href":"https:\/\/the-mad-otter.it\/index.php\/wp-json\/wp\/v2\/posts\/457","targetHints":{"allow":["GET"]}}],"collection":[{"href":"https:\/\/the-mad-otter.it\/index.php\/wp-json\/wp\/v2\/posts"}],"about":[{"href":"https:\/\/the-mad-otter.it\/index.php\/wp-json\/wp\/v2\/types\/post"}],"author":[{"embeddable":true,"href":"https:\/\/the-mad-otter.it\/index.php\/wp-json\/wp\/v2\/users\/1"}],"replies":[{"embeddable":true,"href":"https:\/\/the-mad-otter.it\/index.php\/wp-json\/wp\/v2\/comments?post=457"}],"version-history":[{"count":0,"href":"https:\/\/the-mad-otter.it\/index.php\/wp-json\/wp\/v2\/posts\/457\/revisions"}],"wp:attachment":[{"href":"https:\/\/the-mad-otter.it\/index.php\/wp-json\/wp\/v2\/media?parent=457"}],"wp:term":[{"taxonomy":"category","embeddable":true,"href":"https:\/\/the-mad-otter.it\/index.php\/wp-json\/wp\/v2\/categories?post=457"},{"taxonomy":"post_tag","embeddable":true,"href":"https:\/\/the-mad-otter.it\/index.php\/wp-json\/wp\/v2\/tags?post=457"}],"curies":[{"name":"wp","href":"https:\/\/api.w.org\/{rel}","templated":true}]}}