{"id":3461,"date":"2021-03-24T14:18:20","date_gmt":"2021-03-24T13:18:20","guid":{"rendered":"http:\/\/www.the-mad-otter.it\/?p=3461"},"modified":"2021-03-24T19:52:05","modified_gmt":"2021-03-24T18:52:05","slug":"blog-tour-leredita-celtica-origini-e-antropologia-dei-popoli-cisalpini-di-stefano-spagocci-arte-celtica","status":"publish","type":"post","link":"https:\/\/the-mad-otter.it\/index.php\/2021\/03\/24\/blog-tour-leredita-celtica-origini-e-antropologia-dei-popoli-cisalpini-di-stefano-spagocci-arte-celtica\/","title":{"rendered":"Blog Tour: &#8220;L&#8217;eredit\u00e0 celtica. Origini e antropologia dei Popoli Cisalpini&#8221; di Stefano Spagocci &#8211; Arte celtica"},"content":{"rendered":"\n<div class=\"wp-block-image\"><figure class=\"aligncenter size-large\"><img loading=\"lazy\" decoding=\"async\" width=\"237\" height=\"346\" src=\"https:\/\/the-mad-otter.it\/wp-content\/uploads\/2021\/03\/51vFDcQ6AuL._SY346_.jpg\" alt=\"\" class=\"wp-image-3429\" srcset=\"https:\/\/the-mad-otter.it\/wp-content\/uploads\/2021\/03\/51vFDcQ6AuL._SY346_.jpg 237w, https:\/\/the-mad-otter.it\/wp-content\/uploads\/2021\/03\/51vFDcQ6AuL._SY346_-205x300.jpg 205w\" sizes=\"auto, (max-width: 237px) 100vw, 237px\" \/><\/figure><\/div>\n\n\n\n<p>Quando si pensa all&#8217;arte celtica, consideriamo sempre per comodit\u00e0 e diffusione ci\u00f2 che riconosciamo tale a eventi mondani o a ci\u00f2 che fisicamente \u00e8 pi\u00f9 noto. Se il popolo celtico ha come paese di riferimento principalmente l&#8217;Irlanda, \u00e8 da considerare che la nascita \u00e8 in realt\u00e0 da appropriarsi all&#8217;Europa.<\/p>\n\n\n\n<p>Come ben sappiamo, infatti, &#8220;L&#8217;Eredit\u00e0 Celtica&#8221; di Stefano Spagocci nasce proprio come testo che vada a dimostrare non solo quanto appena detto ma in particolar modo quanto questo abbia influenzato i popoli cisalpini.<\/p>\n\n\n\n<p>L&#8217;arte \u00e8 formata da simboli particolari e specifici, che si ritrovano visivamente ovunque, bisogna solo sapere con che sguardo osservare. E&#8217; un qualcosa che muta col tempo, i luoghi e la cultura e che nel complesso fanno parte di una eredit\u00e0 umana preziosa e imprescindibile. <\/p>\n\n\n\n<p>L&#8217;oggettistica celtica \u00e8 caratterizzata principalmente da elementi composti da metallo e pietra, risalenti circa tra l&#8217;anno 1000 a.C. e il V secolo a.C.<\/p>\n\n\n\n<p>L&#8217;arte risalente alla cultura di Hallstatt \u00e8 forse la pi\u00f9 antica, risalente si pensa all&#8217;et\u00e0 del Bronzo ed \u00e8 caratterizzata da una popolazione tendenzialmente di commerciati, un ricco popolo che poteva godere delle risorse minerarie. Oltre al bronzo \u00e8 possibile trovare oggetti in argento e oro, seppur rari. I motivi pi\u00f9 classici dell&#8217;arte celtica sono quelli geometrici, ma non mancavano mai di raffigurare animali e spirali.<\/p>\n\n\n\n\n\n<p>L&#8217;arte lateniana, considerata dagli storici l&#8217;inizio della vera e propria arte celtica, prende come modello figure legate alla natura ma con un aspetto pi\u00f9 curvilineo e armonioso. Qui non mancano mai gioielli e oggetti decorativi fatti in oro, pur non lasciando mai il ferro e il bronzo. I soggetti principali erano quindi foglie e arbusti, che potevano decorare qualsiasi cosa, dalle ciotole, ai gioielli alle sculture.<\/p>\n\n\n\n<p>Non \u00e8 per\u00f2 da dimenticare l&#8217;arte insulare, che prende come luogo principale l&#8217;Irlanda. L&#8217;influenza cristiana ha dato vita a opere come il Libro di Kells e le Croci celtiche. All&#8217;Irlanda si aggiunsero la Scozia e il Galles, realizzando preziosi manoscritti miniati.<\/p>\n\n\n\n<div class=\"wp-block-image\"><figure class=\"aligncenter size-large\"><img loading=\"lazy\" decoding=\"async\" width=\"300\" height=\"228\" src=\"https:\/\/the-mad-otter.it\/wp-content\/uploads\/2021\/03\/croce-celtica-300x228-1.jpg\" alt=\"\" class=\"wp-image-3465\"\/><\/figure><\/div>\n\n\n\n<p>La moderna rinascita celtica inizia intorno al periodo della scoperta della spilla di Tara nel 1850. Le spille aumentarono di popolarit\u00e0 e la rinascita balz\u00f2 negli Stati Uniti, dove l&#8217;architettura e le lapidi iniziarono a mostrare motivi celtici.<\/p>\n\n\n\n<p>L&#8217;espansione a quel punto \u00e8 inarrestabile cos\u00ec come l&#8217;influenza su altre civilt\u00e0. Il loro apporto alla visione del mondo \u00e8 senza precedenti, ritornando ancora al giorno d&#8217;oggi come stile d&#8217;arte ancora amato e voluto.<\/p>\n\n\n\n\n\n<div class=\"wp-block-image\"><figure class=\"aligncenter size-large\"><img loading=\"lazy\" decoding=\"async\" width=\"956\" height=\"494\" src=\"https:\/\/the-mad-otter.it\/wp-content\/uploads\/2021\/03\/154341742_10207634995150318_8029353410186300985_n.jpg\" alt=\"\" class=\"wp-image-3428\" srcset=\"https:\/\/the-mad-otter.it\/wp-content\/uploads\/2021\/03\/154341742_10207634995150318_8029353410186300985_n.jpg 956w, https:\/\/the-mad-otter.it\/wp-content\/uploads\/2021\/03\/154341742_10207634995150318_8029353410186300985_n-300x155.jpg 300w, https:\/\/the-mad-otter.it\/wp-content\/uploads\/2021\/03\/154341742_10207634995150318_8029353410186300985_n-768x397.jpg 768w\" sizes=\"auto, (max-width: 956px) 100vw, 956px\" \/><\/figure><\/div>\n\n\n\n<p><\/p>\n","protected":false},"excerpt":{"rendered":"<p>Quando si pensa all&#8217;arte celtica, consideriamo sempre per comodit\u00e0 e diffusione ci\u00f2 che riconosciamo tale a eventi mondani o a ci\u00f2 che fisicamente \u00e8 pi\u00f9 noto. Se il popolo celtico ha come paese di riferimento principalmente l&#8217;Irlanda, \u00e8 da considerare che la nascita \u00e8 in realt\u00e0 da appropriarsi all&#8217;Europa. Come ben sappiamo, infatti, &#8220;L&#8217;Eredit\u00e0 Celtica&#8221; [&hellip;]<\/p>\n","protected":false},"author":1,"featured_media":3428,"comment_status":"open","ping_status":"open","sticky":false,"template":"","format":"standard","meta":{"footnotes":""},"categories":[14,4,373],"tags":[346],"class_list":["post-3461","post","type-post","status-publish","format-standard","has-post-thumbnail","hentry","category-blog-tour","category-libri","category-pressarcheos","tag-libri"],"yoast_head":"<!-- This site is optimized with the Yoast SEO plugin v25.9 - https:\/\/yoast.com\/wordpress\/plugins\/seo\/ -->\n<title>Blog Tour: &quot;L&#039;eredit\u00e0 celtica. Origini e antropologia dei Popoli Cisalpini&quot; di Stefano Spagocci - Arte celtica - The Mad Otter<\/title>\n<meta name=\"robots\" content=\"index, follow, max-snippet:-1, max-image-preview:large, max-video-preview:-1\" \/>\n<link rel=\"canonical\" href=\"https:\/\/the-mad-otter.it\/index.php\/2021\/03\/24\/blog-tour-leredita-celtica-origini-e-antropologia-dei-popoli-cisalpini-di-stefano-spagocci-arte-celtica\/\" \/>\n<meta property=\"og:locale\" content=\"it_IT\" \/>\n<meta property=\"og:type\" content=\"article\" \/>\n<meta property=\"og:title\" content=\"Blog Tour: &quot;L&#039;eredit\u00e0 celtica. Origini e antropologia dei Popoli Cisalpini&quot; di Stefano Spagocci - Arte celtica - The Mad Otter\" \/>\n<meta property=\"og:description\" content=\"Quando si pensa all&#8217;arte celtica, consideriamo sempre per comodit\u00e0 e diffusione ci\u00f2 che riconosciamo tale a eventi mondani o a ci\u00f2 che fisicamente \u00e8 pi\u00f9 noto. Se il popolo celtico ha come paese di riferimento principalmente l&#8217;Irlanda, \u00e8 da considerare che la nascita \u00e8 in realt\u00e0 da appropriarsi all&#8217;Europa. Come ben sappiamo, infatti, &#8220;L&#8217;Eredit\u00e0 Celtica&#8221; [&hellip;]\" \/>\n<meta property=\"og:url\" content=\"https:\/\/the-mad-otter.it\/index.php\/2021\/03\/24\/blog-tour-leredita-celtica-origini-e-antropologia-dei-popoli-cisalpini-di-stefano-spagocci-arte-celtica\/\" \/>\n<meta property=\"og:site_name\" content=\"The Mad Otter\" \/>\n<meta property=\"article:publisher\" content=\"https:\/\/www.facebook.com\/themadotterblog\" \/>\n<meta property=\"article:published_time\" content=\"2021-03-24T13:18:20+00:00\" \/>\n<meta property=\"article:modified_time\" content=\"2021-03-24T18:52:05+00:00\" \/>\n<meta property=\"og:image\" content=\"https:\/\/the-mad-otter.it\/wp-content\/uploads\/2021\/03\/154341742_10207634995150318_8029353410186300985_n.jpg\" \/>\n\t<meta property=\"og:image:width\" content=\"956\" \/>\n\t<meta property=\"og:image:height\" content=\"494\" \/>\n\t<meta property=\"og:image:type\" content=\"image\/jpeg\" \/>\n<meta name=\"author\" content=\"Tiziana\" \/>\n<meta name=\"twitter:card\" content=\"summary_large_image\" \/>\n<meta name=\"twitter:creator\" content=\"@TheMadOtterBlog\" \/>\n<meta name=\"twitter:site\" content=\"@TheMadOtterBlog\" \/>\n<meta name=\"twitter:label1\" content=\"Scritto da\" \/>\n\t<meta name=\"twitter:data1\" content=\"Tiziana\" \/>\n\t<meta name=\"twitter:label2\" content=\"Tempo di lettura stimato\" \/>\n\t<meta name=\"twitter:data2\" content=\"2 minuti\" \/>\n<script type=\"application\/ld+json\" class=\"yoast-schema-graph\">{\"@context\":\"https:\/\/schema.org\",\"@graph\":[{\"@type\":\"WebPage\",\"@id\":\"https:\/\/the-mad-otter.it\/index.php\/2021\/03\/24\/blog-tour-leredita-celtica-origini-e-antropologia-dei-popoli-cisalpini-di-stefano-spagocci-arte-celtica\/\",\"url\":\"https:\/\/the-mad-otter.it\/index.php\/2021\/03\/24\/blog-tour-leredita-celtica-origini-e-antropologia-dei-popoli-cisalpini-di-stefano-spagocci-arte-celtica\/\",\"name\":\"Blog Tour: \\\"L'eredit\u00e0 celtica. Origini e antropologia dei Popoli Cisalpini\\\" di Stefano Spagocci - Arte celtica - The Mad Otter\",\"isPartOf\":{\"@id\":\"https:\/\/the-mad-otter.it\/#website\"},\"primaryImageOfPage\":{\"@id\":\"https:\/\/the-mad-otter.it\/index.php\/2021\/03\/24\/blog-tour-leredita-celtica-origini-e-antropologia-dei-popoli-cisalpini-di-stefano-spagocci-arte-celtica\/#primaryimage\"},\"image\":{\"@id\":\"https:\/\/the-mad-otter.it\/index.php\/2021\/03\/24\/blog-tour-leredita-celtica-origini-e-antropologia-dei-popoli-cisalpini-di-stefano-spagocci-arte-celtica\/#primaryimage\"},\"thumbnailUrl\":\"https:\/\/the-mad-otter.it\/wp-content\/uploads\/2021\/03\/154341742_10207634995150318_8029353410186300985_n.jpg\",\"datePublished\":\"2021-03-24T13:18:20+00:00\",\"dateModified\":\"2021-03-24T18:52:05+00:00\",\"author\":{\"@id\":\"https:\/\/the-mad-otter.it\/#\/schema\/person\/c88992abc52fdb12594f56b68f54421a\"},\"breadcrumb\":{\"@id\":\"https:\/\/the-mad-otter.it\/index.php\/2021\/03\/24\/blog-tour-leredita-celtica-origini-e-antropologia-dei-popoli-cisalpini-di-stefano-spagocci-arte-celtica\/#breadcrumb\"},\"inLanguage\":\"it-IT\",\"potentialAction\":[{\"@type\":\"ReadAction\",\"target\":[\"https:\/\/the-mad-otter.it\/index.php\/2021\/03\/24\/blog-tour-leredita-celtica-origini-e-antropologia-dei-popoli-cisalpini-di-stefano-spagocci-arte-celtica\/\"]}]},{\"@type\":\"ImageObject\",\"inLanguage\":\"it-IT\",\"@id\":\"https:\/\/the-mad-otter.it\/index.php\/2021\/03\/24\/blog-tour-leredita-celtica-origini-e-antropologia-dei-popoli-cisalpini-di-stefano-spagocci-arte-celtica\/#primaryimage\",\"url\":\"https:\/\/the-mad-otter.it\/wp-content\/uploads\/2021\/03\/154341742_10207634995150318_8029353410186300985_n.jpg\",\"contentUrl\":\"https:\/\/the-mad-otter.it\/wp-content\/uploads\/2021\/03\/154341742_10207634995150318_8029353410186300985_n.jpg\",\"width\":956,\"height\":494},{\"@type\":\"BreadcrumbList\",\"@id\":\"https:\/\/the-mad-otter.it\/index.php\/2021\/03\/24\/blog-tour-leredita-celtica-origini-e-antropologia-dei-popoli-cisalpini-di-stefano-spagocci-arte-celtica\/#breadcrumb\",\"itemListElement\":[{\"@type\":\"ListItem\",\"position\":1,\"name\":\"Home\",\"item\":\"https:\/\/the-mad-otter.it\/\"},{\"@type\":\"ListItem\",\"position\":2,\"name\":\"Blog Tour: &#8220;L&#8217;eredit\u00e0 celtica. Origini e antropologia dei Popoli Cisalpini&#8221; di Stefano Spagocci &#8211; Arte celtica\"}]},{\"@type\":\"WebSite\",\"@id\":\"https:\/\/the-mad-otter.it\/#website\",\"url\":\"https:\/\/the-mad-otter.it\/\",\"name\":\"The Mad Otter\",\"description\":\"Benvenuti nella tana della lontra.\",\"potentialAction\":[{\"@type\":\"SearchAction\",\"target\":{\"@type\":\"EntryPoint\",\"urlTemplate\":\"https:\/\/the-mad-otter.it\/?s={search_term_string}\"},\"query-input\":{\"@type\":\"PropertyValueSpecification\",\"valueRequired\":true,\"valueName\":\"search_term_string\"}}],\"inLanguage\":\"it-IT\"},{\"@type\":\"Person\",\"@id\":\"https:\/\/the-mad-otter.it\/#\/schema\/person\/c88992abc52fdb12594f56b68f54421a\",\"name\":\"Tiziana\",\"image\":{\"@type\":\"ImageObject\",\"inLanguage\":\"it-IT\",\"@id\":\"https:\/\/the-mad-otter.it\/#\/schema\/person\/image\/\",\"url\":\"https:\/\/secure.gravatar.com\/avatar\/2f1134c8975ffa6363b410d99e9ba1c2b856c22c7c1137ae53547a98d7ff6cf7?s=96&d=mm&r=g\",\"contentUrl\":\"https:\/\/secure.gravatar.com\/avatar\/2f1134c8975ffa6363b410d99e9ba1c2b856c22c7c1137ae53547a98d7ff6cf7?s=96&d=mm&r=g\",\"caption\":\"Tiziana\"},\"url\":\"\"}]}<\/script>\n<!-- \/ Yoast SEO plugin. -->","yoast_head_json":{"title":"Blog Tour: \"L'eredit\u00e0 celtica. Origini e antropologia dei Popoli Cisalpini\" di Stefano Spagocci - Arte celtica - The Mad Otter","robots":{"index":"index","follow":"follow","max-snippet":"max-snippet:-1","max-image-preview":"max-image-preview:large","max-video-preview":"max-video-preview:-1"},"canonical":"https:\/\/the-mad-otter.it\/index.php\/2021\/03\/24\/blog-tour-leredita-celtica-origini-e-antropologia-dei-popoli-cisalpini-di-stefano-spagocci-arte-celtica\/","og_locale":"it_IT","og_type":"article","og_title":"Blog Tour: \"L'eredit\u00e0 celtica. Origini e antropologia dei Popoli Cisalpini\" di Stefano Spagocci - Arte celtica - The Mad Otter","og_description":"Quando si pensa all&#8217;arte celtica, consideriamo sempre per comodit\u00e0 e diffusione ci\u00f2 che riconosciamo tale a eventi mondani o a ci\u00f2 che fisicamente \u00e8 pi\u00f9 noto. Se il popolo celtico ha come paese di riferimento principalmente l&#8217;Irlanda, \u00e8 da considerare che la nascita \u00e8 in realt\u00e0 da appropriarsi all&#8217;Europa. Come ben sappiamo, infatti, &#8220;L&#8217;Eredit\u00e0 Celtica&#8221; [&hellip;]","og_url":"https:\/\/the-mad-otter.it\/index.php\/2021\/03\/24\/blog-tour-leredita-celtica-origini-e-antropologia-dei-popoli-cisalpini-di-stefano-spagocci-arte-celtica\/","og_site_name":"The Mad Otter","article_publisher":"https:\/\/www.facebook.com\/themadotterblog","article_published_time":"2021-03-24T13:18:20+00:00","article_modified_time":"2021-03-24T18:52:05+00:00","og_image":[{"width":956,"height":494,"url":"https:\/\/the-mad-otter.it\/wp-content\/uploads\/2021\/03\/154341742_10207634995150318_8029353410186300985_n.jpg","type":"image\/jpeg"}],"author":"Tiziana","twitter_card":"summary_large_image","twitter_creator":"@TheMadOtterBlog","twitter_site":"@TheMadOtterBlog","twitter_misc":{"Scritto da":"Tiziana","Tempo di lettura stimato":"2 minuti"},"schema":{"@context":"https:\/\/schema.org","@graph":[{"@type":"WebPage","@id":"https:\/\/the-mad-otter.it\/index.php\/2021\/03\/24\/blog-tour-leredita-celtica-origini-e-antropologia-dei-popoli-cisalpini-di-stefano-spagocci-arte-celtica\/","url":"https:\/\/the-mad-otter.it\/index.php\/2021\/03\/24\/blog-tour-leredita-celtica-origini-e-antropologia-dei-popoli-cisalpini-di-stefano-spagocci-arte-celtica\/","name":"Blog Tour: \"L'eredit\u00e0 celtica. Origini e antropologia dei Popoli Cisalpini\" di Stefano Spagocci - Arte celtica - The Mad Otter","isPartOf":{"@id":"https:\/\/the-mad-otter.it\/#website"},"primaryImageOfPage":{"@id":"https:\/\/the-mad-otter.it\/index.php\/2021\/03\/24\/blog-tour-leredita-celtica-origini-e-antropologia-dei-popoli-cisalpini-di-stefano-spagocci-arte-celtica\/#primaryimage"},"image":{"@id":"https:\/\/the-mad-otter.it\/index.php\/2021\/03\/24\/blog-tour-leredita-celtica-origini-e-antropologia-dei-popoli-cisalpini-di-stefano-spagocci-arte-celtica\/#primaryimage"},"thumbnailUrl":"https:\/\/the-mad-otter.it\/wp-content\/uploads\/2021\/03\/154341742_10207634995150318_8029353410186300985_n.jpg","datePublished":"2021-03-24T13:18:20+00:00","dateModified":"2021-03-24T18:52:05+00:00","author":{"@id":"https:\/\/the-mad-otter.it\/#\/schema\/person\/c88992abc52fdb12594f56b68f54421a"},"breadcrumb":{"@id":"https:\/\/the-mad-otter.it\/index.php\/2021\/03\/24\/blog-tour-leredita-celtica-origini-e-antropologia-dei-popoli-cisalpini-di-stefano-spagocci-arte-celtica\/#breadcrumb"},"inLanguage":"it-IT","potentialAction":[{"@type":"ReadAction","target":["https:\/\/the-mad-otter.it\/index.php\/2021\/03\/24\/blog-tour-leredita-celtica-origini-e-antropologia-dei-popoli-cisalpini-di-stefano-spagocci-arte-celtica\/"]}]},{"@type":"ImageObject","inLanguage":"it-IT","@id":"https:\/\/the-mad-otter.it\/index.php\/2021\/03\/24\/blog-tour-leredita-celtica-origini-e-antropologia-dei-popoli-cisalpini-di-stefano-spagocci-arte-celtica\/#primaryimage","url":"https:\/\/the-mad-otter.it\/wp-content\/uploads\/2021\/03\/154341742_10207634995150318_8029353410186300985_n.jpg","contentUrl":"https:\/\/the-mad-otter.it\/wp-content\/uploads\/2021\/03\/154341742_10207634995150318_8029353410186300985_n.jpg","width":956,"height":494},{"@type":"BreadcrumbList","@id":"https:\/\/the-mad-otter.it\/index.php\/2021\/03\/24\/blog-tour-leredita-celtica-origini-e-antropologia-dei-popoli-cisalpini-di-stefano-spagocci-arte-celtica\/#breadcrumb","itemListElement":[{"@type":"ListItem","position":1,"name":"Home","item":"https:\/\/the-mad-otter.it\/"},{"@type":"ListItem","position":2,"name":"Blog Tour: &#8220;L&#8217;eredit\u00e0 celtica. Origini e antropologia dei Popoli Cisalpini&#8221; di Stefano Spagocci &#8211; Arte celtica"}]},{"@type":"WebSite","@id":"https:\/\/the-mad-otter.it\/#website","url":"https:\/\/the-mad-otter.it\/","name":"The Mad Otter","description":"Benvenuti nella tana della lontra.","potentialAction":[{"@type":"SearchAction","target":{"@type":"EntryPoint","urlTemplate":"https:\/\/the-mad-otter.it\/?s={search_term_string}"},"query-input":{"@type":"PropertyValueSpecification","valueRequired":true,"valueName":"search_term_string"}}],"inLanguage":"it-IT"},{"@type":"Person","@id":"https:\/\/the-mad-otter.it\/#\/schema\/person\/c88992abc52fdb12594f56b68f54421a","name":"Tiziana","image":{"@type":"ImageObject","inLanguage":"it-IT","@id":"https:\/\/the-mad-otter.it\/#\/schema\/person\/image\/","url":"https:\/\/secure.gravatar.com\/avatar\/2f1134c8975ffa6363b410d99e9ba1c2b856c22c7c1137ae53547a98d7ff6cf7?s=96&d=mm&r=g","contentUrl":"https:\/\/secure.gravatar.com\/avatar\/2f1134c8975ffa6363b410d99e9ba1c2b856c22c7c1137ae53547a98d7ff6cf7?s=96&d=mm&r=g","caption":"Tiziana"},"url":""}]}},"_links":{"self":[{"href":"https:\/\/the-mad-otter.it\/index.php\/wp-json\/wp\/v2\/posts\/3461","targetHints":{"allow":["GET"]}}],"collection":[{"href":"https:\/\/the-mad-otter.it\/index.php\/wp-json\/wp\/v2\/posts"}],"about":[{"href":"https:\/\/the-mad-otter.it\/index.php\/wp-json\/wp\/v2\/types\/post"}],"author":[{"embeddable":true,"href":"https:\/\/the-mad-otter.it\/index.php\/wp-json\/wp\/v2\/users\/1"}],"replies":[{"embeddable":true,"href":"https:\/\/the-mad-otter.it\/index.php\/wp-json\/wp\/v2\/comments?post=3461"}],"version-history":[{"count":5,"href":"https:\/\/the-mad-otter.it\/index.php\/wp-json\/wp\/v2\/posts\/3461\/revisions"}],"predecessor-version":[{"id":3478,"href":"https:\/\/the-mad-otter.it\/index.php\/wp-json\/wp\/v2\/posts\/3461\/revisions\/3478"}],"wp:featuredmedia":[{"embeddable":true,"href":"https:\/\/the-mad-otter.it\/index.php\/wp-json\/wp\/v2\/media\/3428"}],"wp:attachment":[{"href":"https:\/\/the-mad-otter.it\/index.php\/wp-json\/wp\/v2\/media?parent=3461"}],"wp:term":[{"taxonomy":"category","embeddable":true,"href":"https:\/\/the-mad-otter.it\/index.php\/wp-json\/wp\/v2\/categories?post=3461"},{"taxonomy":"post_tag","embeddable":true,"href":"https:\/\/the-mad-otter.it\/index.php\/wp-json\/wp\/v2\/tags?post=3461"}],"curies":[{"name":"wp","href":"https:\/\/api.w.org\/{rel}","templated":true}]}}