{"id":3427,"date":"2021-03-20T09:17:51","date_gmt":"2021-03-20T08:17:51","guid":{"rendered":"http:\/\/www.the-mad-otter.it\/?p=3427"},"modified":"2021-03-20T09:17:52","modified_gmt":"2021-03-20T08:17:52","slug":"blog-tour-leredita-celtica-origini-e-antropologia-dei-popoli-cisalpini-di-stefano-spagocci-presentazione","status":"publish","type":"post","link":"https:\/\/the-mad-otter.it\/index.php\/2021\/03\/20\/blog-tour-leredita-celtica-origini-e-antropologia-dei-popoli-cisalpini-di-stefano-spagocci-presentazione\/","title":{"rendered":"Blog Tour: &#8220;L&#8217;eredit\u00e0 celtica. Origini e antropologia dei Popoli Cisalpini&#8221; di Stefano Spagocci &#8211; Presentazione"},"content":{"rendered":"\n<p>Oggi ha inizio un evento particolare e istruttivo, volto a costruire e fondare radici nelle menti di chi decider\u00e0 di prestare attensione.<\/p>\n\n\n\n<p>Per plasmare la cultura ci vuole passione e desiderio di scavare in profondit\u00e0 nella storia dell&#8217;uomo. Stefano Spagocci, con il suo libro &#8220;L&#8217;eredit\u00e0 celtica&#8221;, porta in un viaggio verso le origini e l&#8217;antropologia dei Popoli Cisalpini.<\/p>\n\n\n\n<p>In che modo i Celti hanno influenzato le popolazioni dell&#8217;Italia Settentrionale?<\/p>\n\n\n\n<!--more-->\n\n\n\n<div class=\"wp-block-image\"><figure class=\"aligncenter size-large\"><img loading=\"lazy\" decoding=\"async\" width=\"237\" height=\"346\" src=\"https:\/\/the-mad-otter.it\/wp-content\/uploads\/2021\/03\/51vFDcQ6AuL._SY346_.jpg\" alt=\"\" class=\"wp-image-3429\" srcset=\"https:\/\/the-mad-otter.it\/wp-content\/uploads\/2021\/03\/51vFDcQ6AuL._SY346_.jpg 237w, https:\/\/the-mad-otter.it\/wp-content\/uploads\/2021\/03\/51vFDcQ6AuL._SY346_-205x300.jpg 205w\" sizes=\"auto, (max-width: 237px) 100vw, 237px\" \/><\/figure><\/div>\n\n\n\n<p><strong>Titolo:<\/strong> L&#8217;eredit\u00e0 celtica. Origini e antropologia dei Popoli Cisalpini<\/p>\n\n\n\n<p><strong>Autore:<\/strong> Stefano Spagocci<\/p>\n\n\n\n<p><strong>Editore:<\/strong> Press &amp; Archeos<\/p>\n\n\n\n<p><strong>Data di pubblicazione:<\/strong> 18 Dicembre 2019<\/p>\n\n\n\n<p><strong>Trama:<\/strong><\/p>\n\n\n\n<p>I Celti, generalmente associati a Irlanda, Scozia, Galles e Bretagna, sono in realt\u00e0 alla radice di gran parte delle nazioni europee. La presenza celtica in parte dell\u2019Italia settentrionale \u00e8 altrettanto autoctona quanto quella in Iberia, Europa Centrale ed Isole Britanniche. Dopo le invasioni storiche del IV sec. a.C. tutta l\u2019Italia settentrionale, e parte dell\u2019Italia centrale, fu abitata da popolazioni celtiche o celtizzate. Un tale dato, tuttavia, \u00e8 quasi sconosciuto al grande pubblico.<br><br>In questo libro, sintetizzando un ventennale lavoro di spoglio della letteratura archeologica ed antropologica, l\u2019autore ha voluto rendere giustizia ai Celti Cisalpini, delineandone un ritratto antropologico in senso genetico, fisico e culturale. Ci\u00f2 allo scopo non solo di conoscere meglio questo insieme di popoli ma di capire quanto di loro sia rimasto nell\u2019antropologia dei Popoli cisalpini.<br><br>Se dal punto di vista genetico, con alcune precisazioni riguardo all\u2019aggettivo \u201cceltico\u201d dalle quali l\u2019autore non rifugge, si pu\u00f2 sostenere l\u2019origine celtica, prevalentemente celtica o in parte celtica degli abitanti di buona parte dell\u2019Italia settentrionale, dal punto di vista culturale il discorso si fa pi\u00f9 complesso. Per questa ragione un\u2019attenzione particolare \u00e8 dedicata anche alle dinamiche della romanizzazione, giungendo alla conclusione che molto di celtico, nonostante tutto, sia rimasto in Italia settentrionale.<br><\/p>\n\n\n\n<p><strong>L&#8217;evento \u00e8 diviso con le seguenti tappe:<\/strong><\/p>\n\n\n\n<p>20 Marzo: Presentazione su tutti i blog<\/p>\n\n\n\n<p>21 Marzo: Simbologia Celtica &#8211; My Secret Diary<\/p>\n\n\n\n<p>22 Marzo: Archeologia Celtica &#8211; The Nerd&#8217;s Family<\/p>\n\n\n\n<p>23 Marzo: I Celti Oggi &#8211; Over the Hills and Far Away<\/p>\n\n\n\n<p>24 Marzo: Arte Celtica &#8211; The Mad Otter<\/p>\n\n\n\n<p>25 Marzo: Eredit\u00e0 Genetica &#8211; Les Fleurs du Mal<\/p>\n\n\n\n<p>26 Marzo: La Morte Celtica &#8211; Reine des Livres<\/p>\n\n\n\n<p>27 Marzo: Stefano Spagocci &#8211; Il Mondo di Sopra<\/p>\n\n\n\n<p>28 Marzo: Recensione su tutti i blog<\/p>\n\n\n\n<p><\/p>\n\n\n\n<p>Vi consiglio di non perdere questo blog tour per aggiungere un prezioso tassello alle vostre conoscenze. Ne uscirete con una concezione della cultura celtica pi\u00f9 ricca, in grado di scacciare via pregiudizi fantasiosi che rischiano costantemente di penalizzare la realt\u00e0 dei fatti, intaccando la bellezza autentica di quelli che sono a tutti gli effetti i nostri antenati.<\/p>\n\n\n\n<div class=\"wp-block-image\"><figure class=\"aligncenter size-large\"><img loading=\"lazy\" decoding=\"async\" width=\"956\" height=\"494\" src=\"https:\/\/the-mad-otter.it\/wp-content\/uploads\/2021\/03\/154341742_10207634995150318_8029353410186300985_n.jpg\" alt=\"\" class=\"wp-image-3428\" srcset=\"https:\/\/the-mad-otter.it\/wp-content\/uploads\/2021\/03\/154341742_10207634995150318_8029353410186300985_n.jpg 956w, https:\/\/the-mad-otter.it\/wp-content\/uploads\/2021\/03\/154341742_10207634995150318_8029353410186300985_n-300x155.jpg 300w, https:\/\/the-mad-otter.it\/wp-content\/uploads\/2021\/03\/154341742_10207634995150318_8029353410186300985_n-768x397.jpg 768w\" sizes=\"auto, (max-width: 956px) 100vw, 956px\" \/><\/figure><\/div>\n","protected":false},"excerpt":{"rendered":"<p>Oggi ha inizio un evento particolare e istruttivo, volto a costruire e fondare radici nelle menti di chi decider\u00e0 di prestare attensione. Per plasmare la cultura ci vuole passione e desiderio di scavare in profondit\u00e0 nella storia dell&#8217;uomo. Stefano Spagocci, con il suo libro &#8220;L&#8217;eredit\u00e0 celtica&#8221;, porta in un viaggio verso le origini e l&#8217;antropologia [&hellip;]<\/p>\n","protected":false},"author":1,"featured_media":3428,"comment_status":"open","ping_status":"open","sticky":false,"template":"","format":"standard","meta":{"footnotes":""},"categories":[14,4,373],"tags":[346],"class_list":["post-3427","post","type-post","status-publish","format-standard","has-post-thumbnail","hentry","category-blog-tour","category-libri","category-pressarcheos","tag-libri"],"yoast_head":"<!-- This site is optimized with the Yoast SEO plugin v25.9 - https:\/\/yoast.com\/wordpress\/plugins\/seo\/ -->\n<title>Blog Tour: &quot;L&#039;eredit\u00e0 celtica. Origini e antropologia dei Popoli Cisalpini&quot; di Stefano Spagocci - Presentazione - The Mad Otter<\/title>\n<meta name=\"robots\" content=\"index, follow, max-snippet:-1, max-image-preview:large, max-video-preview:-1\" \/>\n<link rel=\"canonical\" href=\"https:\/\/the-mad-otter.it\/index.php\/2021\/03\/20\/blog-tour-leredita-celtica-origini-e-antropologia-dei-popoli-cisalpini-di-stefano-spagocci-presentazione\/\" \/>\n<meta property=\"og:locale\" content=\"it_IT\" \/>\n<meta property=\"og:type\" content=\"article\" \/>\n<meta property=\"og:title\" content=\"Blog Tour: &quot;L&#039;eredit\u00e0 celtica. Origini e antropologia dei Popoli Cisalpini&quot; di Stefano Spagocci - Presentazione - The Mad Otter\" \/>\n<meta property=\"og:description\" content=\"Oggi ha inizio un evento particolare e istruttivo, volto a costruire e fondare radici nelle menti di chi decider\u00e0 di prestare attensione. Per plasmare la cultura ci vuole passione e desiderio di scavare in profondit\u00e0 nella storia dell&#8217;uomo. Stefano Spagocci, con il suo libro &#8220;L&#8217;eredit\u00e0 celtica&#8221;, porta in un viaggio verso le origini e l&#8217;antropologia [&hellip;]\" \/>\n<meta property=\"og:url\" content=\"https:\/\/the-mad-otter.it\/index.php\/2021\/03\/20\/blog-tour-leredita-celtica-origini-e-antropologia-dei-popoli-cisalpini-di-stefano-spagocci-presentazione\/\" \/>\n<meta property=\"og:site_name\" content=\"The Mad Otter\" \/>\n<meta property=\"article:publisher\" content=\"https:\/\/www.facebook.com\/themadotterblog\" \/>\n<meta property=\"article:published_time\" content=\"2021-03-20T08:17:51+00:00\" \/>\n<meta property=\"article:modified_time\" content=\"2021-03-20T08:17:52+00:00\" \/>\n<meta property=\"og:image\" content=\"https:\/\/the-mad-otter.it\/wp-content\/uploads\/2021\/03\/154341742_10207634995150318_8029353410186300985_n.jpg\" \/>\n\t<meta property=\"og:image:width\" content=\"956\" \/>\n\t<meta property=\"og:image:height\" content=\"494\" \/>\n\t<meta property=\"og:image:type\" content=\"image\/jpeg\" \/>\n<meta name=\"author\" content=\"Tiziana\" \/>\n<meta name=\"twitter:card\" content=\"summary_large_image\" \/>\n<meta name=\"twitter:creator\" content=\"@TheMadOtterBlog\" \/>\n<meta name=\"twitter:site\" content=\"@TheMadOtterBlog\" \/>\n<meta name=\"twitter:label1\" content=\"Scritto da\" \/>\n\t<meta name=\"twitter:data1\" content=\"Tiziana\" \/>\n\t<meta name=\"twitter:label2\" content=\"Tempo di lettura stimato\" \/>\n\t<meta name=\"twitter:data2\" content=\"2 minuti\" \/>\n<script type=\"application\/ld+json\" class=\"yoast-schema-graph\">{\"@context\":\"https:\/\/schema.org\",\"@graph\":[{\"@type\":\"WebPage\",\"@id\":\"https:\/\/the-mad-otter.it\/index.php\/2021\/03\/20\/blog-tour-leredita-celtica-origini-e-antropologia-dei-popoli-cisalpini-di-stefano-spagocci-presentazione\/\",\"url\":\"https:\/\/the-mad-otter.it\/index.php\/2021\/03\/20\/blog-tour-leredita-celtica-origini-e-antropologia-dei-popoli-cisalpini-di-stefano-spagocci-presentazione\/\",\"name\":\"Blog Tour: \\\"L'eredit\u00e0 celtica. Origini e antropologia dei Popoli Cisalpini\\\" di Stefano Spagocci - Presentazione - The Mad Otter\",\"isPartOf\":{\"@id\":\"https:\/\/the-mad-otter.it\/#website\"},\"primaryImageOfPage\":{\"@id\":\"https:\/\/the-mad-otter.it\/index.php\/2021\/03\/20\/blog-tour-leredita-celtica-origini-e-antropologia-dei-popoli-cisalpini-di-stefano-spagocci-presentazione\/#primaryimage\"},\"image\":{\"@id\":\"https:\/\/the-mad-otter.it\/index.php\/2021\/03\/20\/blog-tour-leredita-celtica-origini-e-antropologia-dei-popoli-cisalpini-di-stefano-spagocci-presentazione\/#primaryimage\"},\"thumbnailUrl\":\"https:\/\/the-mad-otter.it\/wp-content\/uploads\/2021\/03\/154341742_10207634995150318_8029353410186300985_n.jpg\",\"datePublished\":\"2021-03-20T08:17:51+00:00\",\"dateModified\":\"2021-03-20T08:17:52+00:00\",\"author\":{\"@id\":\"https:\/\/the-mad-otter.it\/#\/schema\/person\/c88992abc52fdb12594f56b68f54421a\"},\"breadcrumb\":{\"@id\":\"https:\/\/the-mad-otter.it\/index.php\/2021\/03\/20\/blog-tour-leredita-celtica-origini-e-antropologia-dei-popoli-cisalpini-di-stefano-spagocci-presentazione\/#breadcrumb\"},\"inLanguage\":\"it-IT\",\"potentialAction\":[{\"@type\":\"ReadAction\",\"target\":[\"https:\/\/the-mad-otter.it\/index.php\/2021\/03\/20\/blog-tour-leredita-celtica-origini-e-antropologia-dei-popoli-cisalpini-di-stefano-spagocci-presentazione\/\"]}]},{\"@type\":\"ImageObject\",\"inLanguage\":\"it-IT\",\"@id\":\"https:\/\/the-mad-otter.it\/index.php\/2021\/03\/20\/blog-tour-leredita-celtica-origini-e-antropologia-dei-popoli-cisalpini-di-stefano-spagocci-presentazione\/#primaryimage\",\"url\":\"https:\/\/the-mad-otter.it\/wp-content\/uploads\/2021\/03\/154341742_10207634995150318_8029353410186300985_n.jpg\",\"contentUrl\":\"https:\/\/the-mad-otter.it\/wp-content\/uploads\/2021\/03\/154341742_10207634995150318_8029353410186300985_n.jpg\",\"width\":956,\"height\":494},{\"@type\":\"BreadcrumbList\",\"@id\":\"https:\/\/the-mad-otter.it\/index.php\/2021\/03\/20\/blog-tour-leredita-celtica-origini-e-antropologia-dei-popoli-cisalpini-di-stefano-spagocci-presentazione\/#breadcrumb\",\"itemListElement\":[{\"@type\":\"ListItem\",\"position\":1,\"name\":\"Home\",\"item\":\"https:\/\/the-mad-otter.it\/\"},{\"@type\":\"ListItem\",\"position\":2,\"name\":\"Blog Tour: &#8220;L&#8217;eredit\u00e0 celtica. Origini e antropologia dei Popoli Cisalpini&#8221; di Stefano Spagocci &#8211; Presentazione\"}]},{\"@type\":\"WebSite\",\"@id\":\"https:\/\/the-mad-otter.it\/#website\",\"url\":\"https:\/\/the-mad-otter.it\/\",\"name\":\"The Mad Otter\",\"description\":\"Benvenuti nella tana della lontra.\",\"potentialAction\":[{\"@type\":\"SearchAction\",\"target\":{\"@type\":\"EntryPoint\",\"urlTemplate\":\"https:\/\/the-mad-otter.it\/?s={search_term_string}\"},\"query-input\":{\"@type\":\"PropertyValueSpecification\",\"valueRequired\":true,\"valueName\":\"search_term_string\"}}],\"inLanguage\":\"it-IT\"},{\"@type\":\"Person\",\"@id\":\"https:\/\/the-mad-otter.it\/#\/schema\/person\/c88992abc52fdb12594f56b68f54421a\",\"name\":\"Tiziana\",\"image\":{\"@type\":\"ImageObject\",\"inLanguage\":\"it-IT\",\"@id\":\"https:\/\/the-mad-otter.it\/#\/schema\/person\/image\/\",\"url\":\"https:\/\/secure.gravatar.com\/avatar\/2f1134c8975ffa6363b410d99e9ba1c2b856c22c7c1137ae53547a98d7ff6cf7?s=96&d=mm&r=g\",\"contentUrl\":\"https:\/\/secure.gravatar.com\/avatar\/2f1134c8975ffa6363b410d99e9ba1c2b856c22c7c1137ae53547a98d7ff6cf7?s=96&d=mm&r=g\",\"caption\":\"Tiziana\"},\"url\":\"\"}]}<\/script>\n<!-- \/ Yoast SEO plugin. -->","yoast_head_json":{"title":"Blog Tour: \"L'eredit\u00e0 celtica. Origini e antropologia dei Popoli Cisalpini\" di Stefano Spagocci - Presentazione - The Mad Otter","robots":{"index":"index","follow":"follow","max-snippet":"max-snippet:-1","max-image-preview":"max-image-preview:large","max-video-preview":"max-video-preview:-1"},"canonical":"https:\/\/the-mad-otter.it\/index.php\/2021\/03\/20\/blog-tour-leredita-celtica-origini-e-antropologia-dei-popoli-cisalpini-di-stefano-spagocci-presentazione\/","og_locale":"it_IT","og_type":"article","og_title":"Blog Tour: \"L'eredit\u00e0 celtica. Origini e antropologia dei Popoli Cisalpini\" di Stefano Spagocci - Presentazione - The Mad Otter","og_description":"Oggi ha inizio un evento particolare e istruttivo, volto a costruire e fondare radici nelle menti di chi decider\u00e0 di prestare attensione. Per plasmare la cultura ci vuole passione e desiderio di scavare in profondit\u00e0 nella storia dell&#8217;uomo. Stefano Spagocci, con il suo libro &#8220;L&#8217;eredit\u00e0 celtica&#8221;, porta in un viaggio verso le origini e l&#8217;antropologia [&hellip;]","og_url":"https:\/\/the-mad-otter.it\/index.php\/2021\/03\/20\/blog-tour-leredita-celtica-origini-e-antropologia-dei-popoli-cisalpini-di-stefano-spagocci-presentazione\/","og_site_name":"The Mad Otter","article_publisher":"https:\/\/www.facebook.com\/themadotterblog","article_published_time":"2021-03-20T08:17:51+00:00","article_modified_time":"2021-03-20T08:17:52+00:00","og_image":[{"width":956,"height":494,"url":"https:\/\/the-mad-otter.it\/wp-content\/uploads\/2021\/03\/154341742_10207634995150318_8029353410186300985_n.jpg","type":"image\/jpeg"}],"author":"Tiziana","twitter_card":"summary_large_image","twitter_creator":"@TheMadOtterBlog","twitter_site":"@TheMadOtterBlog","twitter_misc":{"Scritto da":"Tiziana","Tempo di lettura stimato":"2 minuti"},"schema":{"@context":"https:\/\/schema.org","@graph":[{"@type":"WebPage","@id":"https:\/\/the-mad-otter.it\/index.php\/2021\/03\/20\/blog-tour-leredita-celtica-origini-e-antropologia-dei-popoli-cisalpini-di-stefano-spagocci-presentazione\/","url":"https:\/\/the-mad-otter.it\/index.php\/2021\/03\/20\/blog-tour-leredita-celtica-origini-e-antropologia-dei-popoli-cisalpini-di-stefano-spagocci-presentazione\/","name":"Blog Tour: \"L'eredit\u00e0 celtica. Origini e antropologia dei Popoli Cisalpini\" di Stefano Spagocci - Presentazione - The Mad Otter","isPartOf":{"@id":"https:\/\/the-mad-otter.it\/#website"},"primaryImageOfPage":{"@id":"https:\/\/the-mad-otter.it\/index.php\/2021\/03\/20\/blog-tour-leredita-celtica-origini-e-antropologia-dei-popoli-cisalpini-di-stefano-spagocci-presentazione\/#primaryimage"},"image":{"@id":"https:\/\/the-mad-otter.it\/index.php\/2021\/03\/20\/blog-tour-leredita-celtica-origini-e-antropologia-dei-popoli-cisalpini-di-stefano-spagocci-presentazione\/#primaryimage"},"thumbnailUrl":"https:\/\/the-mad-otter.it\/wp-content\/uploads\/2021\/03\/154341742_10207634995150318_8029353410186300985_n.jpg","datePublished":"2021-03-20T08:17:51+00:00","dateModified":"2021-03-20T08:17:52+00:00","author":{"@id":"https:\/\/the-mad-otter.it\/#\/schema\/person\/c88992abc52fdb12594f56b68f54421a"},"breadcrumb":{"@id":"https:\/\/the-mad-otter.it\/index.php\/2021\/03\/20\/blog-tour-leredita-celtica-origini-e-antropologia-dei-popoli-cisalpini-di-stefano-spagocci-presentazione\/#breadcrumb"},"inLanguage":"it-IT","potentialAction":[{"@type":"ReadAction","target":["https:\/\/the-mad-otter.it\/index.php\/2021\/03\/20\/blog-tour-leredita-celtica-origini-e-antropologia-dei-popoli-cisalpini-di-stefano-spagocci-presentazione\/"]}]},{"@type":"ImageObject","inLanguage":"it-IT","@id":"https:\/\/the-mad-otter.it\/index.php\/2021\/03\/20\/blog-tour-leredita-celtica-origini-e-antropologia-dei-popoli-cisalpini-di-stefano-spagocci-presentazione\/#primaryimage","url":"https:\/\/the-mad-otter.it\/wp-content\/uploads\/2021\/03\/154341742_10207634995150318_8029353410186300985_n.jpg","contentUrl":"https:\/\/the-mad-otter.it\/wp-content\/uploads\/2021\/03\/154341742_10207634995150318_8029353410186300985_n.jpg","width":956,"height":494},{"@type":"BreadcrumbList","@id":"https:\/\/the-mad-otter.it\/index.php\/2021\/03\/20\/blog-tour-leredita-celtica-origini-e-antropologia-dei-popoli-cisalpini-di-stefano-spagocci-presentazione\/#breadcrumb","itemListElement":[{"@type":"ListItem","position":1,"name":"Home","item":"https:\/\/the-mad-otter.it\/"},{"@type":"ListItem","position":2,"name":"Blog Tour: &#8220;L&#8217;eredit\u00e0 celtica. Origini e antropologia dei Popoli Cisalpini&#8221; di Stefano Spagocci &#8211; Presentazione"}]},{"@type":"WebSite","@id":"https:\/\/the-mad-otter.it\/#website","url":"https:\/\/the-mad-otter.it\/","name":"The Mad Otter","description":"Benvenuti nella tana della lontra.","potentialAction":[{"@type":"SearchAction","target":{"@type":"EntryPoint","urlTemplate":"https:\/\/the-mad-otter.it\/?s={search_term_string}"},"query-input":{"@type":"PropertyValueSpecification","valueRequired":true,"valueName":"search_term_string"}}],"inLanguage":"it-IT"},{"@type":"Person","@id":"https:\/\/the-mad-otter.it\/#\/schema\/person\/c88992abc52fdb12594f56b68f54421a","name":"Tiziana","image":{"@type":"ImageObject","inLanguage":"it-IT","@id":"https:\/\/the-mad-otter.it\/#\/schema\/person\/image\/","url":"https:\/\/secure.gravatar.com\/avatar\/2f1134c8975ffa6363b410d99e9ba1c2b856c22c7c1137ae53547a98d7ff6cf7?s=96&d=mm&r=g","contentUrl":"https:\/\/secure.gravatar.com\/avatar\/2f1134c8975ffa6363b410d99e9ba1c2b856c22c7c1137ae53547a98d7ff6cf7?s=96&d=mm&r=g","caption":"Tiziana"},"url":""}]}},"_links":{"self":[{"href":"https:\/\/the-mad-otter.it\/index.php\/wp-json\/wp\/v2\/posts\/3427","targetHints":{"allow":["GET"]}}],"collection":[{"href":"https:\/\/the-mad-otter.it\/index.php\/wp-json\/wp\/v2\/posts"}],"about":[{"href":"https:\/\/the-mad-otter.it\/index.php\/wp-json\/wp\/v2\/types\/post"}],"author":[{"embeddable":true,"href":"https:\/\/the-mad-otter.it\/index.php\/wp-json\/wp\/v2\/users\/1"}],"replies":[{"embeddable":true,"href":"https:\/\/the-mad-otter.it\/index.php\/wp-json\/wp\/v2\/comments?post=3427"}],"version-history":[{"count":1,"href":"https:\/\/the-mad-otter.it\/index.php\/wp-json\/wp\/v2\/posts\/3427\/revisions"}],"predecessor-version":[{"id":3430,"href":"https:\/\/the-mad-otter.it\/index.php\/wp-json\/wp\/v2\/posts\/3427\/revisions\/3430"}],"wp:featuredmedia":[{"embeddable":true,"href":"https:\/\/the-mad-otter.it\/index.php\/wp-json\/wp\/v2\/media\/3428"}],"wp:attachment":[{"href":"https:\/\/the-mad-otter.it\/index.php\/wp-json\/wp\/v2\/media?parent=3427"}],"wp:term":[{"taxonomy":"category","embeddable":true,"href":"https:\/\/the-mad-otter.it\/index.php\/wp-json\/wp\/v2\/categories?post=3427"},{"taxonomy":"post_tag","embeddable":true,"href":"https:\/\/the-mad-otter.it\/index.php\/wp-json\/wp\/v2\/tags?post=3427"}],"curies":[{"name":"wp","href":"https:\/\/api.w.org\/{rel}","templated":true}]}}