{"id":3062,"date":"2021-01-21T15:33:31","date_gmt":"2021-01-21T14:33:31","guid":{"rendered":"http:\/\/www.the-mad-otter.it\/?p=3062"},"modified":"2022-02-09T15:23:23","modified_gmt":"2022-02-09T14:23:23","slug":"review-party-recensione-di-abisso-la-favola-oscura-di-j-fiorentino","status":"publish","type":"post","link":"https:\/\/the-mad-otter.it\/index.php\/2021\/01\/21\/review-party-recensione-di-abisso-la-favola-oscura-di-j-fiorentino\/","title":{"rendered":"Review Party: Recensione di &#8220;Abisso. La favola oscura&#8221; di J. Fiorentino"},"content":{"rendered":"\n<figure class=\"wp-block-image size-large\"><img loading=\"lazy\" decoding=\"async\" width=\"722\" height=\"1024\" src=\"https:\/\/the-mad-otter.it\/wp-content\/uploads\/2021\/01\/FB_IMG_1611236456537-722x1024.jpg\" alt=\"\" class=\"wp-image-3063\" srcset=\"https:\/\/the-mad-otter.it\/wp-content\/uploads\/2021\/01\/FB_IMG_1611236456537-722x1024.jpg 722w, https:\/\/the-mad-otter.it\/wp-content\/uploads\/2021\/01\/FB_IMG_1611236456537-211x300.jpg 211w, https:\/\/the-mad-otter.it\/wp-content\/uploads\/2021\/01\/FB_IMG_1611236456537-768x1089.jpg 768w, https:\/\/the-mad-otter.it\/wp-content\/uploads\/2021\/01\/FB_IMG_1611236456537.jpg 1080w\" sizes=\"auto, (max-width: 722px) 100vw, 722px\" \/><\/figure>\n\n\n\n<p>Quando Lily Brown apre gli occhi, non ricorda nulla di ci\u00f2 che si \u00e8 lasciata alle spalle. Non conosce il luogo in cui si trova, n\u00e9 si riconosce nel primo specchio su cui posa lo sguardo. Chi parrebbe esserle andata in soccorso, per\u00f2, le rivela essere sua prigioniera, destinata a morire quando lei non servir\u00e0 pi\u00f9 allo scopo. Evan Sandman, tanto diabolico quanto magnetico, \u00e8 una presenza molto pi\u00f9 ingombrante di quanto la ragazza possa ammettere.<\/p>\n\n\n\n<p>Incubi e sussurri cercano di riempire il vuoto d&#8217;identit\u00e0 di Lily, che non riesce a comprendere chi sia davvero, prigioniera anche della propria mente, in cui s&#8217;annida crudele un segreto terribile che rischia di emergere dal suo antro oscuro, pronto a ferire e cambiare le sorti di tutta Folklore. <\/p>\n\n\n\n<!--more-->\n\n\n\n<p>Una favola oscura, come l&#8217;autore ci tiene a specificare fin dal titolo, avvolge con malvagio incanto la curiosit\u00e0 del lettore, venendo manipolata e distorta per ambientarsi in un mondo che sembra non avere regole, in cui il caos e l&#8217;ignoto vivono beati, in attesa della preda successiva. Questo \u00e8 ci\u00f2 che si prova in &#8220;Abisso&#8221;, sentimenti che accompagnano la stessa protagonista verso la scoperta del confine tra umanit\u00e0 e&#8230; cos&#8217;altro? Perch\u00e9 negli occhi di Evan sembra albergare soltanto una bestia che nulla ha di riconducibile a ci\u00f2 che umanamente parlando \u00e8 conosciuto.<\/p>\n\n\n\n<p>L&#8217;urgenza di ricordarsi di s\u00e9 stessa, va a braccetto con la paura che sempre pi\u00f9 attanaglia Lily, sempre pi\u00f9 timorosa di scoprire cosa, come per magia, ha dimenticato o le \u00e8 stato tolto. Forse un motivo razionale c&#8217;\u00e8, ma quale pu\u00f2 essere? Chi \u00e8 il burattino che si trova all&#8217;estremit\u00e0 di questi dolorosi fili? Fiorentino \u00e8 un abile tessitore di storie, che rende fluide e incantevoli attraverso uno stile ricercato e un lessico forbito, donando alla narrazione una carica emotiva incredibile.<\/p>\n\n\n\n<p>Niente \u00e8 come sembra e non si pu\u00f2 fare a meno di scorrere gli occhi pagina dopo pagina con sempre pi\u00f9 fervore, per riuscire a capire a cosa si andr\u00e0 incontro. Ogni capitolo \u00e8 una sorpresa dopo l&#8217;altra, una giostra a cavallo tra passato e presente, attraverso occhi differenti che danno la loro personale versione della storia. Lily ed Evan sono personaggi complessi e, a loro modo, controversi: trovare un contatto \u00e8 pi\u00f9 complicato di quanto si possa pensare, ma grazie al passare dei capitoli si entra in sintonia con naturalezza, senza accorgersene, perch\u00e9 nel frattempo loro si sono fatti conoscere e comprendere.<\/p>\n\n\n\n<p>&#8220;Abisso. La favola oscura&#8221; \u00e8 stata una sorprendente lettura che mi ha intrattenuto per qualche ora e che mi ha colpita per l&#8217;ambientazione gotica e l&#8217;inquietudine fastidiosa che la contraddistingue. Spero davvero di poter tornare a Folklore ancora in futuro, un luogo in cui so che verr\u00f2 raggirata e incantata. Ma \u00e8 per questo che l&#8217;ho cos\u00ec tanto apprezzato. <\/p>\n\n\n\n<figure class=\"wp-block-image size-large\"><img loading=\"lazy\" decoding=\"async\" width=\"1024\" height=\"512\" src=\"https:\/\/the-mad-otter.it\/wp-content\/uploads\/2021\/01\/FB_IMG_1611236444426-1024x512.jpg\" alt=\"\" class=\"wp-image-3064\" srcset=\"https:\/\/the-mad-otter.it\/wp-content\/uploads\/2021\/01\/FB_IMG_1611236444426-1024x512.jpg 1024w, https:\/\/the-mad-otter.it\/wp-content\/uploads\/2021\/01\/FB_IMG_1611236444426-300x150.jpg 300w, https:\/\/the-mad-otter.it\/wp-content\/uploads\/2021\/01\/FB_IMG_1611236444426-768x384.jpg 768w, https:\/\/the-mad-otter.it\/wp-content\/uploads\/2021\/01\/FB_IMG_1611236444426.jpg 1080w\" sizes=\"auto, (max-width: 1024px) 100vw, 1024px\" \/><\/figure>\n","protected":false},"excerpt":{"rendered":"<p>Quando Lily Brown apre gli occhi, non ricorda nulla di ci\u00f2 che si \u00e8 lasciata alle spalle. Non conosce il luogo in cui si trova, n\u00e9 si riconosce nel primo specchio su cui posa lo sguardo. Chi parrebbe esserle andata in soccorso, per\u00f2, le rivela essere sua prigioniera, destinata a morire quando lei non servir\u00e0 [&hellip;]<\/p>\n","protected":false},"author":1,"featured_media":3064,"comment_status":"open","ping_status":"open","sticky":false,"template":"","format":"standard","meta":{"footnotes":""},"categories":[196,398,4,3,6],"tags":[346,341],"class_list":["post-3062","post","type-post","status-publish","format-standard","has-post-thumbnail","hentry","category-elpis-edizioni","category-j-fiorentino","category-libri","category-recensioni","category-review-party","tag-libri","tag-recensione"],"yoast_head":"<!-- This site is optimized with the Yoast SEO plugin v25.9 - https:\/\/yoast.com\/wordpress\/plugins\/seo\/ -->\n<title>Review Party: Recensione di &quot;Abisso. La favola oscura&quot; di J. Fiorentino - The Mad Otter<\/title>\n<meta name=\"robots\" content=\"index, follow, max-snippet:-1, max-image-preview:large, max-video-preview:-1\" \/>\n<link rel=\"canonical\" href=\"https:\/\/the-mad-otter.it\/index.php\/2021\/01\/21\/review-party-recensione-di-abisso-la-favola-oscura-di-j-fiorentino\/\" \/>\n<meta property=\"og:locale\" content=\"it_IT\" \/>\n<meta property=\"og:type\" content=\"article\" \/>\n<meta property=\"og:title\" content=\"Review Party: Recensione di &quot;Abisso. La favola oscura&quot; di J. Fiorentino - The Mad Otter\" \/>\n<meta property=\"og:description\" content=\"Quando Lily Brown apre gli occhi, non ricorda nulla di ci\u00f2 che si \u00e8 lasciata alle spalle. Non conosce il luogo in cui si trova, n\u00e9 si riconosce nel primo specchio su cui posa lo sguardo. Chi parrebbe esserle andata in soccorso, per\u00f2, le rivela essere sua prigioniera, destinata a morire quando lei non servir\u00e0 [&hellip;]\" \/>\n<meta property=\"og:url\" content=\"https:\/\/the-mad-otter.it\/index.php\/2021\/01\/21\/review-party-recensione-di-abisso-la-favola-oscura-di-j-fiorentino\/\" \/>\n<meta property=\"og:site_name\" content=\"The Mad Otter\" \/>\n<meta property=\"article:publisher\" content=\"https:\/\/www.facebook.com\/themadotterblog\" \/>\n<meta property=\"article:published_time\" content=\"2021-01-21T14:33:31+00:00\" \/>\n<meta property=\"article:modified_time\" content=\"2022-02-09T14:23:23+00:00\" \/>\n<meta property=\"og:image\" content=\"https:\/\/the-mad-otter.it\/wp-content\/uploads\/2021\/01\/FB_IMG_1611236444426.jpg\" \/>\n\t<meta property=\"og:image:width\" content=\"1080\" \/>\n\t<meta property=\"og:image:height\" content=\"540\" \/>\n\t<meta property=\"og:image:type\" content=\"image\/jpeg\" \/>\n<meta name=\"author\" content=\"Tiziana\" \/>\n<meta name=\"twitter:card\" content=\"summary_large_image\" \/>\n<meta name=\"twitter:creator\" content=\"@TheMadOtterBlog\" \/>\n<meta name=\"twitter:site\" content=\"@TheMadOtterBlog\" \/>\n<meta name=\"twitter:label1\" content=\"Scritto da\" \/>\n\t<meta name=\"twitter:data1\" content=\"Tiziana\" \/>\n\t<meta name=\"twitter:label2\" content=\"Tempo di lettura stimato\" \/>\n\t<meta name=\"twitter:data2\" content=\"2 minuti\" \/>\n<script type=\"application\/ld+json\" class=\"yoast-schema-graph\">{\"@context\":\"https:\/\/schema.org\",\"@graph\":[{\"@type\":\"WebPage\",\"@id\":\"https:\/\/the-mad-otter.it\/index.php\/2021\/01\/21\/review-party-recensione-di-abisso-la-favola-oscura-di-j-fiorentino\/\",\"url\":\"https:\/\/the-mad-otter.it\/index.php\/2021\/01\/21\/review-party-recensione-di-abisso-la-favola-oscura-di-j-fiorentino\/\",\"name\":\"Review Party: Recensione di \\\"Abisso. La favola oscura\\\" di J. Fiorentino - The Mad Otter\",\"isPartOf\":{\"@id\":\"https:\/\/the-mad-otter.it\/#website\"},\"primaryImageOfPage\":{\"@id\":\"https:\/\/the-mad-otter.it\/index.php\/2021\/01\/21\/review-party-recensione-di-abisso-la-favola-oscura-di-j-fiorentino\/#primaryimage\"},\"image\":{\"@id\":\"https:\/\/the-mad-otter.it\/index.php\/2021\/01\/21\/review-party-recensione-di-abisso-la-favola-oscura-di-j-fiorentino\/#primaryimage\"},\"thumbnailUrl\":\"https:\/\/the-mad-otter.it\/wp-content\/uploads\/2021\/01\/FB_IMG_1611236444426.jpg\",\"datePublished\":\"2021-01-21T14:33:31+00:00\",\"dateModified\":\"2022-02-09T14:23:23+00:00\",\"author\":{\"@id\":\"https:\/\/the-mad-otter.it\/#\/schema\/person\/c88992abc52fdb12594f56b68f54421a\"},\"breadcrumb\":{\"@id\":\"https:\/\/the-mad-otter.it\/index.php\/2021\/01\/21\/review-party-recensione-di-abisso-la-favola-oscura-di-j-fiorentino\/#breadcrumb\"},\"inLanguage\":\"it-IT\",\"potentialAction\":[{\"@type\":\"ReadAction\",\"target\":[\"https:\/\/the-mad-otter.it\/index.php\/2021\/01\/21\/review-party-recensione-di-abisso-la-favola-oscura-di-j-fiorentino\/\"]}]},{\"@type\":\"ImageObject\",\"inLanguage\":\"it-IT\",\"@id\":\"https:\/\/the-mad-otter.it\/index.php\/2021\/01\/21\/review-party-recensione-di-abisso-la-favola-oscura-di-j-fiorentino\/#primaryimage\",\"url\":\"https:\/\/the-mad-otter.it\/wp-content\/uploads\/2021\/01\/FB_IMG_1611236444426.jpg\",\"contentUrl\":\"https:\/\/the-mad-otter.it\/wp-content\/uploads\/2021\/01\/FB_IMG_1611236444426.jpg\",\"width\":1080,\"height\":540},{\"@type\":\"BreadcrumbList\",\"@id\":\"https:\/\/the-mad-otter.it\/index.php\/2021\/01\/21\/review-party-recensione-di-abisso-la-favola-oscura-di-j-fiorentino\/#breadcrumb\",\"itemListElement\":[{\"@type\":\"ListItem\",\"position\":1,\"name\":\"Home\",\"item\":\"https:\/\/the-mad-otter.it\/\"},{\"@type\":\"ListItem\",\"position\":2,\"name\":\"Review Party: Recensione di &#8220;Abisso. La favola oscura&#8221; di J. Fiorentino\"}]},{\"@type\":\"WebSite\",\"@id\":\"https:\/\/the-mad-otter.it\/#website\",\"url\":\"https:\/\/the-mad-otter.it\/\",\"name\":\"The Mad Otter\",\"description\":\"Benvenuti nella tana della lontra.\",\"potentialAction\":[{\"@type\":\"SearchAction\",\"target\":{\"@type\":\"EntryPoint\",\"urlTemplate\":\"https:\/\/the-mad-otter.it\/?s={search_term_string}\"},\"query-input\":{\"@type\":\"PropertyValueSpecification\",\"valueRequired\":true,\"valueName\":\"search_term_string\"}}],\"inLanguage\":\"it-IT\"},{\"@type\":\"Person\",\"@id\":\"https:\/\/the-mad-otter.it\/#\/schema\/person\/c88992abc52fdb12594f56b68f54421a\",\"name\":\"Tiziana\",\"image\":{\"@type\":\"ImageObject\",\"inLanguage\":\"it-IT\",\"@id\":\"https:\/\/the-mad-otter.it\/#\/schema\/person\/image\/\",\"url\":\"https:\/\/secure.gravatar.com\/avatar\/2f1134c8975ffa6363b410d99e9ba1c2b856c22c7c1137ae53547a98d7ff6cf7?s=96&d=mm&r=g\",\"contentUrl\":\"https:\/\/secure.gravatar.com\/avatar\/2f1134c8975ffa6363b410d99e9ba1c2b856c22c7c1137ae53547a98d7ff6cf7?s=96&d=mm&r=g\",\"caption\":\"Tiziana\"},\"url\":\"\"}]}<\/script>\n<!-- \/ Yoast SEO plugin. -->","yoast_head_json":{"title":"Review Party: Recensione di \"Abisso. La favola oscura\" di J. Fiorentino - The Mad Otter","robots":{"index":"index","follow":"follow","max-snippet":"max-snippet:-1","max-image-preview":"max-image-preview:large","max-video-preview":"max-video-preview:-1"},"canonical":"https:\/\/the-mad-otter.it\/index.php\/2021\/01\/21\/review-party-recensione-di-abisso-la-favola-oscura-di-j-fiorentino\/","og_locale":"it_IT","og_type":"article","og_title":"Review Party: Recensione di \"Abisso. La favola oscura\" di J. Fiorentino - The Mad Otter","og_description":"Quando Lily Brown apre gli occhi, non ricorda nulla di ci\u00f2 che si \u00e8 lasciata alle spalle. Non conosce il luogo in cui si trova, n\u00e9 si riconosce nel primo specchio su cui posa lo sguardo. Chi parrebbe esserle andata in soccorso, per\u00f2, le rivela essere sua prigioniera, destinata a morire quando lei non servir\u00e0 [&hellip;]","og_url":"https:\/\/the-mad-otter.it\/index.php\/2021\/01\/21\/review-party-recensione-di-abisso-la-favola-oscura-di-j-fiorentino\/","og_site_name":"The Mad Otter","article_publisher":"https:\/\/www.facebook.com\/themadotterblog","article_published_time":"2021-01-21T14:33:31+00:00","article_modified_time":"2022-02-09T14:23:23+00:00","og_image":[{"width":1080,"height":540,"url":"https:\/\/the-mad-otter.it\/wp-content\/uploads\/2021\/01\/FB_IMG_1611236444426.jpg","type":"image\/jpeg"}],"author":"Tiziana","twitter_card":"summary_large_image","twitter_creator":"@TheMadOtterBlog","twitter_site":"@TheMadOtterBlog","twitter_misc":{"Scritto da":"Tiziana","Tempo di lettura stimato":"2 minuti"},"schema":{"@context":"https:\/\/schema.org","@graph":[{"@type":"WebPage","@id":"https:\/\/the-mad-otter.it\/index.php\/2021\/01\/21\/review-party-recensione-di-abisso-la-favola-oscura-di-j-fiorentino\/","url":"https:\/\/the-mad-otter.it\/index.php\/2021\/01\/21\/review-party-recensione-di-abisso-la-favola-oscura-di-j-fiorentino\/","name":"Review Party: Recensione di \"Abisso. La favola oscura\" di J. Fiorentino - The Mad Otter","isPartOf":{"@id":"https:\/\/the-mad-otter.it\/#website"},"primaryImageOfPage":{"@id":"https:\/\/the-mad-otter.it\/index.php\/2021\/01\/21\/review-party-recensione-di-abisso-la-favola-oscura-di-j-fiorentino\/#primaryimage"},"image":{"@id":"https:\/\/the-mad-otter.it\/index.php\/2021\/01\/21\/review-party-recensione-di-abisso-la-favola-oscura-di-j-fiorentino\/#primaryimage"},"thumbnailUrl":"https:\/\/the-mad-otter.it\/wp-content\/uploads\/2021\/01\/FB_IMG_1611236444426.jpg","datePublished":"2021-01-21T14:33:31+00:00","dateModified":"2022-02-09T14:23:23+00:00","author":{"@id":"https:\/\/the-mad-otter.it\/#\/schema\/person\/c88992abc52fdb12594f56b68f54421a"},"breadcrumb":{"@id":"https:\/\/the-mad-otter.it\/index.php\/2021\/01\/21\/review-party-recensione-di-abisso-la-favola-oscura-di-j-fiorentino\/#breadcrumb"},"inLanguage":"it-IT","potentialAction":[{"@type":"ReadAction","target":["https:\/\/the-mad-otter.it\/index.php\/2021\/01\/21\/review-party-recensione-di-abisso-la-favola-oscura-di-j-fiorentino\/"]}]},{"@type":"ImageObject","inLanguage":"it-IT","@id":"https:\/\/the-mad-otter.it\/index.php\/2021\/01\/21\/review-party-recensione-di-abisso-la-favola-oscura-di-j-fiorentino\/#primaryimage","url":"https:\/\/the-mad-otter.it\/wp-content\/uploads\/2021\/01\/FB_IMG_1611236444426.jpg","contentUrl":"https:\/\/the-mad-otter.it\/wp-content\/uploads\/2021\/01\/FB_IMG_1611236444426.jpg","width":1080,"height":540},{"@type":"BreadcrumbList","@id":"https:\/\/the-mad-otter.it\/index.php\/2021\/01\/21\/review-party-recensione-di-abisso-la-favola-oscura-di-j-fiorentino\/#breadcrumb","itemListElement":[{"@type":"ListItem","position":1,"name":"Home","item":"https:\/\/the-mad-otter.it\/"},{"@type":"ListItem","position":2,"name":"Review Party: Recensione di &#8220;Abisso. La favola oscura&#8221; di J. Fiorentino"}]},{"@type":"WebSite","@id":"https:\/\/the-mad-otter.it\/#website","url":"https:\/\/the-mad-otter.it\/","name":"The Mad Otter","description":"Benvenuti nella tana della lontra.","potentialAction":[{"@type":"SearchAction","target":{"@type":"EntryPoint","urlTemplate":"https:\/\/the-mad-otter.it\/?s={search_term_string}"},"query-input":{"@type":"PropertyValueSpecification","valueRequired":true,"valueName":"search_term_string"}}],"inLanguage":"it-IT"},{"@type":"Person","@id":"https:\/\/the-mad-otter.it\/#\/schema\/person\/c88992abc52fdb12594f56b68f54421a","name":"Tiziana","image":{"@type":"ImageObject","inLanguage":"it-IT","@id":"https:\/\/the-mad-otter.it\/#\/schema\/person\/image\/","url":"https:\/\/secure.gravatar.com\/avatar\/2f1134c8975ffa6363b410d99e9ba1c2b856c22c7c1137ae53547a98d7ff6cf7?s=96&d=mm&r=g","contentUrl":"https:\/\/secure.gravatar.com\/avatar\/2f1134c8975ffa6363b410d99e9ba1c2b856c22c7c1137ae53547a98d7ff6cf7?s=96&d=mm&r=g","caption":"Tiziana"},"url":""}]}},"_links":{"self":[{"href":"https:\/\/the-mad-otter.it\/index.php\/wp-json\/wp\/v2\/posts\/3062","targetHints":{"allow":["GET"]}}],"collection":[{"href":"https:\/\/the-mad-otter.it\/index.php\/wp-json\/wp\/v2\/posts"}],"about":[{"href":"https:\/\/the-mad-otter.it\/index.php\/wp-json\/wp\/v2\/types\/post"}],"author":[{"embeddable":true,"href":"https:\/\/the-mad-otter.it\/index.php\/wp-json\/wp\/v2\/users\/1"}],"replies":[{"embeddable":true,"href":"https:\/\/the-mad-otter.it\/index.php\/wp-json\/wp\/v2\/comments?post=3062"}],"version-history":[{"count":3,"href":"https:\/\/the-mad-otter.it\/index.php\/wp-json\/wp\/v2\/posts\/3062\/revisions"}],"predecessor-version":[{"id":3067,"href":"https:\/\/the-mad-otter.it\/index.php\/wp-json\/wp\/v2\/posts\/3062\/revisions\/3067"}],"wp:featuredmedia":[{"embeddable":true,"href":"https:\/\/the-mad-otter.it\/index.php\/wp-json\/wp\/v2\/media\/3064"}],"wp:attachment":[{"href":"https:\/\/the-mad-otter.it\/index.php\/wp-json\/wp\/v2\/media?parent=3062"}],"wp:term":[{"taxonomy":"category","embeddable":true,"href":"https:\/\/the-mad-otter.it\/index.php\/wp-json\/wp\/v2\/categories?post=3062"},{"taxonomy":"post_tag","embeddable":true,"href":"https:\/\/the-mad-otter.it\/index.php\/wp-json\/wp\/v2\/tags?post=3062"}],"curies":[{"name":"wp","href":"https:\/\/api.w.org\/{rel}","templated":true}]}}