{"id":281,"date":"2015-04-08T15:14:00","date_gmt":"2015-04-08T13:14:00","guid":{"rendered":"http:\/\/www.the-mad-otter.it\/index.php\/2015\/04\/08\/recensione-odio-la-magia-di-guido-de-palma\/"},"modified":"2015-04-08T15:14:00","modified_gmt":"2015-04-08T13:14:00","slug":"recensione-odio-la-magia-di-guido-de-palma","status":"publish","type":"post","link":"https:\/\/the-mad-otter.it\/index.php\/2015\/04\/08\/recensione-odio-la-magia-di-guido-de-palma\/","title":{"rendered":"Recensione: &#8220;Odio la magia&#8221; di Guido De Palma"},"content":{"rendered":"<p><span style=\"font-size: large; text-align: justify;\">\u00ab Ricordava bene quella prima volta. Erano in giardino, sotto la pergola di glicine &#8211; il suo posto preferito per studiare, forse perch\u00e9 era dove poteva distrarsi pi\u00f9 facilmente. Aveva cercato di sollevare il libro usando i suoi poteri, ma non c&#8217;era riuscita subito. Per lei la Magia era una cosa nuova, aliena. Allora non ne capiva l&#8217;importanza. \u00bb<\/span><\/p>\n<div style=\"text-align: justify;\"><\/div>\n<div style=\"text-align: justify;\"><\/div>\n<div style=\"text-align: justify;\">Dal mondo degli autori emergenti, presento al mondo letterario Guido De Palma, che debutta sugli store online con il suo primo racconto: \u201cOdio la magia\u201d.<\/div>\n<div style=\"text-align: justify;\"><\/div>\n<div style=\"text-align: justify;\">Prima di qualsiasi approfondimento, \u00e8 necessaria una breve ma importante premessa: quella che ci si appresta a leggere \u00e8 una storia introduttiva della dilogia intitolata \u201cAnkan Saga\u201d, di prossima pubblicazione.<\/div>\n<div style=\"text-align: justify;\"><\/div>\n<div style=\"text-align: justify;\">\u201cOdio la magia\u201d \u00e8 disponibile gratuitamente dal 28 marzo su <a href=\"http:\/\/www.amazon.it\/Odio-Magia-Guido-Palma-ebook\/dp\/B00VCHQR5M\/ref=sr_1_1?s=digital-text&amp;ie=UTF8&amp;qid=1449879275&amp;sr=1-1&amp;keywords=odio+la+magia\" target=\"_blank\">Amazon<\/a>.<\/div>\n<div style=\"text-align: justify;\"><\/div>\n<div style=\"text-align: justify;\">Quando ci si approccia al genere fantasy, la prima cosa che probabilmente viene in mente \u00e8 una realt\u00e0 in cui la magia esiste e pu\u00f2 essere utilizzata. Chi ha un minimo di immaginazione e ama perdersi nei suoi meandri , avr\u00e0 sicuramente fantasticato e desiderato di essere un mago e semplificare ci\u00f2 che, umanamente parlando, \u00e8 difficile se non impossibile da realizzare.<\/div>\n<div style=\"text-align: justify;\"><\/div>\n<p><a href=\"http:\/\/1.bp.blogspot.com\/-Egve75Lin-k\/VSU25S3z0lI\/AAAAAAAAAHE\/F77VBz0_wE0\/s1600\/cover_ITA_600.jpg\" style=\"clear: left; float: left; margin-bottom: 1em; margin-right: 1em; text-align: justify;\"><img loading=\"lazy\" decoding=\"async\" border=\"0\" height=\"320\" src=\"http:\/\/1.bp.blogspot.com\/-Egve75Lin-k\/VSU25S3z0lI\/AAAAAAAAAHE\/F77VBz0_wE0\/s1600\/cover_ITA_600.jpg\" width=\"213\" \/><\/a><\/p>\n<div style=\"text-align: justify;\">Elydia \u00e8 una maga, ma fin dalla tenera et\u00e0 odia il suo Dono. Nonostante questo viene affidata al Mago Falibor affinch\u00e9 le faccia da maestro e la introduca nel mondo dei Maghi. Pi\u00f9 il tempo passa, pi\u00f9 Elydia si rende conto di quanto l\u2019uomo sia importante per lei: non le insegna solo la Magia ma anche essere una donna.<\/div>\n<p><\/p>\n<div style=\"text-align: justify;\"><\/div>\n<div style=\"text-align: justify;\">La ragazza quindi si lascia trasportare dai sentimenti, nonostante le relazioni tra maghi siano proibite da secoli. Questa \u00e8 la prima delle quattro storie d\u2019amore che vengono raccontate. Quattro storie al limite della tragicit\u00e0 che porteranno Elydia a conoscere il vero amore dal quale verr\u00e0 concepito un figlio. Si scopre cos\u00ec che il reale protagonista \u00e8 proprio il bambino che dovr\u00e0 nascere: Ankan, destinato al compimento di un\u2019antica profezia.<\/div>\n<div style=\"text-align: justify;\"><\/div>\n<div style=\"text-align: justify;\">Rimanendo sul pezzo, punti di forza e debolezze si contrastano ed equilibrano. La scrittura di De Palma \u00e8 semplice e &nbsp;lineare; le descrizioni, per quanto brevi, danno gli elementi basilari al lettore per proseguire nella lettura. Alcuni passaggi narrativi sono per\u00f2 un po\u2019 troppo frettolosi e sbrigativi e rendono la storia e il susseguirsi degli eventi leggermente scontato.<\/div>\n<div style=\"text-align: justify;\"><\/div>\n<div style=\"text-align: justify;\">L\u2019interesse nell&#8217;approfondire la conoscenza del mondo di Varda rimane inalterato, ma tanti sono gli interrogativi che ci si pone alla fine. Interrogativi che da un racconto di presentazione dovrebbero essere sanati, invece ci si ritrova a pensare che per apprezzarlo davvero sarebbe stato meglio conoscere qualche elemento in pi\u00f9 sulla saga: un ulteriore racconto, addirittura.<\/div>\n<div style=\"text-align: justify;\"><\/div>\n<div style=\"text-align: justify;\">In conclusione, \u201cOdio la magia\u201d \u00e8 un testo buono ed intrigante, ma non ha l\u2019efficacia necessaria per essere considerato un racconto introduttivo all&#8217;effettiva storia.<\/div>\n<div style=\"text-align: justify;\"><\/div>\n<div style=\"text-align: justify;\">Non ci resta quindi che attendere con pazienza l\u2019uscita di Ankan Saga, augurando a Guido De Palma di riuscire in una tempestiva pubblicazione e di conquistare tutti con il suo lavoro.<\/div>\n<div style=\"text-align: justify;\"><\/div>\n<div style=\"text-align: justify;\">Per saperne di pi\u00f9, lascio il link al suo sito:&nbsp;<a href=\"http:\/\/www.guidodepalma.com\/it\/homepage\/\">http:\/\/www.guidodepalma.com\/it\/homepage\/<\/a><\/div>\n<div style=\"text-align: justify;\"><\/div>\n","protected":false},"excerpt":{"rendered":"<p>\u00ab Ricordava bene quella prima volta. Erano in giardino, sotto la pergola di glicine &#8211; il suo posto preferito per studiare, forse perch\u00e9 era dove poteva distrarsi pi\u00f9 facilmente. Aveva cercato di sollevare il libro usando i suoi poteri, ma non c&#8217;era riuscita subito. Per lei la Magia era una cosa nuova, aliena. Allora non [&hellip;]<\/p>\n","protected":false},"author":1,"featured_media":0,"comment_status":"open","ping_status":"open","sticky":false,"template":"","format":"standard","meta":{"footnotes":""},"categories":[98,10,4,3],"tags":[],"class_list":["post-281","post","type-post","status-publish","format-standard","hentry","category-amazon","category-autori-emergenti","category-libri","category-recensioni"],"yoast_head":"<!-- This site is optimized with the Yoast SEO plugin v25.9 - https:\/\/yoast.com\/wordpress\/plugins\/seo\/ -->\n<title>Recensione: &quot;Odio la magia&quot; di Guido De Palma - The Mad Otter<\/title>\n<meta name=\"robots\" content=\"index, follow, max-snippet:-1, max-image-preview:large, max-video-preview:-1\" \/>\n<link rel=\"canonical\" href=\"https:\/\/the-mad-otter.it\/index.php\/2015\/04\/08\/recensione-odio-la-magia-di-guido-de-palma\/\" \/>\n<meta property=\"og:locale\" content=\"it_IT\" \/>\n<meta property=\"og:type\" content=\"article\" \/>\n<meta property=\"og:title\" content=\"Recensione: &quot;Odio la magia&quot; di Guido De Palma - The Mad Otter\" \/>\n<meta property=\"og:description\" content=\"\u00ab Ricordava bene quella prima volta. Erano in giardino, sotto la pergola di glicine &#8211; il suo posto preferito per studiare, forse perch\u00e9 era dove poteva distrarsi pi\u00f9 facilmente. Aveva cercato di sollevare il libro usando i suoi poteri, ma non c&#8217;era riuscita subito. Per lei la Magia era una cosa nuova, aliena. Allora non [&hellip;]\" \/>\n<meta property=\"og:url\" content=\"https:\/\/the-mad-otter.it\/index.php\/2015\/04\/08\/recensione-odio-la-magia-di-guido-de-palma\/\" \/>\n<meta property=\"og:site_name\" content=\"The Mad Otter\" \/>\n<meta property=\"article:publisher\" content=\"https:\/\/www.facebook.com\/themadotterblog\" \/>\n<meta property=\"article:published_time\" content=\"2015-04-08T13:14:00+00:00\" \/>\n<meta property=\"og:image\" content=\"http:\/\/1.bp.blogspot.com\/-Egve75Lin-k\/VSU25S3z0lI\/AAAAAAAAAHE\/F77VBz0_wE0\/s1600\/cover_ITA_600.jpg\" \/>\n<meta name=\"author\" content=\"Tiziana\" \/>\n<meta name=\"twitter:card\" content=\"summary_large_image\" \/>\n<meta name=\"twitter:creator\" content=\"@TheMadOtterBlog\" \/>\n<meta name=\"twitter:site\" content=\"@TheMadOtterBlog\" \/>\n<meta name=\"twitter:label1\" content=\"Scritto da\" \/>\n\t<meta name=\"twitter:data1\" content=\"Tiziana\" \/>\n\t<meta name=\"twitter:label2\" content=\"Tempo di lettura stimato\" \/>\n\t<meta name=\"twitter:data2\" content=\"2 minuti\" \/>\n<script type=\"application\/ld+json\" class=\"yoast-schema-graph\">{\"@context\":\"https:\/\/schema.org\",\"@graph\":[{\"@type\":\"WebPage\",\"@id\":\"https:\/\/the-mad-otter.it\/index.php\/2015\/04\/08\/recensione-odio-la-magia-di-guido-de-palma\/\",\"url\":\"https:\/\/the-mad-otter.it\/index.php\/2015\/04\/08\/recensione-odio-la-magia-di-guido-de-palma\/\",\"name\":\"Recensione: \\\"Odio la magia\\\" di Guido De Palma - The Mad Otter\",\"isPartOf\":{\"@id\":\"https:\/\/the-mad-otter.it\/#website\"},\"primaryImageOfPage\":{\"@id\":\"https:\/\/the-mad-otter.it\/index.php\/2015\/04\/08\/recensione-odio-la-magia-di-guido-de-palma\/#primaryimage\"},\"image\":{\"@id\":\"https:\/\/the-mad-otter.it\/index.php\/2015\/04\/08\/recensione-odio-la-magia-di-guido-de-palma\/#primaryimage\"},\"thumbnailUrl\":\"http:\/\/1.bp.blogspot.com\/-Egve75Lin-k\/VSU25S3z0lI\/AAAAAAAAAHE\/F77VBz0_wE0\/s1600\/cover_ITA_600.jpg\",\"datePublished\":\"2015-04-08T13:14:00+00:00\",\"author\":{\"@id\":\"https:\/\/the-mad-otter.it\/#\/schema\/person\/c88992abc52fdb12594f56b68f54421a\"},\"breadcrumb\":{\"@id\":\"https:\/\/the-mad-otter.it\/index.php\/2015\/04\/08\/recensione-odio-la-magia-di-guido-de-palma\/#breadcrumb\"},\"inLanguage\":\"it-IT\",\"potentialAction\":[{\"@type\":\"ReadAction\",\"target\":[\"https:\/\/the-mad-otter.it\/index.php\/2015\/04\/08\/recensione-odio-la-magia-di-guido-de-palma\/\"]}]},{\"@type\":\"ImageObject\",\"inLanguage\":\"it-IT\",\"@id\":\"https:\/\/the-mad-otter.it\/index.php\/2015\/04\/08\/recensione-odio-la-magia-di-guido-de-palma\/#primaryimage\",\"url\":\"http:\/\/1.bp.blogspot.com\/-Egve75Lin-k\/VSU25S3z0lI\/AAAAAAAAAHE\/F77VBz0_wE0\/s1600\/cover_ITA_600.jpg\",\"contentUrl\":\"http:\/\/1.bp.blogspot.com\/-Egve75Lin-k\/VSU25S3z0lI\/AAAAAAAAAHE\/F77VBz0_wE0\/s1600\/cover_ITA_600.jpg\"},{\"@type\":\"BreadcrumbList\",\"@id\":\"https:\/\/the-mad-otter.it\/index.php\/2015\/04\/08\/recensione-odio-la-magia-di-guido-de-palma\/#breadcrumb\",\"itemListElement\":[{\"@type\":\"ListItem\",\"position\":1,\"name\":\"Home\",\"item\":\"https:\/\/the-mad-otter.it\/\"},{\"@type\":\"ListItem\",\"position\":2,\"name\":\"Recensione: &#8220;Odio la magia&#8221; di Guido De Palma\"}]},{\"@type\":\"WebSite\",\"@id\":\"https:\/\/the-mad-otter.it\/#website\",\"url\":\"https:\/\/the-mad-otter.it\/\",\"name\":\"The Mad Otter\",\"description\":\"Benvenuti nella tana della lontra.\",\"potentialAction\":[{\"@type\":\"SearchAction\",\"target\":{\"@type\":\"EntryPoint\",\"urlTemplate\":\"https:\/\/the-mad-otter.it\/?s={search_term_string}\"},\"query-input\":{\"@type\":\"PropertyValueSpecification\",\"valueRequired\":true,\"valueName\":\"search_term_string\"}}],\"inLanguage\":\"it-IT\"},{\"@type\":\"Person\",\"@id\":\"https:\/\/the-mad-otter.it\/#\/schema\/person\/c88992abc52fdb12594f56b68f54421a\",\"name\":\"Tiziana\",\"image\":{\"@type\":\"ImageObject\",\"inLanguage\":\"it-IT\",\"@id\":\"https:\/\/the-mad-otter.it\/#\/schema\/person\/image\/\",\"url\":\"https:\/\/secure.gravatar.com\/avatar\/2f1134c8975ffa6363b410d99e9ba1c2b856c22c7c1137ae53547a98d7ff6cf7?s=96&d=mm&r=g\",\"contentUrl\":\"https:\/\/secure.gravatar.com\/avatar\/2f1134c8975ffa6363b410d99e9ba1c2b856c22c7c1137ae53547a98d7ff6cf7?s=96&d=mm&r=g\",\"caption\":\"Tiziana\"},\"url\":\"\"}]}<\/script>\n<!-- \/ Yoast SEO plugin. -->","yoast_head_json":{"title":"Recensione: \"Odio la magia\" di Guido De Palma - The Mad Otter","robots":{"index":"index","follow":"follow","max-snippet":"max-snippet:-1","max-image-preview":"max-image-preview:large","max-video-preview":"max-video-preview:-1"},"canonical":"https:\/\/the-mad-otter.it\/index.php\/2015\/04\/08\/recensione-odio-la-magia-di-guido-de-palma\/","og_locale":"it_IT","og_type":"article","og_title":"Recensione: \"Odio la magia\" di Guido De Palma - The Mad Otter","og_description":"\u00ab Ricordava bene quella prima volta. Erano in giardino, sotto la pergola di glicine &#8211; il suo posto preferito per studiare, forse perch\u00e9 era dove poteva distrarsi pi\u00f9 facilmente. Aveva cercato di sollevare il libro usando i suoi poteri, ma non c&#8217;era riuscita subito. Per lei la Magia era una cosa nuova, aliena. Allora non [&hellip;]","og_url":"https:\/\/the-mad-otter.it\/index.php\/2015\/04\/08\/recensione-odio-la-magia-di-guido-de-palma\/","og_site_name":"The Mad Otter","article_publisher":"https:\/\/www.facebook.com\/themadotterblog","article_published_time":"2015-04-08T13:14:00+00:00","og_image":[{"url":"http:\/\/1.bp.blogspot.com\/-Egve75Lin-k\/VSU25S3z0lI\/AAAAAAAAAHE\/F77VBz0_wE0\/s1600\/cover_ITA_600.jpg","type":"","width":"","height":""}],"author":"Tiziana","twitter_card":"summary_large_image","twitter_creator":"@TheMadOtterBlog","twitter_site":"@TheMadOtterBlog","twitter_misc":{"Scritto da":"Tiziana","Tempo di lettura stimato":"2 minuti"},"schema":{"@context":"https:\/\/schema.org","@graph":[{"@type":"WebPage","@id":"https:\/\/the-mad-otter.it\/index.php\/2015\/04\/08\/recensione-odio-la-magia-di-guido-de-palma\/","url":"https:\/\/the-mad-otter.it\/index.php\/2015\/04\/08\/recensione-odio-la-magia-di-guido-de-palma\/","name":"Recensione: \"Odio la magia\" di Guido De Palma - The Mad Otter","isPartOf":{"@id":"https:\/\/the-mad-otter.it\/#website"},"primaryImageOfPage":{"@id":"https:\/\/the-mad-otter.it\/index.php\/2015\/04\/08\/recensione-odio-la-magia-di-guido-de-palma\/#primaryimage"},"image":{"@id":"https:\/\/the-mad-otter.it\/index.php\/2015\/04\/08\/recensione-odio-la-magia-di-guido-de-palma\/#primaryimage"},"thumbnailUrl":"http:\/\/1.bp.blogspot.com\/-Egve75Lin-k\/VSU25S3z0lI\/AAAAAAAAAHE\/F77VBz0_wE0\/s1600\/cover_ITA_600.jpg","datePublished":"2015-04-08T13:14:00+00:00","author":{"@id":"https:\/\/the-mad-otter.it\/#\/schema\/person\/c88992abc52fdb12594f56b68f54421a"},"breadcrumb":{"@id":"https:\/\/the-mad-otter.it\/index.php\/2015\/04\/08\/recensione-odio-la-magia-di-guido-de-palma\/#breadcrumb"},"inLanguage":"it-IT","potentialAction":[{"@type":"ReadAction","target":["https:\/\/the-mad-otter.it\/index.php\/2015\/04\/08\/recensione-odio-la-magia-di-guido-de-palma\/"]}]},{"@type":"ImageObject","inLanguage":"it-IT","@id":"https:\/\/the-mad-otter.it\/index.php\/2015\/04\/08\/recensione-odio-la-magia-di-guido-de-palma\/#primaryimage","url":"http:\/\/1.bp.blogspot.com\/-Egve75Lin-k\/VSU25S3z0lI\/AAAAAAAAAHE\/F77VBz0_wE0\/s1600\/cover_ITA_600.jpg","contentUrl":"http:\/\/1.bp.blogspot.com\/-Egve75Lin-k\/VSU25S3z0lI\/AAAAAAAAAHE\/F77VBz0_wE0\/s1600\/cover_ITA_600.jpg"},{"@type":"BreadcrumbList","@id":"https:\/\/the-mad-otter.it\/index.php\/2015\/04\/08\/recensione-odio-la-magia-di-guido-de-palma\/#breadcrumb","itemListElement":[{"@type":"ListItem","position":1,"name":"Home","item":"https:\/\/the-mad-otter.it\/"},{"@type":"ListItem","position":2,"name":"Recensione: &#8220;Odio la magia&#8221; di Guido De Palma"}]},{"@type":"WebSite","@id":"https:\/\/the-mad-otter.it\/#website","url":"https:\/\/the-mad-otter.it\/","name":"The Mad Otter","description":"Benvenuti nella tana della lontra.","potentialAction":[{"@type":"SearchAction","target":{"@type":"EntryPoint","urlTemplate":"https:\/\/the-mad-otter.it\/?s={search_term_string}"},"query-input":{"@type":"PropertyValueSpecification","valueRequired":true,"valueName":"search_term_string"}}],"inLanguage":"it-IT"},{"@type":"Person","@id":"https:\/\/the-mad-otter.it\/#\/schema\/person\/c88992abc52fdb12594f56b68f54421a","name":"Tiziana","image":{"@type":"ImageObject","inLanguage":"it-IT","@id":"https:\/\/the-mad-otter.it\/#\/schema\/person\/image\/","url":"https:\/\/secure.gravatar.com\/avatar\/2f1134c8975ffa6363b410d99e9ba1c2b856c22c7c1137ae53547a98d7ff6cf7?s=96&d=mm&r=g","contentUrl":"https:\/\/secure.gravatar.com\/avatar\/2f1134c8975ffa6363b410d99e9ba1c2b856c22c7c1137ae53547a98d7ff6cf7?s=96&d=mm&r=g","caption":"Tiziana"},"url":""}]}},"_links":{"self":[{"href":"https:\/\/the-mad-otter.it\/index.php\/wp-json\/wp\/v2\/posts\/281","targetHints":{"allow":["GET"]}}],"collection":[{"href":"https:\/\/the-mad-otter.it\/index.php\/wp-json\/wp\/v2\/posts"}],"about":[{"href":"https:\/\/the-mad-otter.it\/index.php\/wp-json\/wp\/v2\/types\/post"}],"author":[{"embeddable":true,"href":"https:\/\/the-mad-otter.it\/index.php\/wp-json\/wp\/v2\/users\/1"}],"replies":[{"embeddable":true,"href":"https:\/\/the-mad-otter.it\/index.php\/wp-json\/wp\/v2\/comments?post=281"}],"version-history":[{"count":0,"href":"https:\/\/the-mad-otter.it\/index.php\/wp-json\/wp\/v2\/posts\/281\/revisions"}],"wp:attachment":[{"href":"https:\/\/the-mad-otter.it\/index.php\/wp-json\/wp\/v2\/media?parent=281"}],"wp:term":[{"taxonomy":"category","embeddable":true,"href":"https:\/\/the-mad-otter.it\/index.php\/wp-json\/wp\/v2\/categories?post=281"},{"taxonomy":"post_tag","embeddable":true,"href":"https:\/\/the-mad-otter.it\/index.php\/wp-json\/wp\/v2\/tags?post=281"}],"curies":[{"name":"wp","href":"https:\/\/api.w.org\/{rel}","templated":true}]}}