{"id":274,"date":"2015-11-17T20:08:00","date_gmt":"2015-11-17T19:08:00","guid":{"rendered":"http:\/\/www.the-mad-otter.it\/index.php\/2015\/11\/17\/recensione-niourk-il-bambino-nero-di-olivier-vatine\/"},"modified":"2015-11-17T20:08:00","modified_gmt":"2015-11-17T19:08:00","slug":"recensione-niourk-il-bambino-nero-di-olivier-vatine","status":"publish","type":"post","link":"https:\/\/the-mad-otter.it\/index.php\/2015\/11\/17\/recensione-niourk-il-bambino-nero-di-olivier-vatine\/","title":{"rendered":"Recensione: &#8220;Niourk &#8211; Il bambino nero&#8221; di Olivier Vatine"},"content":{"rendered":"<p><span style=\"font-size: large;\"><br \/><\/span><\/p>\n<div style=\"text-align: justify;\"><span style=\"font-size: large;\">\u00ab <span style=\"font-family: times, times new roman, serif;\"><span style=\"line-height: 16.8667px;\">All&#8217;epoca credevo ciecamente ai poteri della collana del vecchio&#8230; a quelli dei morti&#8230; e credevo agli d\u00e8i.<\/span><\/span><\/span><span style=\"font-size: large;\">&nbsp;\u00bb<\/span><\/div>\n<div style=\"text-align: justify;\"><span style=\"font-size: large;\"><br \/><\/span><\/div>\n<div style=\"text-align: justify;\"><span style=\"font-family: inherit;\">Una pura, piccola perla. <\/span><\/div>\n<div style=\"text-align: justify;\"><span style=\"font-family: inherit;\"><br \/><\/span><\/div>\n<div style=\"text-align: justify;\"><span style=\"font-family: inherit;\">L&#8217;opera del francese Olivier Vatine non pu\u00f2 essere definita altrimenti. Commento contrastante, rispetto a ci\u00f2 che viene raccontato in questa storia, impregnata di aria radioattiva e puzzo di devastazione.<\/span><\/div>\n<div style=\"text-align: justify;\"><span style=\"font-family: inherit;\"><br \/><\/span><\/div>\n<div style=\"text-align: justify;\"><a href=\"http:\/\/1.bp.blogspot.com\/-weYBUvWU4Y8\/Vkt5d8utNjI\/AAAAAAAAALE\/0wCIiy-E0Ec\/s1600\/20151117_165038.jpg\" style=\"clear: left; float: left; margin-bottom: 1em; margin-right: 1em;\"><img loading=\"lazy\" decoding=\"async\" border=\"0\" height=\"200\" src=\"http:\/\/1.bp.blogspot.com\/-weYBUvWU4Y8\/Vkt5d8utNjI\/AAAAAAAAALE\/0wCIiy-E0Ec\/s200\/20151117_165038.jpg\" width=\"150\" \/><\/a><span style=\"font-family: inherit;\">Nel futuro si ritorner\u00e0 nel passato; ci\u00f2 che rimane della civilt\u00e0 terrestre regredisce all&#8217;Et\u00e0 della Pietra. <\/span><\/div>\n<div style=\"text-align: justify;\"><span style=\"font-family: inherit;\"><br \/><\/span><\/div>\n<div style=\"text-align: justify;\"><span style=\"font-family: inherit;\">In mezzo al deserto, in un\u2019ormai utopica zona a sud dell\u2019America, \u00e8 stanziata la trib\u00f9 di Thoz, il guerriero pi\u00f9 forte, di ritorno da una battuta magra di caccia. Il vecchio \u201cLui-che-sa\u201d \u00e8 l\u2019unico che pu\u00f2 contattare gli d\u00e8i e chiedere che ci sia nuova selvaggina; cos\u00ec parte, sapendo gi\u00e0 che al suo ritorno il bambino nero dovr\u00e0 morire: \u00e8 lui &nbsp;la causa delle loro disgrazie. Ma passa il tempo e il saggio scompare. Il bambino, preso da sentimenti contrastanti, decide quindi di avventurarsi da solo attraverso i monti cubani per cercarlo.<\/span><\/div>\n<p><span style=\"font-family: inherit;\"><br \/><\/span><\/p>\n<div style=\"text-align: justify;\"><span style=\"font-family: inherit;\">Questo \u00e8 l\u2019inizio di un lungo viaggio, alla scoperta dell\u2019antica civilt\u00e0. Incontrer\u00e0 l\u2019orso, il suo unico amico, conoscer\u00e0 i mostri della Terra, ricever\u00e0 in dono il fuoco degli d\u00e8i e rimarr\u00e0 incantato di fronte alla dea di pietra. Un percorso verso la salvezza. Un percorso verso \u201cNiourk\u201d.<\/span><\/div>\n<div style=\"text-align: justify;\"><span style=\"font-family: inherit;\"><br \/><\/span><\/div>\n<div style=\"clear: both; text-align: center;\"><a href=\"http:\/\/2.bp.blogspot.com\/-kilrUDdms9Y\/Vkt5qPdYL3I\/AAAAAAAAALQ\/iAcK_setCn0\/s1600\/20151117_165124.jpg\" style=\"clear: right; float: right; margin-bottom: 1em; margin-left: 1em;\"><img loading=\"lazy\" decoding=\"async\" border=\"0\" height=\"320\" src=\"http:\/\/2.bp.blogspot.com\/-kilrUDdms9Y\/Vkt5qPdYL3I\/AAAAAAAAALQ\/iAcK_setCn0\/s320\/20151117_165124.jpg\" width=\"240\" \/><\/a><\/div>\n<div style=\"text-align: justify;\"><span style=\"font-family: inherit;\">Non voglio raccontare altri particolari della storia, rischierei inutilmente di dare anticipazioni esagerate. \u201cNiourk\u201d \u00e8 un fumetto che va gustato e letto senza sapere troppo, un omaggio alla fantascienza classica in chiave contemporanea.&nbsp;<\/span><\/div>\n<div style=\"text-align: justify;\"><span style=\"font-family: inherit;\"><br \/><\/span><\/div>\n<div style=\"text-align: justify;\"><span style=\"font-family: inherit;\">Le meravigliose e colorate tavole di Vatine lasciano affascinati pagina dopo pagina, fino al commovente finale. Questo si lega ai brevi dialoghi e ai pensieri del bambino, facendo quasi trasparire una storia delicata e poetica ma che in realt\u00e0 porta in auge gli errori dell\u2019umanit\u00e0, troppo impegnata ad impugnare un\u2019arma piuttosto che stringersi a vicenda la mano e puntare verso il benessere e il progresso di tutti.<\/span><\/div>\n<div style=\"text-align: justify;\"><span style=\"font-family: inherit;\"><br \/><\/span><\/div>\n<div style=\"text-align: justify;\"><span style=\"font-family: inherit;\">I potenti hanno sempre avuto la convinzione di sapere cos\u2019\u00e8 meglio, cosa \u00e8 giusto, cosa deve essere fatto. La soluzione stavolta \u00e8 nelle mani di un bambino, proprio quello che pi\u00f9 viene odiato per il colore della pelle e l\u2019origine, che agir\u00e0 diversamente, forse nel modo pi\u00f9 inaspettato possibile.<\/span><\/div>\n<div style=\"text-align: justify;\"><span style=\"font-family: inherit;\"><br \/><\/span><\/div>\n<div style=\"text-align: justify;\"><span style=\"font-family: inherit;\">Ha fatto bene? Ha fatto male? Verr\u00e0 giudicato, verr\u00e0 criticato. Questo \u00e8 ci\u00f2 che di meglio si sa fare, ora.<\/span><\/div>\n<div style=\"text-align: justify;\"><span style=\"font-family: inherit; line-height: 115%;\"><br \/><\/span><\/div>\n<div style=\"text-align: justify;\"><span style=\"font-family: inherit; line-height: 115%;\">Ma quel che importa \u00e8 leggere la sua storia. Raccontarla ai pi\u00f9 giovani. Per non dimenticare.<\/span><\/div>\n<div style=\"text-align: justify;\"><span style=\"font-family: inherit; line-height: 115%;\"><br \/><\/span><\/div>\n<div style=\"text-align: justify;\"><span style=\"font-family: inherit; line-height: 115%;\"><br \/><\/span><\/div>\n","protected":false},"excerpt":{"rendered":"<p>\u00ab All&#8217;epoca credevo ciecamente ai poteri della collana del vecchio&#8230; a quelli dei morti&#8230; e credevo agli d\u00e8i.&nbsp;\u00bb Una pura, piccola perla. L&#8217;opera del francese Olivier Vatine non pu\u00f2 essere definita altrimenti. Commento contrastante, rispetto a ci\u00f2 che viene raccontato in questa storia, impregnata di aria radioattiva e puzzo di devastazione. Nel futuro si ritorner\u00e0 [&hellip;]<\/p>\n","protected":false},"author":1,"featured_media":0,"comment_status":"open","ping_status":"open","sticky":false,"template":"","format":"standard","meta":{"footnotes":""},"categories":[158,124,3],"tags":[],"class_list":["post-274","post","type-post","status-publish","format-standard","hentry","category-editoriale-cosmo","category-fumetti","category-recensioni"],"yoast_head":"<!-- This site is optimized with the Yoast SEO plugin v25.9 - https:\/\/yoast.com\/wordpress\/plugins\/seo\/ -->\n<title>Recensione: &quot;Niourk - Il bambino nero&quot; di Olivier Vatine - The Mad Otter<\/title>\n<meta name=\"robots\" content=\"index, follow, max-snippet:-1, max-image-preview:large, max-video-preview:-1\" \/>\n<link rel=\"canonical\" href=\"https:\/\/the-mad-otter.it\/index.php\/2015\/11\/17\/recensione-niourk-il-bambino-nero-di-olivier-vatine\/\" \/>\n<meta property=\"og:locale\" content=\"it_IT\" \/>\n<meta property=\"og:type\" content=\"article\" \/>\n<meta property=\"og:title\" content=\"Recensione: &quot;Niourk - Il bambino nero&quot; di Olivier Vatine - The Mad Otter\" \/>\n<meta property=\"og:description\" content=\"\u00ab All&#8217;epoca credevo ciecamente ai poteri della collana del vecchio&#8230; a quelli dei morti&#8230; e credevo agli d\u00e8i.&nbsp;\u00bb Una pura, piccola perla. L&#8217;opera del francese Olivier Vatine non pu\u00f2 essere definita altrimenti. Commento contrastante, rispetto a ci\u00f2 che viene raccontato in questa storia, impregnata di aria radioattiva e puzzo di devastazione. Nel futuro si ritorner\u00e0 [&hellip;]\" \/>\n<meta property=\"og:url\" content=\"https:\/\/the-mad-otter.it\/index.php\/2015\/11\/17\/recensione-niourk-il-bambino-nero-di-olivier-vatine\/\" \/>\n<meta property=\"og:site_name\" content=\"The Mad Otter\" \/>\n<meta property=\"article:publisher\" content=\"https:\/\/www.facebook.com\/themadotterblog\" \/>\n<meta property=\"article:published_time\" content=\"2015-11-17T19:08:00+00:00\" \/>\n<meta property=\"og:image\" content=\"http:\/\/1.bp.blogspot.com\/-weYBUvWU4Y8\/Vkt5d8utNjI\/AAAAAAAAALE\/0wCIiy-E0Ec\/s200\/20151117_165038.jpg\" \/>\n<meta name=\"author\" content=\"Tiziana\" \/>\n<meta name=\"twitter:card\" content=\"summary_large_image\" \/>\n<meta name=\"twitter:creator\" content=\"@TheMadOtterBlog\" \/>\n<meta name=\"twitter:site\" content=\"@TheMadOtterBlog\" \/>\n<meta name=\"twitter:label1\" content=\"Scritto da\" \/>\n\t<meta name=\"twitter:data1\" content=\"Tiziana\" \/>\n\t<meta name=\"twitter:label2\" content=\"Tempo di lettura stimato\" \/>\n\t<meta name=\"twitter:data2\" content=\"2 minuti\" \/>\n<script type=\"application\/ld+json\" class=\"yoast-schema-graph\">{\"@context\":\"https:\/\/schema.org\",\"@graph\":[{\"@type\":\"WebPage\",\"@id\":\"https:\/\/the-mad-otter.it\/index.php\/2015\/11\/17\/recensione-niourk-il-bambino-nero-di-olivier-vatine\/\",\"url\":\"https:\/\/the-mad-otter.it\/index.php\/2015\/11\/17\/recensione-niourk-il-bambino-nero-di-olivier-vatine\/\",\"name\":\"Recensione: \\\"Niourk - Il bambino nero\\\" di Olivier Vatine - The Mad Otter\",\"isPartOf\":{\"@id\":\"https:\/\/the-mad-otter.it\/#website\"},\"primaryImageOfPage\":{\"@id\":\"https:\/\/the-mad-otter.it\/index.php\/2015\/11\/17\/recensione-niourk-il-bambino-nero-di-olivier-vatine\/#primaryimage\"},\"image\":{\"@id\":\"https:\/\/the-mad-otter.it\/index.php\/2015\/11\/17\/recensione-niourk-il-bambino-nero-di-olivier-vatine\/#primaryimage\"},\"thumbnailUrl\":\"http:\/\/1.bp.blogspot.com\/-weYBUvWU4Y8\/Vkt5d8utNjI\/AAAAAAAAALE\/0wCIiy-E0Ec\/s200\/20151117_165038.jpg\",\"datePublished\":\"2015-11-17T19:08:00+00:00\",\"author\":{\"@id\":\"https:\/\/the-mad-otter.it\/#\/schema\/person\/c88992abc52fdb12594f56b68f54421a\"},\"breadcrumb\":{\"@id\":\"https:\/\/the-mad-otter.it\/index.php\/2015\/11\/17\/recensione-niourk-il-bambino-nero-di-olivier-vatine\/#breadcrumb\"},\"inLanguage\":\"it-IT\",\"potentialAction\":[{\"@type\":\"ReadAction\",\"target\":[\"https:\/\/the-mad-otter.it\/index.php\/2015\/11\/17\/recensione-niourk-il-bambino-nero-di-olivier-vatine\/\"]}]},{\"@type\":\"ImageObject\",\"inLanguage\":\"it-IT\",\"@id\":\"https:\/\/the-mad-otter.it\/index.php\/2015\/11\/17\/recensione-niourk-il-bambino-nero-di-olivier-vatine\/#primaryimage\",\"url\":\"http:\/\/1.bp.blogspot.com\/-weYBUvWU4Y8\/Vkt5d8utNjI\/AAAAAAAAALE\/0wCIiy-E0Ec\/s200\/20151117_165038.jpg\",\"contentUrl\":\"http:\/\/1.bp.blogspot.com\/-weYBUvWU4Y8\/Vkt5d8utNjI\/AAAAAAAAALE\/0wCIiy-E0Ec\/s200\/20151117_165038.jpg\"},{\"@type\":\"BreadcrumbList\",\"@id\":\"https:\/\/the-mad-otter.it\/index.php\/2015\/11\/17\/recensione-niourk-il-bambino-nero-di-olivier-vatine\/#breadcrumb\",\"itemListElement\":[{\"@type\":\"ListItem\",\"position\":1,\"name\":\"Home\",\"item\":\"https:\/\/the-mad-otter.it\/\"},{\"@type\":\"ListItem\",\"position\":2,\"name\":\"Recensione: &#8220;Niourk &#8211; Il bambino nero&#8221; di Olivier Vatine\"}]},{\"@type\":\"WebSite\",\"@id\":\"https:\/\/the-mad-otter.it\/#website\",\"url\":\"https:\/\/the-mad-otter.it\/\",\"name\":\"The Mad Otter\",\"description\":\"Benvenuti nella tana della lontra.\",\"potentialAction\":[{\"@type\":\"SearchAction\",\"target\":{\"@type\":\"EntryPoint\",\"urlTemplate\":\"https:\/\/the-mad-otter.it\/?s={search_term_string}\"},\"query-input\":{\"@type\":\"PropertyValueSpecification\",\"valueRequired\":true,\"valueName\":\"search_term_string\"}}],\"inLanguage\":\"it-IT\"},{\"@type\":\"Person\",\"@id\":\"https:\/\/the-mad-otter.it\/#\/schema\/person\/c88992abc52fdb12594f56b68f54421a\",\"name\":\"Tiziana\",\"image\":{\"@type\":\"ImageObject\",\"inLanguage\":\"it-IT\",\"@id\":\"https:\/\/the-mad-otter.it\/#\/schema\/person\/image\/\",\"url\":\"https:\/\/secure.gravatar.com\/avatar\/2f1134c8975ffa6363b410d99e9ba1c2b856c22c7c1137ae53547a98d7ff6cf7?s=96&d=mm&r=g\",\"contentUrl\":\"https:\/\/secure.gravatar.com\/avatar\/2f1134c8975ffa6363b410d99e9ba1c2b856c22c7c1137ae53547a98d7ff6cf7?s=96&d=mm&r=g\",\"caption\":\"Tiziana\"},\"url\":\"\"}]}<\/script>\n<!-- \/ Yoast SEO plugin. -->","yoast_head_json":{"title":"Recensione: \"Niourk - Il bambino nero\" di Olivier Vatine - The Mad Otter","robots":{"index":"index","follow":"follow","max-snippet":"max-snippet:-1","max-image-preview":"max-image-preview:large","max-video-preview":"max-video-preview:-1"},"canonical":"https:\/\/the-mad-otter.it\/index.php\/2015\/11\/17\/recensione-niourk-il-bambino-nero-di-olivier-vatine\/","og_locale":"it_IT","og_type":"article","og_title":"Recensione: \"Niourk - Il bambino nero\" di Olivier Vatine - The Mad Otter","og_description":"\u00ab All&#8217;epoca credevo ciecamente ai poteri della collana del vecchio&#8230; a quelli dei morti&#8230; e credevo agli d\u00e8i.&nbsp;\u00bb Una pura, piccola perla. L&#8217;opera del francese Olivier Vatine non pu\u00f2 essere definita altrimenti. Commento contrastante, rispetto a ci\u00f2 che viene raccontato in questa storia, impregnata di aria radioattiva e puzzo di devastazione. Nel futuro si ritorner\u00e0 [&hellip;]","og_url":"https:\/\/the-mad-otter.it\/index.php\/2015\/11\/17\/recensione-niourk-il-bambino-nero-di-olivier-vatine\/","og_site_name":"The Mad Otter","article_publisher":"https:\/\/www.facebook.com\/themadotterblog","article_published_time":"2015-11-17T19:08:00+00:00","og_image":[{"url":"http:\/\/1.bp.blogspot.com\/-weYBUvWU4Y8\/Vkt5d8utNjI\/AAAAAAAAALE\/0wCIiy-E0Ec\/s200\/20151117_165038.jpg","type":"","width":"","height":""}],"author":"Tiziana","twitter_card":"summary_large_image","twitter_creator":"@TheMadOtterBlog","twitter_site":"@TheMadOtterBlog","twitter_misc":{"Scritto da":"Tiziana","Tempo di lettura stimato":"2 minuti"},"schema":{"@context":"https:\/\/schema.org","@graph":[{"@type":"WebPage","@id":"https:\/\/the-mad-otter.it\/index.php\/2015\/11\/17\/recensione-niourk-il-bambino-nero-di-olivier-vatine\/","url":"https:\/\/the-mad-otter.it\/index.php\/2015\/11\/17\/recensione-niourk-il-bambino-nero-di-olivier-vatine\/","name":"Recensione: \"Niourk - Il bambino nero\" di Olivier Vatine - The Mad Otter","isPartOf":{"@id":"https:\/\/the-mad-otter.it\/#website"},"primaryImageOfPage":{"@id":"https:\/\/the-mad-otter.it\/index.php\/2015\/11\/17\/recensione-niourk-il-bambino-nero-di-olivier-vatine\/#primaryimage"},"image":{"@id":"https:\/\/the-mad-otter.it\/index.php\/2015\/11\/17\/recensione-niourk-il-bambino-nero-di-olivier-vatine\/#primaryimage"},"thumbnailUrl":"http:\/\/1.bp.blogspot.com\/-weYBUvWU4Y8\/Vkt5d8utNjI\/AAAAAAAAALE\/0wCIiy-E0Ec\/s200\/20151117_165038.jpg","datePublished":"2015-11-17T19:08:00+00:00","author":{"@id":"https:\/\/the-mad-otter.it\/#\/schema\/person\/c88992abc52fdb12594f56b68f54421a"},"breadcrumb":{"@id":"https:\/\/the-mad-otter.it\/index.php\/2015\/11\/17\/recensione-niourk-il-bambino-nero-di-olivier-vatine\/#breadcrumb"},"inLanguage":"it-IT","potentialAction":[{"@type":"ReadAction","target":["https:\/\/the-mad-otter.it\/index.php\/2015\/11\/17\/recensione-niourk-il-bambino-nero-di-olivier-vatine\/"]}]},{"@type":"ImageObject","inLanguage":"it-IT","@id":"https:\/\/the-mad-otter.it\/index.php\/2015\/11\/17\/recensione-niourk-il-bambino-nero-di-olivier-vatine\/#primaryimage","url":"http:\/\/1.bp.blogspot.com\/-weYBUvWU4Y8\/Vkt5d8utNjI\/AAAAAAAAALE\/0wCIiy-E0Ec\/s200\/20151117_165038.jpg","contentUrl":"http:\/\/1.bp.blogspot.com\/-weYBUvWU4Y8\/Vkt5d8utNjI\/AAAAAAAAALE\/0wCIiy-E0Ec\/s200\/20151117_165038.jpg"},{"@type":"BreadcrumbList","@id":"https:\/\/the-mad-otter.it\/index.php\/2015\/11\/17\/recensione-niourk-il-bambino-nero-di-olivier-vatine\/#breadcrumb","itemListElement":[{"@type":"ListItem","position":1,"name":"Home","item":"https:\/\/the-mad-otter.it\/"},{"@type":"ListItem","position":2,"name":"Recensione: &#8220;Niourk &#8211; Il bambino nero&#8221; di Olivier Vatine"}]},{"@type":"WebSite","@id":"https:\/\/the-mad-otter.it\/#website","url":"https:\/\/the-mad-otter.it\/","name":"The Mad Otter","description":"Benvenuti nella tana della lontra.","potentialAction":[{"@type":"SearchAction","target":{"@type":"EntryPoint","urlTemplate":"https:\/\/the-mad-otter.it\/?s={search_term_string}"},"query-input":{"@type":"PropertyValueSpecification","valueRequired":true,"valueName":"search_term_string"}}],"inLanguage":"it-IT"},{"@type":"Person","@id":"https:\/\/the-mad-otter.it\/#\/schema\/person\/c88992abc52fdb12594f56b68f54421a","name":"Tiziana","image":{"@type":"ImageObject","inLanguage":"it-IT","@id":"https:\/\/the-mad-otter.it\/#\/schema\/person\/image\/","url":"https:\/\/secure.gravatar.com\/avatar\/2f1134c8975ffa6363b410d99e9ba1c2b856c22c7c1137ae53547a98d7ff6cf7?s=96&d=mm&r=g","contentUrl":"https:\/\/secure.gravatar.com\/avatar\/2f1134c8975ffa6363b410d99e9ba1c2b856c22c7c1137ae53547a98d7ff6cf7?s=96&d=mm&r=g","caption":"Tiziana"},"url":""}]}},"_links":{"self":[{"href":"https:\/\/the-mad-otter.it\/index.php\/wp-json\/wp\/v2\/posts\/274","targetHints":{"allow":["GET"]}}],"collection":[{"href":"https:\/\/the-mad-otter.it\/index.php\/wp-json\/wp\/v2\/posts"}],"about":[{"href":"https:\/\/the-mad-otter.it\/index.php\/wp-json\/wp\/v2\/types\/post"}],"author":[{"embeddable":true,"href":"https:\/\/the-mad-otter.it\/index.php\/wp-json\/wp\/v2\/users\/1"}],"replies":[{"embeddable":true,"href":"https:\/\/the-mad-otter.it\/index.php\/wp-json\/wp\/v2\/comments?post=274"}],"version-history":[{"count":0,"href":"https:\/\/the-mad-otter.it\/index.php\/wp-json\/wp\/v2\/posts\/274\/revisions"}],"wp:attachment":[{"href":"https:\/\/the-mad-otter.it\/index.php\/wp-json\/wp\/v2\/media?parent=274"}],"wp:term":[{"taxonomy":"category","embeddable":true,"href":"https:\/\/the-mad-otter.it\/index.php\/wp-json\/wp\/v2\/categories?post=274"},{"taxonomy":"post_tag","embeddable":true,"href":"https:\/\/the-mad-otter.it\/index.php\/wp-json\/wp\/v2\/tags?post=274"}],"curies":[{"name":"wp","href":"https:\/\/api.w.org\/{rel}","templated":true}]}}