{"id":263,"date":"2016-01-20T15:48:00","date_gmt":"2016-01-20T14:48:00","guid":{"rendered":"http:\/\/www.the-mad-otter.it\/index.php\/2016\/01\/20\/recensione-una-scintilla-nelloscurita-di-emanuela-riva\/"},"modified":"2016-01-20T15:48:00","modified_gmt":"2016-01-20T14:48:00","slug":"recensione-una-scintilla-nelloscurita-di-emanuela-riva","status":"publish","type":"post","link":"https:\/\/the-mad-otter.it\/index.php\/2016\/01\/20\/recensione-una-scintilla-nelloscurita-di-emanuela-riva\/","title":{"rendered":"Recensione: &#8220;Una scintilla nell&#8217;oscurit\u00e0&#8221; di Emanuela Riva"},"content":{"rendered":"<p><\/p>\n<div style=\"text-align: justify;\"><\/div>\n<div style=\"text-align: justify;\"><span style=\"font-size: large;\">\u00ab&nbsp;<\/span><span style=\"font-family: times, times new roman, serif; font-size: large;\"><span style=\"line-height: 16.8667px;\">Forse speravo che la mia vita cambiasse radicalmente, magari con qualche avventura pericolosa, con un pizzico di adrenalina e un amore intenso all&#8217;inverosimile. Ma per il momento mi accontentavo dei miei incubi che erano altrettanto intensi e terrorizzanti.<\/span><\/span><span style=\"font-size: large;\">&nbsp;\u00bb<\/span><\/div>\n<p><span style=\"font-size: large; text-align: justify;\"><br \/><\/span><\/p>\n<div style=\"text-align: justify;\"><\/div>\n<div style=\"text-align: justify;\">L&#8217;opera che presento oggi s&#8217;intitola &#8220;Una scintilla nell&#8217;oscurit\u00e0&#8221; ed \u00e8 il primo libro di una trilogia urban fantasy a tema vampirico, edito da Trame dei Sogni e acquistabile su&nbsp;<a href=\"http:\/\/www.amazon.it\/Una-scintilla-nelloscurit%C3%A0-Emanuela-Riva-ebook\/dp\/B015F4VIC4\/ref=sr_1_1?ie=UTF8&amp;qid=1453296616&amp;sr=8-1&amp;keywords=scintille+nell%27oscurit%C3%A0\" target=\"_blank\">Amazon<\/a>&nbsp;e nei migliori store online.<\/div>\n<div style=\"text-align: justify;\"><\/div>\n<div style=\"clear: both; text-align: center;\"><a href=\"http:\/\/2.bp.blogspot.com\/-0q4VvKIg9_Q\/Vp-UtDsTccI\/AAAAAAAAANs\/X2gyWere2ec\/s1600\/Una-scintilla_copertina.jpeg\" style=\"clear: left; float: left; margin-bottom: 1em; margin-right: 1em; text-align: justify;\"><img loading=\"lazy\" decoding=\"async\" border=\"0\" height=\"320\" src=\"http:\/\/2.bp.blogspot.com\/-0q4VvKIg9_Q\/Vp-UtDsTccI\/AAAAAAAAANs\/X2gyWere2ec\/s320\/Una-scintilla_copertina.jpeg\" width=\"212\" \/><\/a><\/div>\n<div style=\"text-align: justify;\">Ringrazio la gentile autrice Emanuela Riva per avermi personalmente inviato una copia.<\/div>\n<div style=\"text-align: justify;\"><\/div>\n<div style=\"text-align: justify;\">La protagonista \u00e8 Emma Sullivan, un&#8217;adolescente orfana che vive in un piccolo paese del Trentino insieme al fratello Jason. Un giorno, durante un&#8217;uscita con le amiche, si scontra con Adam Cooper, sfrontato quanto affascinante ragazzo di cui Emma difficilmente riesce a scordarsi. Senza ancora saperne il motivo, entrambi si sentono attratti l&#8217;uno dall&#8217;altra, nonostante lui si sforzi di starle lontano a causa del suo misterioso passato e reale natura.<\/div>\n<div style=\"text-align: justify;\"><\/div>\n<div style=\"text-align: justify;\"><span style=\"background-color: #fcfcff; color: #141414; line-height: 18.6667px;\"><span style=\"font-family: inherit;\">\u00c8 inevitabile accorgersi di vari elementi ricorrenti gi\u00e0 in altri libri in commercio:<\/span><\/span>&nbsp;la trama, infatti, \u00e8 ci\u00f2 che di pi\u00f9 semplice ci si possa aspettare.&nbsp;<\/div>\n<div style=\"text-align: justify;\"><\/div>\n<div style=\"text-align: justify;\">Ben altro ha attirato la mia attenzione, uno fra tutti il concetto di vampiro come creatura di Dio.<\/div>\n<div style=\"text-align: justify;\"><\/div>\n<div style=\"text-align: justify;\">Si racconta, appunto, che all&#8217;alba dei tempi Dio prese la linfa dell&#8217;albero della Vita e cre\u00f2 Adam e Ive: carnivori e bevitori di sangue, ma incapaci di riprodursi e stare ai suoi ordini. Cos\u00ec, cre\u00f2 due mortali: Adamo ed Eva. Arrabbiati, Adam e Ive ammaliarono i due mortali facendo loro mangiare i frutti proibiti, poi fuggirono dall&#8217;Eden. Ma Dio li maledisse trasformando Ive in uno spirito e condannando Adam a vagare sulla Terra per l&#8217;eternit\u00e0.<\/div>\n<div style=\"text-align: justify;\"><\/div>\n<div style=\"text-align: justify;\">Questo cosa comporta? Che la Chiesa faccia di tutto per insabbiare la realt\u00e0 dei fatti, ovvero che non fu l&#8217;uomo la prima creatura ad immagine e somiglianza di Dio.<\/div>\n<div style=\"text-align: justify;\"><\/div>\n<div style=\"text-align: justify;\">Ma chi \u00e8 Emma in realt\u00e0? Perch\u00e9 \u00e8 cos\u00ec speciale da attirare l&#8217;attenzione del prete del paese? Tengo a precisare che nulla \u00e8 come sembra (non mi permetterei mai di svelare tutti i misteri di una trama) e che le risposte non sono poi cos\u00ec scontate.<\/div>\n<div style=\"text-align: justify;\"><\/div>\n<div style=\"text-align: justify;\">Ho quindi apprezzato non tanto la storia d&#8217;amore, quanto l&#8217;ambiente che circonda i personaggi.<\/div>\n<div style=\"text-align: justify;\"><\/div>\n<div style=\"text-align: justify;\">La scrittrice \u00e8 riuscita a giostrarsi bene tra il lato romantico e le descrizioni crude di un ambiente oscuro fatto di violenze e omicidi; su questo bisogna farne atto. Ma purtroppo c&#8217;\u00e8 pi\u00f9 di un elemento che mi ha infastidito durante il corso della lettura. Lo stile di scrittura non \u00e8 sempre lineare, si passa da periodi in cui si ha ben chiara la situazione, a strafalcioni e frasi non fluide che mi hanno lasciata non poco disorientata. I dialoghi molto spesso non sono intervallati da alcuna descrizione e quando un terzo personaggio si intromette nel discorso non \u00e8 subito intuibile, pi\u00f9 volte mi sono trovata a chiedermi chi stesse parlando in quel momento. Inoltre, la mancanza di stacco tra una scena e l&#8217;altra mi ha costretto a rileggere alcune scene prima di comprendere e proseguire con la lettura.<\/div>\n<div style=\"text-align: justify;\"><\/div>\n<div style=\"text-align: justify;\">Possono essere elementi che soggettivamente hanno pi\u00f9 o meno importanza, ma spero di poter essere d&#8217;aiuto all&#8217;autrice dicendo che \u00e8 necessario un ulteriore lavoro di editing per migliorare quella che \u00e8, tutto sommato, una lettura piacevole specie per gli amanti del genere.<\/div>\n<div style=\"text-align: justify;\"><\/div>\n<div style=\"text-align: justify;\"><\/div>\n<div style=\"text-align: justify;\">Auguro ad Emanuela buona fortuna per il suo primo romanzo pubblicato, e rimango in attesa di sviluppi e novit\u00e0, specie per quanto riguarda il seguito di questa storia.<\/div>\n<div style=\"text-align: justify;\"><\/div>\n<div style=\"text-align: justify;\"><\/div>\n","protected":false},"excerpt":{"rendered":"<p>\u00ab&nbsp;Forse speravo che la mia vita cambiasse radicalmente, magari con qualche avventura pericolosa, con un pizzico di adrenalina e un amore intenso all&#8217;inverosimile. Ma per il momento mi accontentavo dei miei incubi che erano altrettanto intensi e terrorizzanti.&nbsp;\u00bb L&#8217;opera che presento oggi s&#8217;intitola &#8220;Una scintilla nell&#8217;oscurit\u00e0&#8221; ed \u00e8 il primo libro di una trilogia urban [&hellip;]<\/p>\n","protected":false},"author":1,"featured_media":0,"comment_status":"open","ping_status":"open","sticky":false,"template":"","format":"standard","meta":{"footnotes":""},"categories":[10,4,3,154],"tags":[],"class_list":["post-263","post","type-post","status-publish","format-standard","hentry","category-autori-emergenti","category-libri","category-recensioni","category-trame-dei-sogni"],"yoast_head":"<!-- This site is optimized with the Yoast SEO plugin v25.9 - https:\/\/yoast.com\/wordpress\/plugins\/seo\/ -->\n<title>Recensione: &quot;Una scintilla nell&#039;oscurit\u00e0&quot; di Emanuela Riva - The Mad Otter<\/title>\n<meta name=\"robots\" content=\"index, follow, max-snippet:-1, max-image-preview:large, max-video-preview:-1\" \/>\n<link rel=\"canonical\" href=\"https:\/\/the-mad-otter.it\/index.php\/2016\/01\/20\/recensione-una-scintilla-nelloscurita-di-emanuela-riva\/\" \/>\n<meta property=\"og:locale\" content=\"it_IT\" \/>\n<meta property=\"og:type\" content=\"article\" \/>\n<meta property=\"og:title\" content=\"Recensione: &quot;Una scintilla nell&#039;oscurit\u00e0&quot; di Emanuela Riva - The Mad Otter\" \/>\n<meta property=\"og:description\" content=\"\u00ab&nbsp;Forse speravo che la mia vita cambiasse radicalmente, magari con qualche avventura pericolosa, con un pizzico di adrenalina e un amore intenso all&#8217;inverosimile. Ma per il momento mi accontentavo dei miei incubi che erano altrettanto intensi e terrorizzanti.&nbsp;\u00bb L&#8217;opera che presento oggi s&#8217;intitola &#8220;Una scintilla nell&#8217;oscurit\u00e0&#8221; ed \u00e8 il primo libro di una trilogia urban [&hellip;]\" \/>\n<meta property=\"og:url\" content=\"https:\/\/the-mad-otter.it\/index.php\/2016\/01\/20\/recensione-una-scintilla-nelloscurita-di-emanuela-riva\/\" \/>\n<meta property=\"og:site_name\" content=\"The Mad Otter\" \/>\n<meta property=\"article:publisher\" content=\"https:\/\/www.facebook.com\/themadotterblog\" \/>\n<meta property=\"article:published_time\" content=\"2016-01-20T14:48:00+00:00\" \/>\n<meta property=\"og:image\" content=\"http:\/\/2.bp.blogspot.com\/-0q4VvKIg9_Q\/Vp-UtDsTccI\/AAAAAAAAANs\/X2gyWere2ec\/s320\/Una-scintilla_copertina.jpeg\" \/>\n<meta name=\"author\" content=\"Tiziana\" \/>\n<meta name=\"twitter:card\" content=\"summary_large_image\" \/>\n<meta name=\"twitter:creator\" content=\"@TheMadOtterBlog\" \/>\n<meta name=\"twitter:site\" content=\"@TheMadOtterBlog\" \/>\n<meta name=\"twitter:label1\" content=\"Scritto da\" \/>\n\t<meta name=\"twitter:data1\" content=\"Tiziana\" \/>\n\t<meta name=\"twitter:label2\" content=\"Tempo di lettura stimato\" \/>\n\t<meta name=\"twitter:data2\" content=\"3 minuti\" \/>\n<script type=\"application\/ld+json\" class=\"yoast-schema-graph\">{\"@context\":\"https:\/\/schema.org\",\"@graph\":[{\"@type\":\"WebPage\",\"@id\":\"https:\/\/the-mad-otter.it\/index.php\/2016\/01\/20\/recensione-una-scintilla-nelloscurita-di-emanuela-riva\/\",\"url\":\"https:\/\/the-mad-otter.it\/index.php\/2016\/01\/20\/recensione-una-scintilla-nelloscurita-di-emanuela-riva\/\",\"name\":\"Recensione: \\\"Una scintilla nell'oscurit\u00e0\\\" di Emanuela Riva - The Mad Otter\",\"isPartOf\":{\"@id\":\"https:\/\/the-mad-otter.it\/#website\"},\"primaryImageOfPage\":{\"@id\":\"https:\/\/the-mad-otter.it\/index.php\/2016\/01\/20\/recensione-una-scintilla-nelloscurita-di-emanuela-riva\/#primaryimage\"},\"image\":{\"@id\":\"https:\/\/the-mad-otter.it\/index.php\/2016\/01\/20\/recensione-una-scintilla-nelloscurita-di-emanuela-riva\/#primaryimage\"},\"thumbnailUrl\":\"http:\/\/2.bp.blogspot.com\/-0q4VvKIg9_Q\/Vp-UtDsTccI\/AAAAAAAAANs\/X2gyWere2ec\/s320\/Una-scintilla_copertina.jpeg\",\"datePublished\":\"2016-01-20T14:48:00+00:00\",\"author\":{\"@id\":\"https:\/\/the-mad-otter.it\/#\/schema\/person\/c88992abc52fdb12594f56b68f54421a\"},\"breadcrumb\":{\"@id\":\"https:\/\/the-mad-otter.it\/index.php\/2016\/01\/20\/recensione-una-scintilla-nelloscurita-di-emanuela-riva\/#breadcrumb\"},\"inLanguage\":\"it-IT\",\"potentialAction\":[{\"@type\":\"ReadAction\",\"target\":[\"https:\/\/the-mad-otter.it\/index.php\/2016\/01\/20\/recensione-una-scintilla-nelloscurita-di-emanuela-riva\/\"]}]},{\"@type\":\"ImageObject\",\"inLanguage\":\"it-IT\",\"@id\":\"https:\/\/the-mad-otter.it\/index.php\/2016\/01\/20\/recensione-una-scintilla-nelloscurita-di-emanuela-riva\/#primaryimage\",\"url\":\"http:\/\/2.bp.blogspot.com\/-0q4VvKIg9_Q\/Vp-UtDsTccI\/AAAAAAAAANs\/X2gyWere2ec\/s320\/Una-scintilla_copertina.jpeg\",\"contentUrl\":\"http:\/\/2.bp.blogspot.com\/-0q4VvKIg9_Q\/Vp-UtDsTccI\/AAAAAAAAANs\/X2gyWere2ec\/s320\/Una-scintilla_copertina.jpeg\"},{\"@type\":\"BreadcrumbList\",\"@id\":\"https:\/\/the-mad-otter.it\/index.php\/2016\/01\/20\/recensione-una-scintilla-nelloscurita-di-emanuela-riva\/#breadcrumb\",\"itemListElement\":[{\"@type\":\"ListItem\",\"position\":1,\"name\":\"Home\",\"item\":\"https:\/\/the-mad-otter.it\/\"},{\"@type\":\"ListItem\",\"position\":2,\"name\":\"Recensione: &#8220;Una scintilla nell&#8217;oscurit\u00e0&#8221; di Emanuela Riva\"}]},{\"@type\":\"WebSite\",\"@id\":\"https:\/\/the-mad-otter.it\/#website\",\"url\":\"https:\/\/the-mad-otter.it\/\",\"name\":\"The Mad Otter\",\"description\":\"Benvenuti nella tana della lontra.\",\"potentialAction\":[{\"@type\":\"SearchAction\",\"target\":{\"@type\":\"EntryPoint\",\"urlTemplate\":\"https:\/\/the-mad-otter.it\/?s={search_term_string}\"},\"query-input\":{\"@type\":\"PropertyValueSpecification\",\"valueRequired\":true,\"valueName\":\"search_term_string\"}}],\"inLanguage\":\"it-IT\"},{\"@type\":\"Person\",\"@id\":\"https:\/\/the-mad-otter.it\/#\/schema\/person\/c88992abc52fdb12594f56b68f54421a\",\"name\":\"Tiziana\",\"image\":{\"@type\":\"ImageObject\",\"inLanguage\":\"it-IT\",\"@id\":\"https:\/\/the-mad-otter.it\/#\/schema\/person\/image\/\",\"url\":\"https:\/\/secure.gravatar.com\/avatar\/2f1134c8975ffa6363b410d99e9ba1c2b856c22c7c1137ae53547a98d7ff6cf7?s=96&d=mm&r=g\",\"contentUrl\":\"https:\/\/secure.gravatar.com\/avatar\/2f1134c8975ffa6363b410d99e9ba1c2b856c22c7c1137ae53547a98d7ff6cf7?s=96&d=mm&r=g\",\"caption\":\"Tiziana\"},\"url\":\"\"}]}<\/script>\n<!-- \/ Yoast SEO plugin. -->","yoast_head_json":{"title":"Recensione: \"Una scintilla nell'oscurit\u00e0\" di Emanuela Riva - The Mad Otter","robots":{"index":"index","follow":"follow","max-snippet":"max-snippet:-1","max-image-preview":"max-image-preview:large","max-video-preview":"max-video-preview:-1"},"canonical":"https:\/\/the-mad-otter.it\/index.php\/2016\/01\/20\/recensione-una-scintilla-nelloscurita-di-emanuela-riva\/","og_locale":"it_IT","og_type":"article","og_title":"Recensione: \"Una scintilla nell'oscurit\u00e0\" di Emanuela Riva - The Mad Otter","og_description":"\u00ab&nbsp;Forse speravo che la mia vita cambiasse radicalmente, magari con qualche avventura pericolosa, con un pizzico di adrenalina e un amore intenso all&#8217;inverosimile. Ma per il momento mi accontentavo dei miei incubi che erano altrettanto intensi e terrorizzanti.&nbsp;\u00bb L&#8217;opera che presento oggi s&#8217;intitola &#8220;Una scintilla nell&#8217;oscurit\u00e0&#8221; ed \u00e8 il primo libro di una trilogia urban [&hellip;]","og_url":"https:\/\/the-mad-otter.it\/index.php\/2016\/01\/20\/recensione-una-scintilla-nelloscurita-di-emanuela-riva\/","og_site_name":"The Mad Otter","article_publisher":"https:\/\/www.facebook.com\/themadotterblog","article_published_time":"2016-01-20T14:48:00+00:00","og_image":[{"url":"http:\/\/2.bp.blogspot.com\/-0q4VvKIg9_Q\/Vp-UtDsTccI\/AAAAAAAAANs\/X2gyWere2ec\/s320\/Una-scintilla_copertina.jpeg","type":"","width":"","height":""}],"author":"Tiziana","twitter_card":"summary_large_image","twitter_creator":"@TheMadOtterBlog","twitter_site":"@TheMadOtterBlog","twitter_misc":{"Scritto da":"Tiziana","Tempo di lettura stimato":"3 minuti"},"schema":{"@context":"https:\/\/schema.org","@graph":[{"@type":"WebPage","@id":"https:\/\/the-mad-otter.it\/index.php\/2016\/01\/20\/recensione-una-scintilla-nelloscurita-di-emanuela-riva\/","url":"https:\/\/the-mad-otter.it\/index.php\/2016\/01\/20\/recensione-una-scintilla-nelloscurita-di-emanuela-riva\/","name":"Recensione: \"Una scintilla nell'oscurit\u00e0\" di Emanuela Riva - The Mad Otter","isPartOf":{"@id":"https:\/\/the-mad-otter.it\/#website"},"primaryImageOfPage":{"@id":"https:\/\/the-mad-otter.it\/index.php\/2016\/01\/20\/recensione-una-scintilla-nelloscurita-di-emanuela-riva\/#primaryimage"},"image":{"@id":"https:\/\/the-mad-otter.it\/index.php\/2016\/01\/20\/recensione-una-scintilla-nelloscurita-di-emanuela-riva\/#primaryimage"},"thumbnailUrl":"http:\/\/2.bp.blogspot.com\/-0q4VvKIg9_Q\/Vp-UtDsTccI\/AAAAAAAAANs\/X2gyWere2ec\/s320\/Una-scintilla_copertina.jpeg","datePublished":"2016-01-20T14:48:00+00:00","author":{"@id":"https:\/\/the-mad-otter.it\/#\/schema\/person\/c88992abc52fdb12594f56b68f54421a"},"breadcrumb":{"@id":"https:\/\/the-mad-otter.it\/index.php\/2016\/01\/20\/recensione-una-scintilla-nelloscurita-di-emanuela-riva\/#breadcrumb"},"inLanguage":"it-IT","potentialAction":[{"@type":"ReadAction","target":["https:\/\/the-mad-otter.it\/index.php\/2016\/01\/20\/recensione-una-scintilla-nelloscurita-di-emanuela-riva\/"]}]},{"@type":"ImageObject","inLanguage":"it-IT","@id":"https:\/\/the-mad-otter.it\/index.php\/2016\/01\/20\/recensione-una-scintilla-nelloscurita-di-emanuela-riva\/#primaryimage","url":"http:\/\/2.bp.blogspot.com\/-0q4VvKIg9_Q\/Vp-UtDsTccI\/AAAAAAAAANs\/X2gyWere2ec\/s320\/Una-scintilla_copertina.jpeg","contentUrl":"http:\/\/2.bp.blogspot.com\/-0q4VvKIg9_Q\/Vp-UtDsTccI\/AAAAAAAAANs\/X2gyWere2ec\/s320\/Una-scintilla_copertina.jpeg"},{"@type":"BreadcrumbList","@id":"https:\/\/the-mad-otter.it\/index.php\/2016\/01\/20\/recensione-una-scintilla-nelloscurita-di-emanuela-riva\/#breadcrumb","itemListElement":[{"@type":"ListItem","position":1,"name":"Home","item":"https:\/\/the-mad-otter.it\/"},{"@type":"ListItem","position":2,"name":"Recensione: &#8220;Una scintilla nell&#8217;oscurit\u00e0&#8221; di Emanuela Riva"}]},{"@type":"WebSite","@id":"https:\/\/the-mad-otter.it\/#website","url":"https:\/\/the-mad-otter.it\/","name":"The Mad Otter","description":"Benvenuti nella tana della lontra.","potentialAction":[{"@type":"SearchAction","target":{"@type":"EntryPoint","urlTemplate":"https:\/\/the-mad-otter.it\/?s={search_term_string}"},"query-input":{"@type":"PropertyValueSpecification","valueRequired":true,"valueName":"search_term_string"}}],"inLanguage":"it-IT"},{"@type":"Person","@id":"https:\/\/the-mad-otter.it\/#\/schema\/person\/c88992abc52fdb12594f56b68f54421a","name":"Tiziana","image":{"@type":"ImageObject","inLanguage":"it-IT","@id":"https:\/\/the-mad-otter.it\/#\/schema\/person\/image\/","url":"https:\/\/secure.gravatar.com\/avatar\/2f1134c8975ffa6363b410d99e9ba1c2b856c22c7c1137ae53547a98d7ff6cf7?s=96&d=mm&r=g","contentUrl":"https:\/\/secure.gravatar.com\/avatar\/2f1134c8975ffa6363b410d99e9ba1c2b856c22c7c1137ae53547a98d7ff6cf7?s=96&d=mm&r=g","caption":"Tiziana"},"url":""}]}},"_links":{"self":[{"href":"https:\/\/the-mad-otter.it\/index.php\/wp-json\/wp\/v2\/posts\/263","targetHints":{"allow":["GET"]}}],"collection":[{"href":"https:\/\/the-mad-otter.it\/index.php\/wp-json\/wp\/v2\/posts"}],"about":[{"href":"https:\/\/the-mad-otter.it\/index.php\/wp-json\/wp\/v2\/types\/post"}],"author":[{"embeddable":true,"href":"https:\/\/the-mad-otter.it\/index.php\/wp-json\/wp\/v2\/users\/1"}],"replies":[{"embeddable":true,"href":"https:\/\/the-mad-otter.it\/index.php\/wp-json\/wp\/v2\/comments?post=263"}],"version-history":[{"count":0,"href":"https:\/\/the-mad-otter.it\/index.php\/wp-json\/wp\/v2\/posts\/263\/revisions"}],"wp:attachment":[{"href":"https:\/\/the-mad-otter.it\/index.php\/wp-json\/wp\/v2\/media?parent=263"}],"wp:term":[{"taxonomy":"category","embeddable":true,"href":"https:\/\/the-mad-otter.it\/index.php\/wp-json\/wp\/v2\/categories?post=263"},{"taxonomy":"post_tag","embeddable":true,"href":"https:\/\/the-mad-otter.it\/index.php\/wp-json\/wp\/v2\/tags?post=263"}],"curies":[{"name":"wp","href":"https:\/\/api.w.org\/{rel}","templated":true}]}}