{"id":2004,"date":"2020-10-26T14:21:00","date_gmt":"2020-10-26T13:21:00","guid":{"rendered":"http:\/\/www.the-mad-otter.it\/?p=2004"},"modified":"2022-03-15T21:08:33","modified_gmt":"2022-03-15T20:08:33","slug":"blog-tour-fairy-oak-di-elisabetta-gnone-il-potere-della-luce-la-guerra-nella-valle-di-verdepiano","status":"publish","type":"post","link":"https:\/\/the-mad-otter.it\/index.php\/2020\/10\/26\/blog-tour-fairy-oak-di-elisabetta-gnone-il-potere-della-luce-la-guerra-nella-valle-di-verdepiano\/","title":{"rendered":"Blog Tour: &#8220;Fairy Oak&#8221; di Elisabetta Gnone \u2013 Il potere della Luce: La guerra nella valle di Verdepiano"},"content":{"rendered":"<p><img loading=\"lazy\" decoding=\"async\" class=\"size-medium wp-image-2005 aligncenter\" src=\"https:\/\/the-mad-otter.it\/wp-content\/uploads\/2020\/10\/121190681_2278909195588563_6898945269200512017_o-300x169.jpg\" alt=\"\" width=\"300\" height=\"169\" srcset=\"https:\/\/the-mad-otter.it\/wp-content\/uploads\/2020\/10\/121190681_2278909195588563_6898945269200512017_o-300x169.jpg 300w, https:\/\/the-mad-otter.it\/wp-content\/uploads\/2020\/10\/121190681_2278909195588563_6898945269200512017_o-768x432.jpg 768w, https:\/\/the-mad-otter.it\/wp-content\/uploads\/2020\/10\/121190681_2278909195588563_6898945269200512017_o.jpg 960w\" sizes=\"auto, (max-width: 300px) 100vw, 300px\" \/><\/p>\n<p><img loading=\"lazy\" decoding=\"async\" class=\" wp-image-2006 alignleft\" src=\"https:\/\/the-mad-otter.it\/wp-content\/uploads\/2020\/10\/download-7-206x300.jpg\" alt=\"\" width=\"149\" height=\"217\" srcset=\"https:\/\/the-mad-otter.it\/wp-content\/uploads\/2020\/10\/download-7-206x300.jpg 206w, https:\/\/the-mad-otter.it\/wp-content\/uploads\/2020\/10\/download-7.jpg 364w\" sizes=\"auto, (max-width: 149px) 100vw, 149px\" \/>Per avere una speranza di conquistare la valle di Verdepiano, il Terribile 21 deve portare a termine un&#8217;unica missione: catturare Vaniglia e Pervinca. Sorelle, streghe, l&#8217;una l&#8217;opposta dell&#8217;altra, rappresentano ci\u00f2 che lui vuole distruggere: l&#8217;equilibrio e l&#8217;armonia. Solo cos\u00ec pu\u00f2 diventare il signore supremo di un mondo privo di luce.<!--more--><\/p>\n<p>L&#8217;alba in cui l&#8217;Antica Alleanza venne meno, la terra trem\u00f2 senza controllo fino a colpire l&#8217;amata Quercia che fiera aveva sempre vigilato su Fairy Oak. Gli alberi cadevano a terra e il clima gelido squarciava l&#8217;aria. Le creature non potevano resistere a quella potenza e cos\u00ec, inermi, osservavano con dolore il proprio Cuore crollare.<\/p>\n<p>A nulla valeva la difesa realizzata dagli abitanti della valle, che osservavano il Nemico appropriarsi della loro casa. Il legame che unisce le sorelle Perwinkle \u00e8 ora vitale pi\u00f9 che mai, un ciclo perpetuo di luce e buio che deve essere mantenuto per evitare il definitivo collasso. Dove sar\u00e0 possibile trovare ci\u00f2 che salver\u00e0 la valle? Per salvarsi \u00e8 tempo di evolversi e, forse, soltanto giungendo a una nuova era sar\u00e0 possibile riportare la gioia a Fairy Oak.<\/p>\n","protected":false},"excerpt":{"rendered":"<p>Per avere una speranza di conquistare la valle di Verdepiano, il Terribile 21 deve portare a termine un&#8217;unica missione: catturare Vaniglia e Pervinca. Sorelle, streghe, l&#8217;una l&#8217;opposta dell&#8217;altra, rappresentano ci\u00f2 che lui vuole distruggere: l&#8217;equilibrio e l&#8217;armonia. Solo cos\u00ec pu\u00f2 diventare il signore supremo di un mondo privo di luce.<\/p>\n","protected":false},"author":1,"featured_media":0,"comment_status":"open","ping_status":"open","sticky":false,"template":"","format":"standard","meta":{"footnotes":""},"categories":[14,334,4,335],"tags":[346],"class_list":["post-2004","post","type-post","status-publish","format-standard","hentry","category-blog-tour","category-elisabetta-gnone","category-libri","category-salani-editore","tag-libri"],"yoast_head":"<!-- This site is optimized with the Yoast SEO plugin v25.9 - https:\/\/yoast.com\/wordpress\/plugins\/seo\/ -->\n<title>Blog Tour: &quot;Fairy Oak&quot; di Elisabetta Gnone \u2013 Il potere della Luce: La guerra nella valle di Verdepiano - The Mad Otter<\/title>\n<meta name=\"robots\" content=\"index, follow, max-snippet:-1, max-image-preview:large, max-video-preview:-1\" \/>\n<link rel=\"canonical\" href=\"https:\/\/the-mad-otter.it\/index.php\/2020\/10\/26\/blog-tour-fairy-oak-di-elisabetta-gnone-il-potere-della-luce-la-guerra-nella-valle-di-verdepiano\/\" \/>\n<meta property=\"og:locale\" content=\"it_IT\" \/>\n<meta property=\"og:type\" content=\"article\" \/>\n<meta property=\"og:title\" content=\"Blog Tour: &quot;Fairy Oak&quot; di Elisabetta Gnone \u2013 Il potere della Luce: La guerra nella valle di Verdepiano - The Mad Otter\" \/>\n<meta property=\"og:description\" content=\"Per avere una speranza di conquistare la valle di Verdepiano, il Terribile 21 deve portare a termine un&#8217;unica missione: catturare Vaniglia e Pervinca. Sorelle, streghe, l&#8217;una l&#8217;opposta dell&#8217;altra, rappresentano ci\u00f2 che lui vuole distruggere: l&#8217;equilibrio e l&#8217;armonia. Solo cos\u00ec pu\u00f2 diventare il signore supremo di un mondo privo di luce.\" \/>\n<meta property=\"og:url\" content=\"https:\/\/the-mad-otter.it\/index.php\/2020\/10\/26\/blog-tour-fairy-oak-di-elisabetta-gnone-il-potere-della-luce-la-guerra-nella-valle-di-verdepiano\/\" \/>\n<meta property=\"og:site_name\" content=\"The Mad Otter\" \/>\n<meta property=\"article:publisher\" content=\"https:\/\/www.facebook.com\/themadotterblog\" \/>\n<meta property=\"article:published_time\" content=\"2020-10-26T13:21:00+00:00\" \/>\n<meta property=\"article:modified_time\" content=\"2022-03-15T20:08:33+00:00\" \/>\n<meta property=\"og:image\" content=\"https:\/\/the-mad-otter.it\/wp-content\/uploads\/2020\/10\/121190681_2278909195588563_6898945269200512017_o-300x169.jpg\" \/>\n<meta name=\"author\" content=\"Tiziana\" \/>\n<meta name=\"twitter:card\" content=\"summary_large_image\" \/>\n<meta name=\"twitter:creator\" content=\"@TheMadOtterBlog\" \/>\n<meta name=\"twitter:site\" content=\"@TheMadOtterBlog\" \/>\n<meta name=\"twitter:label1\" content=\"Scritto da\" \/>\n\t<meta name=\"twitter:data1\" content=\"Tiziana\" \/>\n\t<meta name=\"twitter:label2\" content=\"Tempo di lettura stimato\" \/>\n\t<meta name=\"twitter:data2\" content=\"1 minuto\" \/>\n<script type=\"application\/ld+json\" class=\"yoast-schema-graph\">{\"@context\":\"https:\/\/schema.org\",\"@graph\":[{\"@type\":\"WebPage\",\"@id\":\"https:\/\/the-mad-otter.it\/index.php\/2020\/10\/26\/blog-tour-fairy-oak-di-elisabetta-gnone-il-potere-della-luce-la-guerra-nella-valle-di-verdepiano\/\",\"url\":\"https:\/\/the-mad-otter.it\/index.php\/2020\/10\/26\/blog-tour-fairy-oak-di-elisabetta-gnone-il-potere-della-luce-la-guerra-nella-valle-di-verdepiano\/\",\"name\":\"Blog Tour: \\\"Fairy Oak\\\" di Elisabetta Gnone \u2013 Il potere della Luce: La guerra nella valle di Verdepiano - The Mad Otter\",\"isPartOf\":{\"@id\":\"https:\/\/the-mad-otter.it\/#website\"},\"primaryImageOfPage\":{\"@id\":\"https:\/\/the-mad-otter.it\/index.php\/2020\/10\/26\/blog-tour-fairy-oak-di-elisabetta-gnone-il-potere-della-luce-la-guerra-nella-valle-di-verdepiano\/#primaryimage\"},\"image\":{\"@id\":\"https:\/\/the-mad-otter.it\/index.php\/2020\/10\/26\/blog-tour-fairy-oak-di-elisabetta-gnone-il-potere-della-luce-la-guerra-nella-valle-di-verdepiano\/#primaryimage\"},\"thumbnailUrl\":\"https:\/\/the-mad-otter.it\/wp-content\/uploads\/2020\/10\/121190681_2278909195588563_6898945269200512017_o-300x169.jpg\",\"datePublished\":\"2020-10-26T13:21:00+00:00\",\"dateModified\":\"2022-03-15T20:08:33+00:00\",\"author\":{\"@id\":\"https:\/\/the-mad-otter.it\/#\/schema\/person\/c88992abc52fdb12594f56b68f54421a\"},\"breadcrumb\":{\"@id\":\"https:\/\/the-mad-otter.it\/index.php\/2020\/10\/26\/blog-tour-fairy-oak-di-elisabetta-gnone-il-potere-della-luce-la-guerra-nella-valle-di-verdepiano\/#breadcrumb\"},\"inLanguage\":\"it-IT\",\"potentialAction\":[{\"@type\":\"ReadAction\",\"target\":[\"https:\/\/the-mad-otter.it\/index.php\/2020\/10\/26\/blog-tour-fairy-oak-di-elisabetta-gnone-il-potere-della-luce-la-guerra-nella-valle-di-verdepiano\/\"]}]},{\"@type\":\"ImageObject\",\"inLanguage\":\"it-IT\",\"@id\":\"https:\/\/the-mad-otter.it\/index.php\/2020\/10\/26\/blog-tour-fairy-oak-di-elisabetta-gnone-il-potere-della-luce-la-guerra-nella-valle-di-verdepiano\/#primaryimage\",\"url\":\"https:\/\/the-mad-otter.it\/wp-content\/uploads\/2020\/10\/121190681_2278909195588563_6898945269200512017_o.jpg\",\"contentUrl\":\"https:\/\/the-mad-otter.it\/wp-content\/uploads\/2020\/10\/121190681_2278909195588563_6898945269200512017_o.jpg\",\"width\":960,\"height\":540},{\"@type\":\"BreadcrumbList\",\"@id\":\"https:\/\/the-mad-otter.it\/index.php\/2020\/10\/26\/blog-tour-fairy-oak-di-elisabetta-gnone-il-potere-della-luce-la-guerra-nella-valle-di-verdepiano\/#breadcrumb\",\"itemListElement\":[{\"@type\":\"ListItem\",\"position\":1,\"name\":\"Home\",\"item\":\"https:\/\/the-mad-otter.it\/\"},{\"@type\":\"ListItem\",\"position\":2,\"name\":\"Blog Tour: &#8220;Fairy Oak&#8221; di Elisabetta Gnone \u2013 Il potere della Luce: La guerra nella valle di Verdepiano\"}]},{\"@type\":\"WebSite\",\"@id\":\"https:\/\/the-mad-otter.it\/#website\",\"url\":\"https:\/\/the-mad-otter.it\/\",\"name\":\"The Mad Otter\",\"description\":\"Benvenuti nella tana della lontra.\",\"potentialAction\":[{\"@type\":\"SearchAction\",\"target\":{\"@type\":\"EntryPoint\",\"urlTemplate\":\"https:\/\/the-mad-otter.it\/?s={search_term_string}\"},\"query-input\":{\"@type\":\"PropertyValueSpecification\",\"valueRequired\":true,\"valueName\":\"search_term_string\"}}],\"inLanguage\":\"it-IT\"},{\"@type\":\"Person\",\"@id\":\"https:\/\/the-mad-otter.it\/#\/schema\/person\/c88992abc52fdb12594f56b68f54421a\",\"name\":\"Tiziana\",\"image\":{\"@type\":\"ImageObject\",\"inLanguage\":\"it-IT\",\"@id\":\"https:\/\/the-mad-otter.it\/#\/schema\/person\/image\/\",\"url\":\"https:\/\/secure.gravatar.com\/avatar\/2f1134c8975ffa6363b410d99e9ba1c2b856c22c7c1137ae53547a98d7ff6cf7?s=96&d=mm&r=g\",\"contentUrl\":\"https:\/\/secure.gravatar.com\/avatar\/2f1134c8975ffa6363b410d99e9ba1c2b856c22c7c1137ae53547a98d7ff6cf7?s=96&d=mm&r=g\",\"caption\":\"Tiziana\"},\"url\":\"\"}]}<\/script>\n<!-- \/ Yoast SEO plugin. -->","yoast_head_json":{"title":"Blog Tour: \"Fairy Oak\" di Elisabetta Gnone \u2013 Il potere della Luce: La guerra nella valle di Verdepiano - The Mad Otter","robots":{"index":"index","follow":"follow","max-snippet":"max-snippet:-1","max-image-preview":"max-image-preview:large","max-video-preview":"max-video-preview:-1"},"canonical":"https:\/\/the-mad-otter.it\/index.php\/2020\/10\/26\/blog-tour-fairy-oak-di-elisabetta-gnone-il-potere-della-luce-la-guerra-nella-valle-di-verdepiano\/","og_locale":"it_IT","og_type":"article","og_title":"Blog Tour: \"Fairy Oak\" di Elisabetta Gnone \u2013 Il potere della Luce: La guerra nella valle di Verdepiano - The Mad Otter","og_description":"Per avere una speranza di conquistare la valle di Verdepiano, il Terribile 21 deve portare a termine un&#8217;unica missione: catturare Vaniglia e Pervinca. Sorelle, streghe, l&#8217;una l&#8217;opposta dell&#8217;altra, rappresentano ci\u00f2 che lui vuole distruggere: l&#8217;equilibrio e l&#8217;armonia. Solo cos\u00ec pu\u00f2 diventare il signore supremo di un mondo privo di luce.","og_url":"https:\/\/the-mad-otter.it\/index.php\/2020\/10\/26\/blog-tour-fairy-oak-di-elisabetta-gnone-il-potere-della-luce-la-guerra-nella-valle-di-verdepiano\/","og_site_name":"The Mad Otter","article_publisher":"https:\/\/www.facebook.com\/themadotterblog","article_published_time":"2020-10-26T13:21:00+00:00","article_modified_time":"2022-03-15T20:08:33+00:00","og_image":[{"url":"https:\/\/the-mad-otter.it\/wp-content\/uploads\/2020\/10\/121190681_2278909195588563_6898945269200512017_o-300x169.jpg","type":"","width":"","height":""}],"author":"Tiziana","twitter_card":"summary_large_image","twitter_creator":"@TheMadOtterBlog","twitter_site":"@TheMadOtterBlog","twitter_misc":{"Scritto da":"Tiziana","Tempo di lettura stimato":"1 minuto"},"schema":{"@context":"https:\/\/schema.org","@graph":[{"@type":"WebPage","@id":"https:\/\/the-mad-otter.it\/index.php\/2020\/10\/26\/blog-tour-fairy-oak-di-elisabetta-gnone-il-potere-della-luce-la-guerra-nella-valle-di-verdepiano\/","url":"https:\/\/the-mad-otter.it\/index.php\/2020\/10\/26\/blog-tour-fairy-oak-di-elisabetta-gnone-il-potere-della-luce-la-guerra-nella-valle-di-verdepiano\/","name":"Blog Tour: \"Fairy Oak\" di Elisabetta Gnone \u2013 Il potere della Luce: La guerra nella valle di Verdepiano - The Mad Otter","isPartOf":{"@id":"https:\/\/the-mad-otter.it\/#website"},"primaryImageOfPage":{"@id":"https:\/\/the-mad-otter.it\/index.php\/2020\/10\/26\/blog-tour-fairy-oak-di-elisabetta-gnone-il-potere-della-luce-la-guerra-nella-valle-di-verdepiano\/#primaryimage"},"image":{"@id":"https:\/\/the-mad-otter.it\/index.php\/2020\/10\/26\/blog-tour-fairy-oak-di-elisabetta-gnone-il-potere-della-luce-la-guerra-nella-valle-di-verdepiano\/#primaryimage"},"thumbnailUrl":"https:\/\/the-mad-otter.it\/wp-content\/uploads\/2020\/10\/121190681_2278909195588563_6898945269200512017_o-300x169.jpg","datePublished":"2020-10-26T13:21:00+00:00","dateModified":"2022-03-15T20:08:33+00:00","author":{"@id":"https:\/\/the-mad-otter.it\/#\/schema\/person\/c88992abc52fdb12594f56b68f54421a"},"breadcrumb":{"@id":"https:\/\/the-mad-otter.it\/index.php\/2020\/10\/26\/blog-tour-fairy-oak-di-elisabetta-gnone-il-potere-della-luce-la-guerra-nella-valle-di-verdepiano\/#breadcrumb"},"inLanguage":"it-IT","potentialAction":[{"@type":"ReadAction","target":["https:\/\/the-mad-otter.it\/index.php\/2020\/10\/26\/blog-tour-fairy-oak-di-elisabetta-gnone-il-potere-della-luce-la-guerra-nella-valle-di-verdepiano\/"]}]},{"@type":"ImageObject","inLanguage":"it-IT","@id":"https:\/\/the-mad-otter.it\/index.php\/2020\/10\/26\/blog-tour-fairy-oak-di-elisabetta-gnone-il-potere-della-luce-la-guerra-nella-valle-di-verdepiano\/#primaryimage","url":"https:\/\/the-mad-otter.it\/wp-content\/uploads\/2020\/10\/121190681_2278909195588563_6898945269200512017_o.jpg","contentUrl":"https:\/\/the-mad-otter.it\/wp-content\/uploads\/2020\/10\/121190681_2278909195588563_6898945269200512017_o.jpg","width":960,"height":540},{"@type":"BreadcrumbList","@id":"https:\/\/the-mad-otter.it\/index.php\/2020\/10\/26\/blog-tour-fairy-oak-di-elisabetta-gnone-il-potere-della-luce-la-guerra-nella-valle-di-verdepiano\/#breadcrumb","itemListElement":[{"@type":"ListItem","position":1,"name":"Home","item":"https:\/\/the-mad-otter.it\/"},{"@type":"ListItem","position":2,"name":"Blog Tour: &#8220;Fairy Oak&#8221; di Elisabetta Gnone \u2013 Il potere della Luce: La guerra nella valle di Verdepiano"}]},{"@type":"WebSite","@id":"https:\/\/the-mad-otter.it\/#website","url":"https:\/\/the-mad-otter.it\/","name":"The Mad Otter","description":"Benvenuti nella tana della lontra.","potentialAction":[{"@type":"SearchAction","target":{"@type":"EntryPoint","urlTemplate":"https:\/\/the-mad-otter.it\/?s={search_term_string}"},"query-input":{"@type":"PropertyValueSpecification","valueRequired":true,"valueName":"search_term_string"}}],"inLanguage":"it-IT"},{"@type":"Person","@id":"https:\/\/the-mad-otter.it\/#\/schema\/person\/c88992abc52fdb12594f56b68f54421a","name":"Tiziana","image":{"@type":"ImageObject","inLanguage":"it-IT","@id":"https:\/\/the-mad-otter.it\/#\/schema\/person\/image\/","url":"https:\/\/secure.gravatar.com\/avatar\/2f1134c8975ffa6363b410d99e9ba1c2b856c22c7c1137ae53547a98d7ff6cf7?s=96&d=mm&r=g","contentUrl":"https:\/\/secure.gravatar.com\/avatar\/2f1134c8975ffa6363b410d99e9ba1c2b856c22c7c1137ae53547a98d7ff6cf7?s=96&d=mm&r=g","caption":"Tiziana"},"url":""}]}},"_links":{"self":[{"href":"https:\/\/the-mad-otter.it\/index.php\/wp-json\/wp\/v2\/posts\/2004","targetHints":{"allow":["GET"]}}],"collection":[{"href":"https:\/\/the-mad-otter.it\/index.php\/wp-json\/wp\/v2\/posts"}],"about":[{"href":"https:\/\/the-mad-otter.it\/index.php\/wp-json\/wp\/v2\/types\/post"}],"author":[{"embeddable":true,"href":"https:\/\/the-mad-otter.it\/index.php\/wp-json\/wp\/v2\/users\/1"}],"replies":[{"embeddable":true,"href":"https:\/\/the-mad-otter.it\/index.php\/wp-json\/wp\/v2\/comments?post=2004"}],"version-history":[{"count":3,"href":"https:\/\/the-mad-otter.it\/index.php\/wp-json\/wp\/v2\/posts\/2004\/revisions"}],"predecessor-version":[{"id":5417,"href":"https:\/\/the-mad-otter.it\/index.php\/wp-json\/wp\/v2\/posts\/2004\/revisions\/5417"}],"wp:attachment":[{"href":"https:\/\/the-mad-otter.it\/index.php\/wp-json\/wp\/v2\/media?parent=2004"}],"wp:term":[{"taxonomy":"category","embeddable":true,"href":"https:\/\/the-mad-otter.it\/index.php\/wp-json\/wp\/v2\/categories?post=2004"},{"taxonomy":"post_tag","embeddable":true,"href":"https:\/\/the-mad-otter.it\/index.php\/wp-json\/wp\/v2\/tags?post=2004"}],"curies":[{"name":"wp","href":"https:\/\/api.w.org\/{rel}","templated":true}]}}