{"id":1901,"date":"2020-10-20T14:59:00","date_gmt":"2020-10-20T12:59:00","guid":{"rendered":"http:\/\/www.the-mad-otter.it\/?p=1901"},"modified":"2022-03-15T21:20:22","modified_gmt":"2022-03-15T20:20:22","slug":"blog-tour-fairy-oak-di-elisabetta-gnone-lincanto-del-buio-il-buio-nei-romanzi","status":"publish","type":"post","link":"https:\/\/the-mad-otter.it\/index.php\/2020\/10\/20\/blog-tour-fairy-oak-di-elisabetta-gnone-lincanto-del-buio-il-buio-nei-romanzi\/","title":{"rendered":"Blog Tour: &#8220;Fairy Oak&#8221; di Elisabetta Gnone \u2013 L&#8217;incanto del Buio: Il Buio nei romanzi"},"content":{"rendered":"<p><img loading=\"lazy\" decoding=\"async\" class=\"size-medium wp-image-1916 aligncenter\" src=\"https:\/\/the-mad-otter.it\/wp-content\/uploads\/2020\/10\/121256535_2278894365590046_2790063448431171950_o-300x169.jpg\" alt=\"\" width=\"300\" height=\"169\" srcset=\"https:\/\/the-mad-otter.it\/wp-content\/uploads\/2020\/10\/121256535_2278894365590046_2790063448431171950_o-300x169.jpg 300w, https:\/\/the-mad-otter.it\/wp-content\/uploads\/2020\/10\/121256535_2278894365590046_2790063448431171950_o-768x432.jpg 768w, https:\/\/the-mad-otter.it\/wp-content\/uploads\/2020\/10\/121256535_2278894365590046_2790063448431171950_o.jpg 960w\" sizes=\"auto, (max-width: 300px) 100vw, 300px\" \/><\/p>\n<p><img loading=\"lazy\" decoding=\"async\" class=\"size-medium wp-image-1917 alignleft\" src=\"https:\/\/the-mad-otter.it\/wp-content\/uploads\/2020\/10\/71pWleMmX0L-212x300.jpg\" alt=\"\" width=\"212\" height=\"300\" srcset=\"https:\/\/the-mad-otter.it\/wp-content\/uploads\/2020\/10\/71pWleMmX0L-212x300.jpg 212w, https:\/\/the-mad-otter.it\/wp-content\/uploads\/2020\/10\/71pWleMmX0L-725x1024.jpg 725w, https:\/\/the-mad-otter.it\/wp-content\/uploads\/2020\/10\/71pWleMmX0L-768x1085.jpg 768w, https:\/\/the-mad-otter.it\/wp-content\/uploads\/2020\/10\/71pWleMmX0L.jpg 879w\" sizes=\"auto, (max-width: 212px) 100vw, 212px\" \/>Ci fu un tempo, chiamato Era del Principio, in cui non esisteva dualit\u00e0, perch\u00e9 Luce e Buio erano una cosa sola. Ma un tradimento fece in modo che il Buio prevalesse, scatenando guerre interminabili e indebolendo drasticamente il potere della luce. Il Buio \u00e8 un&#8217;entit\u00e0 spietata e crudele, che sottomise chiunque sul suo cammino, sia uomini che creature magiche. Solo un potente e saggio mago riusc\u00ec a riportare l&#8217;equilibrio e a far tornare in armonia i Magici con i Senzapoteri.<!--more--><\/p>\n<p>Il dualismo tra luce e ombra \u00e8 un elemento fondamentale per il mondo di Fairy Oak. Questo perch\u00e9 coesistono tra loro maghi della luce e maghi del buio: le stesse Vaniglia e Pervinca, sorelle gemelle, hanno come caratteristica contrapposta il fatto di essere streghe di due fazioni differenti. Quando il Terribile 21 \u00e8 tornato ha cercato di attrarre a s\u00e8 i maghi del buio, perch\u00e9 dovrebbero avere pi\u00f9 la tendenza a farsi ammaliare da ci\u00f2 che questo nemico offre. Pervinca, che essendo tanto giovane e inesperta non dovrebbe suscitare interesse, \u00e8 stata la prima che, al ritorno del Terribile, \u00e8 stata rapita, per poi essere salvata subito dopo. Ma il fatto ha traumatizzato cos\u00ec tanto la bambina che ora soffre di incubi terrificanti, in cui sogna di essere portata via di nuovo.<\/p>\n<p>Andare a ledere l&#8217;equilibrio tra luce e ombra, creazione e distruzione, sembra essere il suo nuovo obiettivo. Solo cos\u00ec pu\u00f2 sperare di conquistare tutta la Valle di Verdepiano. Una consapevolezza inquietante cresce sempre pi\u00f9 nella mente di Tomelilla, che arriva a comprendere davvero quanto il legame delle due gemelle sia d&#8217;intralcio al nemico, perch\u00e9 rappresentano perfettamente i due lati della stessa medaglia. Il Terribile 21 non vuole equilibrio, ma desidera che il buio prevalga sulla luce e forse separare le due ragazze potr\u00e0 avvicinarlo al suo scopo.<\/p>\n<p>Come fare, per evitare la catastrofe? Dovr\u00e0 essere proprio la luce a proteggere il buio durante l&#8217;imminente battaglia, per evitare che questo venga inquinato dal nemico e portato verso la naturale indole distruttiva.<\/p>\n<p>Ma la fiducia viene meno, solo la forza dei rapporti personali pu\u00f2 sconfiggere le insicurezze: quando Pervinca viene di nuovo rapita, incredibilmente torna al villaggio come se nulla fosse. Ma com&#8217;\u00e8 possibile che sia ancora lei e che la sua integrit\u00e0 non sia stata corrotta dal Terribile 21, facendo di lei, finalmente un&#8217;alleata? Ma Vaniglia non abbandona la sorella e sconfiggere ancora una volta il potente nemico diventa fondamentale per trarre davvero in salvo Pervinca.<\/p>\n","protected":false},"excerpt":{"rendered":"<p>Ci fu un tempo, chiamato Era del Principio, in cui non esisteva dualit\u00e0, perch\u00e9 Luce e Buio erano una cosa sola. Ma un tradimento fece in modo che il Buio prevalesse, scatenando guerre interminabili e indebolendo drasticamente il potere della luce. Il Buio \u00e8 un&#8217;entit\u00e0 spietata e crudele, che sottomise chiunque sul suo cammino, sia [&hellip;]<\/p>\n","protected":false},"author":1,"featured_media":0,"comment_status":"open","ping_status":"open","sticky":false,"template":"","format":"standard","meta":{"footnotes":""},"categories":[14,334,4,335],"tags":[346],"class_list":["post-1901","post","type-post","status-publish","format-standard","hentry","category-blog-tour","category-elisabetta-gnone","category-libri","category-salani-editore","tag-libri"],"yoast_head":"<!-- This site is optimized with the Yoast SEO plugin v25.9 - https:\/\/yoast.com\/wordpress\/plugins\/seo\/ -->\n<title>Blog Tour: &quot;Fairy Oak&quot; di Elisabetta Gnone \u2013 L&#039;incanto del Buio: Il Buio nei romanzi - The Mad Otter<\/title>\n<meta name=\"robots\" content=\"index, follow, max-snippet:-1, max-image-preview:large, max-video-preview:-1\" \/>\n<link rel=\"canonical\" href=\"https:\/\/the-mad-otter.it\/index.php\/2020\/10\/20\/blog-tour-fairy-oak-di-elisabetta-gnone-lincanto-del-buio-il-buio-nei-romanzi\/\" \/>\n<meta property=\"og:locale\" content=\"it_IT\" \/>\n<meta property=\"og:type\" content=\"article\" \/>\n<meta property=\"og:title\" content=\"Blog Tour: &quot;Fairy Oak&quot; di Elisabetta Gnone \u2013 L&#039;incanto del Buio: Il Buio nei romanzi - The Mad Otter\" \/>\n<meta property=\"og:description\" content=\"Ci fu un tempo, chiamato Era del Principio, in cui non esisteva dualit\u00e0, perch\u00e9 Luce e Buio erano una cosa sola. Ma un tradimento fece in modo che il Buio prevalesse, scatenando guerre interminabili e indebolendo drasticamente il potere della luce. Il Buio \u00e8 un&#8217;entit\u00e0 spietata e crudele, che sottomise chiunque sul suo cammino, sia [&hellip;]\" \/>\n<meta property=\"og:url\" content=\"https:\/\/the-mad-otter.it\/index.php\/2020\/10\/20\/blog-tour-fairy-oak-di-elisabetta-gnone-lincanto-del-buio-il-buio-nei-romanzi\/\" \/>\n<meta property=\"og:site_name\" content=\"The Mad Otter\" \/>\n<meta property=\"article:publisher\" content=\"https:\/\/www.facebook.com\/themadotterblog\" \/>\n<meta property=\"article:published_time\" content=\"2020-10-20T12:59:00+00:00\" \/>\n<meta property=\"article:modified_time\" content=\"2022-03-15T20:20:22+00:00\" \/>\n<meta property=\"og:image\" content=\"https:\/\/the-mad-otter.it\/wp-content\/uploads\/2020\/10\/121256535_2278894365590046_2790063448431171950_o-300x169.jpg\" \/>\n<meta name=\"author\" content=\"Tiziana\" \/>\n<meta name=\"twitter:card\" content=\"summary_large_image\" \/>\n<meta name=\"twitter:creator\" content=\"@TheMadOtterBlog\" \/>\n<meta name=\"twitter:site\" content=\"@TheMadOtterBlog\" \/>\n<meta name=\"twitter:label1\" content=\"Scritto da\" \/>\n\t<meta name=\"twitter:data1\" content=\"Tiziana\" \/>\n\t<meta name=\"twitter:label2\" content=\"Tempo di lettura stimato\" \/>\n\t<meta name=\"twitter:data2\" content=\"2 minuti\" \/>\n<script type=\"application\/ld+json\" class=\"yoast-schema-graph\">{\"@context\":\"https:\/\/schema.org\",\"@graph\":[{\"@type\":\"WebPage\",\"@id\":\"https:\/\/the-mad-otter.it\/index.php\/2020\/10\/20\/blog-tour-fairy-oak-di-elisabetta-gnone-lincanto-del-buio-il-buio-nei-romanzi\/\",\"url\":\"https:\/\/the-mad-otter.it\/index.php\/2020\/10\/20\/blog-tour-fairy-oak-di-elisabetta-gnone-lincanto-del-buio-il-buio-nei-romanzi\/\",\"name\":\"Blog Tour: \\\"Fairy Oak\\\" di Elisabetta Gnone \u2013 L'incanto del Buio: Il Buio nei romanzi - The Mad Otter\",\"isPartOf\":{\"@id\":\"https:\/\/the-mad-otter.it\/#website\"},\"primaryImageOfPage\":{\"@id\":\"https:\/\/the-mad-otter.it\/index.php\/2020\/10\/20\/blog-tour-fairy-oak-di-elisabetta-gnone-lincanto-del-buio-il-buio-nei-romanzi\/#primaryimage\"},\"image\":{\"@id\":\"https:\/\/the-mad-otter.it\/index.php\/2020\/10\/20\/blog-tour-fairy-oak-di-elisabetta-gnone-lincanto-del-buio-il-buio-nei-romanzi\/#primaryimage\"},\"thumbnailUrl\":\"https:\/\/the-mad-otter.it\/wp-content\/uploads\/2020\/10\/121256535_2278894365590046_2790063448431171950_o-300x169.jpg\",\"datePublished\":\"2020-10-20T12:59:00+00:00\",\"dateModified\":\"2022-03-15T20:20:22+00:00\",\"author\":{\"@id\":\"https:\/\/the-mad-otter.it\/#\/schema\/person\/c88992abc52fdb12594f56b68f54421a\"},\"breadcrumb\":{\"@id\":\"https:\/\/the-mad-otter.it\/index.php\/2020\/10\/20\/blog-tour-fairy-oak-di-elisabetta-gnone-lincanto-del-buio-il-buio-nei-romanzi\/#breadcrumb\"},\"inLanguage\":\"it-IT\",\"potentialAction\":[{\"@type\":\"ReadAction\",\"target\":[\"https:\/\/the-mad-otter.it\/index.php\/2020\/10\/20\/blog-tour-fairy-oak-di-elisabetta-gnone-lincanto-del-buio-il-buio-nei-romanzi\/\"]}]},{\"@type\":\"ImageObject\",\"inLanguage\":\"it-IT\",\"@id\":\"https:\/\/the-mad-otter.it\/index.php\/2020\/10\/20\/blog-tour-fairy-oak-di-elisabetta-gnone-lincanto-del-buio-il-buio-nei-romanzi\/#primaryimage\",\"url\":\"https:\/\/the-mad-otter.it\/wp-content\/uploads\/2020\/10\/121256535_2278894365590046_2790063448431171950_o.jpg\",\"contentUrl\":\"https:\/\/the-mad-otter.it\/wp-content\/uploads\/2020\/10\/121256535_2278894365590046_2790063448431171950_o.jpg\",\"width\":960,\"height\":540},{\"@type\":\"BreadcrumbList\",\"@id\":\"https:\/\/the-mad-otter.it\/index.php\/2020\/10\/20\/blog-tour-fairy-oak-di-elisabetta-gnone-lincanto-del-buio-il-buio-nei-romanzi\/#breadcrumb\",\"itemListElement\":[{\"@type\":\"ListItem\",\"position\":1,\"name\":\"Home\",\"item\":\"https:\/\/the-mad-otter.it\/\"},{\"@type\":\"ListItem\",\"position\":2,\"name\":\"Blog Tour: &#8220;Fairy Oak&#8221; di Elisabetta Gnone \u2013 L&#8217;incanto del Buio: Il Buio nei romanzi\"}]},{\"@type\":\"WebSite\",\"@id\":\"https:\/\/the-mad-otter.it\/#website\",\"url\":\"https:\/\/the-mad-otter.it\/\",\"name\":\"The Mad Otter\",\"description\":\"Benvenuti nella tana della lontra.\",\"potentialAction\":[{\"@type\":\"SearchAction\",\"target\":{\"@type\":\"EntryPoint\",\"urlTemplate\":\"https:\/\/the-mad-otter.it\/?s={search_term_string}\"},\"query-input\":{\"@type\":\"PropertyValueSpecification\",\"valueRequired\":true,\"valueName\":\"search_term_string\"}}],\"inLanguage\":\"it-IT\"},{\"@type\":\"Person\",\"@id\":\"https:\/\/the-mad-otter.it\/#\/schema\/person\/c88992abc52fdb12594f56b68f54421a\",\"name\":\"Tiziana\",\"image\":{\"@type\":\"ImageObject\",\"inLanguage\":\"it-IT\",\"@id\":\"https:\/\/the-mad-otter.it\/#\/schema\/person\/image\/\",\"url\":\"https:\/\/secure.gravatar.com\/avatar\/2f1134c8975ffa6363b410d99e9ba1c2b856c22c7c1137ae53547a98d7ff6cf7?s=96&d=mm&r=g\",\"contentUrl\":\"https:\/\/secure.gravatar.com\/avatar\/2f1134c8975ffa6363b410d99e9ba1c2b856c22c7c1137ae53547a98d7ff6cf7?s=96&d=mm&r=g\",\"caption\":\"Tiziana\"},\"url\":\"\"}]}<\/script>\n<!-- \/ Yoast SEO plugin. -->","yoast_head_json":{"title":"Blog Tour: \"Fairy Oak\" di Elisabetta Gnone \u2013 L'incanto del Buio: Il Buio nei romanzi - The Mad Otter","robots":{"index":"index","follow":"follow","max-snippet":"max-snippet:-1","max-image-preview":"max-image-preview:large","max-video-preview":"max-video-preview:-1"},"canonical":"https:\/\/the-mad-otter.it\/index.php\/2020\/10\/20\/blog-tour-fairy-oak-di-elisabetta-gnone-lincanto-del-buio-il-buio-nei-romanzi\/","og_locale":"it_IT","og_type":"article","og_title":"Blog Tour: \"Fairy Oak\" di Elisabetta Gnone \u2013 L'incanto del Buio: Il Buio nei romanzi - The Mad Otter","og_description":"Ci fu un tempo, chiamato Era del Principio, in cui non esisteva dualit\u00e0, perch\u00e9 Luce e Buio erano una cosa sola. Ma un tradimento fece in modo che il Buio prevalesse, scatenando guerre interminabili e indebolendo drasticamente il potere della luce. Il Buio \u00e8 un&#8217;entit\u00e0 spietata e crudele, che sottomise chiunque sul suo cammino, sia [&hellip;]","og_url":"https:\/\/the-mad-otter.it\/index.php\/2020\/10\/20\/blog-tour-fairy-oak-di-elisabetta-gnone-lincanto-del-buio-il-buio-nei-romanzi\/","og_site_name":"The Mad Otter","article_publisher":"https:\/\/www.facebook.com\/themadotterblog","article_published_time":"2020-10-20T12:59:00+00:00","article_modified_time":"2022-03-15T20:20:22+00:00","og_image":[{"url":"https:\/\/the-mad-otter.it\/wp-content\/uploads\/2020\/10\/121256535_2278894365590046_2790063448431171950_o-300x169.jpg","type":"","width":"","height":""}],"author":"Tiziana","twitter_card":"summary_large_image","twitter_creator":"@TheMadOtterBlog","twitter_site":"@TheMadOtterBlog","twitter_misc":{"Scritto da":"Tiziana","Tempo di lettura stimato":"2 minuti"},"schema":{"@context":"https:\/\/schema.org","@graph":[{"@type":"WebPage","@id":"https:\/\/the-mad-otter.it\/index.php\/2020\/10\/20\/blog-tour-fairy-oak-di-elisabetta-gnone-lincanto-del-buio-il-buio-nei-romanzi\/","url":"https:\/\/the-mad-otter.it\/index.php\/2020\/10\/20\/blog-tour-fairy-oak-di-elisabetta-gnone-lincanto-del-buio-il-buio-nei-romanzi\/","name":"Blog Tour: \"Fairy Oak\" di Elisabetta Gnone \u2013 L'incanto del Buio: Il Buio nei romanzi - The Mad Otter","isPartOf":{"@id":"https:\/\/the-mad-otter.it\/#website"},"primaryImageOfPage":{"@id":"https:\/\/the-mad-otter.it\/index.php\/2020\/10\/20\/blog-tour-fairy-oak-di-elisabetta-gnone-lincanto-del-buio-il-buio-nei-romanzi\/#primaryimage"},"image":{"@id":"https:\/\/the-mad-otter.it\/index.php\/2020\/10\/20\/blog-tour-fairy-oak-di-elisabetta-gnone-lincanto-del-buio-il-buio-nei-romanzi\/#primaryimage"},"thumbnailUrl":"https:\/\/the-mad-otter.it\/wp-content\/uploads\/2020\/10\/121256535_2278894365590046_2790063448431171950_o-300x169.jpg","datePublished":"2020-10-20T12:59:00+00:00","dateModified":"2022-03-15T20:20:22+00:00","author":{"@id":"https:\/\/the-mad-otter.it\/#\/schema\/person\/c88992abc52fdb12594f56b68f54421a"},"breadcrumb":{"@id":"https:\/\/the-mad-otter.it\/index.php\/2020\/10\/20\/blog-tour-fairy-oak-di-elisabetta-gnone-lincanto-del-buio-il-buio-nei-romanzi\/#breadcrumb"},"inLanguage":"it-IT","potentialAction":[{"@type":"ReadAction","target":["https:\/\/the-mad-otter.it\/index.php\/2020\/10\/20\/blog-tour-fairy-oak-di-elisabetta-gnone-lincanto-del-buio-il-buio-nei-romanzi\/"]}]},{"@type":"ImageObject","inLanguage":"it-IT","@id":"https:\/\/the-mad-otter.it\/index.php\/2020\/10\/20\/blog-tour-fairy-oak-di-elisabetta-gnone-lincanto-del-buio-il-buio-nei-romanzi\/#primaryimage","url":"https:\/\/the-mad-otter.it\/wp-content\/uploads\/2020\/10\/121256535_2278894365590046_2790063448431171950_o.jpg","contentUrl":"https:\/\/the-mad-otter.it\/wp-content\/uploads\/2020\/10\/121256535_2278894365590046_2790063448431171950_o.jpg","width":960,"height":540},{"@type":"BreadcrumbList","@id":"https:\/\/the-mad-otter.it\/index.php\/2020\/10\/20\/blog-tour-fairy-oak-di-elisabetta-gnone-lincanto-del-buio-il-buio-nei-romanzi\/#breadcrumb","itemListElement":[{"@type":"ListItem","position":1,"name":"Home","item":"https:\/\/the-mad-otter.it\/"},{"@type":"ListItem","position":2,"name":"Blog Tour: &#8220;Fairy Oak&#8221; di Elisabetta Gnone \u2013 L&#8217;incanto del Buio: Il Buio nei romanzi"}]},{"@type":"WebSite","@id":"https:\/\/the-mad-otter.it\/#website","url":"https:\/\/the-mad-otter.it\/","name":"The Mad Otter","description":"Benvenuti nella tana della lontra.","potentialAction":[{"@type":"SearchAction","target":{"@type":"EntryPoint","urlTemplate":"https:\/\/the-mad-otter.it\/?s={search_term_string}"},"query-input":{"@type":"PropertyValueSpecification","valueRequired":true,"valueName":"search_term_string"}}],"inLanguage":"it-IT"},{"@type":"Person","@id":"https:\/\/the-mad-otter.it\/#\/schema\/person\/c88992abc52fdb12594f56b68f54421a","name":"Tiziana","image":{"@type":"ImageObject","inLanguage":"it-IT","@id":"https:\/\/the-mad-otter.it\/#\/schema\/person\/image\/","url":"https:\/\/secure.gravatar.com\/avatar\/2f1134c8975ffa6363b410d99e9ba1c2b856c22c7c1137ae53547a98d7ff6cf7?s=96&d=mm&r=g","contentUrl":"https:\/\/secure.gravatar.com\/avatar\/2f1134c8975ffa6363b410d99e9ba1c2b856c22c7c1137ae53547a98d7ff6cf7?s=96&d=mm&r=g","caption":"Tiziana"},"url":""}]}},"_links":{"self":[{"href":"https:\/\/the-mad-otter.it\/index.php\/wp-json\/wp\/v2\/posts\/1901","targetHints":{"allow":["GET"]}}],"collection":[{"href":"https:\/\/the-mad-otter.it\/index.php\/wp-json\/wp\/v2\/posts"}],"about":[{"href":"https:\/\/the-mad-otter.it\/index.php\/wp-json\/wp\/v2\/types\/post"}],"author":[{"embeddable":true,"href":"https:\/\/the-mad-otter.it\/index.php\/wp-json\/wp\/v2\/users\/1"}],"replies":[{"embeddable":true,"href":"https:\/\/the-mad-otter.it\/index.php\/wp-json\/wp\/v2\/comments?post=1901"}],"version-history":[{"count":3,"href":"https:\/\/the-mad-otter.it\/index.php\/wp-json\/wp\/v2\/posts\/1901\/revisions"}],"predecessor-version":[{"id":5429,"href":"https:\/\/the-mad-otter.it\/index.php\/wp-json\/wp\/v2\/posts\/1901\/revisions\/5429"}],"wp:attachment":[{"href":"https:\/\/the-mad-otter.it\/index.php\/wp-json\/wp\/v2\/media?parent=1901"}],"wp:term":[{"taxonomy":"category","embeddable":true,"href":"https:\/\/the-mad-otter.it\/index.php\/wp-json\/wp\/v2\/categories?post=1901"},{"taxonomy":"post_tag","embeddable":true,"href":"https:\/\/the-mad-otter.it\/index.php\/wp-json\/wp\/v2\/tags?post=1901"}],"curies":[{"name":"wp","href":"https:\/\/api.w.org\/{rel}","templated":true}]}}