{"id":137,"date":"2017-05-22T11:57:00","date_gmt":"2017-05-22T09:57:00","guid":{"rendered":"http:\/\/www.the-mad-otter.it\/index.php\/2017\/05\/22\/blog-tour-la-fine-del-mondo-arriva-di-venerdi-di-isabel-c-alley-seconda-tappa\/"},"modified":"2017-05-22T11:57:00","modified_gmt":"2017-05-22T09:57:00","slug":"blog-tour-la-fine-del-mondo-arriva-di-venerdi-di-isabel-c-alley-seconda-tappa","status":"publish","type":"post","link":"https:\/\/the-mad-otter.it\/index.php\/2017\/05\/22\/blog-tour-la-fine-del-mondo-arriva-di-venerdi-di-isabel-c-alley-seconda-tappa\/","title":{"rendered":"Blog Tour: &#8220;La fine del mondo arriva di venerd\u00ec&#8221; di Isabel C. Alley &#8211; Seconda Tappa"},"content":{"rendered":"<p><\/p>\n<div style=\"clear: both; text-align: center;\"><a href=\"https:\/\/2.bp.blogspot.com\/-JWE7STpxWqM\/WSLB9FH9IhI\/AAAAAAAAAkU\/TvjOkG0IF_4N3gNmkX3pbjh40RAQ2mOQwCLcB\/s1600\/18554783_838597799637408_1353482479_n.png\" style=\"margin-left: 1em; margin-right: 1em;\"><img loading=\"lazy\" decoding=\"async\" border=\"0\" height=\"163\" src=\"https:\/\/2.bp.blogspot.com\/-JWE7STpxWqM\/WSLB9FH9IhI\/AAAAAAAAAkU\/TvjOkG0IF_4N3gNmkX3pbjh40RAQ2mOQwCLcB\/s400\/18554783_838597799637408_1353482479_n.png\" width=\"400\" \/><\/a><\/div>\n<div style=\"text-align: justify;\">Buon luned\u00ec! Pubblico questo post con grande emozione, non solo perch\u00e9 l&#8217;argomento della tappa del blog tour mi \u00e8 molto caro, ma anche perch\u00e9 contribuisco a presentarvi il nuovo romanzo di una scrittrice che conosco fin dalla prima opera pubblicata.<\/div>\n<div style=\"text-align: justify;\">Finalmente, Isabel C. Alley pubblica il suo quinto libro: &#8220;La fine del mondo arriva di venerd\u00ec&#8221;, di cui non vedo l&#8217;ora di scrivere la recensione.<\/div>\n<p><\/p>\n<div style=\"text-align: justify;\"><\/div>\n<div style=\"text-align: justify;\">Il blog tour \u00e8 da poco iniziato, segnatevi le date e non perdetevi alcuna tappa:<\/div>\n<div style=\"text-align: justify;\"><\/div>\n<div style=\"clear: both; text-align: center;\"><a href=\"https:\/\/4.bp.blogspot.com\/-z4U-aLnmBUY\/WSLB8_cV84I\/AAAAAAAAAkM\/Z3QNin1KZa8BfjCeCqM8idwHDtnpqabtACLcB\/s1600\/18554707_838597809637407_764355072_n.png\" style=\"margin-left: 1em; margin-right: 1em;\"><img loading=\"lazy\" decoding=\"async\" border=\"0\" height=\"163\" src=\"https:\/\/4.bp.blogspot.com\/-z4U-aLnmBUY\/WSLB8_cV84I\/AAAAAAAAAkM\/Z3QNin1KZa8BfjCeCqM8idwHDtnpqabtACLcB\/s400\/18554707_838597809637407_764355072_n.png\" width=\"400\" \/><\/a><\/div>\n<div style=\"text-align: justify;\"><\/div>\n<div style=\"text-align: justify;\"><\/div>\n<div style=\"text-align: justify;\">Iniziamo!<\/div>\n<div style=\"text-align: justify;\"><\/div>\n<div style=\"text-align: justify;\"><b>Nota:<\/b>&nbsp;Il testo che segue \u00e8 stato scritto in prima persona dalla scrittrice.<\/div>\n<div style=\"text-align: justify;\"><\/div>\n<div style=\"text-align: justify;\"><b>La rievocazione storica<\/b><\/div>\n<div style=\"text-align: justify;\"><\/div>\n<div style=\"text-align: justify;\">Avete presente le classiche fiere estive di paese? Quelle dove trovate gli accampamenti storici fatti di tende chiare e banchetti; quelle in cui potete vedere guerrieri impegnati in duelli, donne che tessono, fuochi accesi su cui vengono appesi pentoloni fumanti; quei luoghi dove potete ascoltare musica di flauti e tamburi serpeggiare tra la folla, e molto altro?<\/div>\n<div style=\"text-align: justify;\"><\/div>\n<div style=\"text-align: justify;\">Sono sicura che tutti voi, almeno una volta nella vita, avete fatto visita a un luogo simile, che fosse una semplice sagra degli antichi mestieri o una festa rinomata in un castello medievale. Alcune volte, probabilmente, in questi vostri giri turistici vi sarete imbattuti in una \u201crievocazione storica\u201d. Ma che cos&#8217;\u00e8 di preciso una rievocazione storica?<\/div>\n<div style=\"text-align: justify;\"><\/div>\n<div style=\"clear: both; text-align: center;\"><a href=\"https:\/\/2.bp.blogspot.com\/-kvgf2e1cCnI\/WSLB9Ph6a-I\/AAAAAAAAAkQ\/9kEkx3RVh_Ak-77EVeusEFnj9OUNJzlAQCLcB\/s1600\/18579365_839633556200499_1485823781_n.jpg\" style=\"margin-left: 1em; margin-right: 1em;\"><img loading=\"lazy\" decoding=\"async\" border=\"0\" height=\"264\" src=\"https:\/\/2.bp.blogspot.com\/-kvgf2e1cCnI\/WSLB9Ph6a-I\/AAAAAAAAAkQ\/9kEkx3RVh_Ak-77EVeusEFnj9OUNJzlAQCLcB\/s400\/18579365_839633556200499_1485823781_n.jpg\" width=\"400\" \/><\/a><\/div>\n<div style=\"text-align: justify;\"><\/div>\n<div style=\"text-align: justify;\">Pu\u00f2 essere definita in diversi modi, a seconda del punto di vista da cui la si guarda. Se siete visitatori, per voi \u00e8 una festa in cui si mangia, si balla, ma soprattutto si impara divertendosi. Per chi partecipa come figurante, \u00e8 un\u2019immersione a 360 gradi nella storia del secolo rievocato. In questa tappa del blogtour dedicato a \u201cLa fine del mondo arriva di venerd\u00ec\u201d vi parler\u00f2 di una tipologia specifica di rievocazione, quella in cui la protagonista Giulia si ritrova catapultata grazie alla sua nuova coinquilina, Lia, e dove, per fortuna o per sfortuna, trover\u00e0 l\u2019amore: la rievocazione celtica.<\/div>\n<div style=\"text-align: justify;\"><\/div>\n<div style=\"text-align: justify;\"><\/div>\n<div style=\"text-align: justify;\">Innanzitutto, perch\u00e9 ho scelto la rievocazione celtica come ambientazione per la storia di Giulia? Perch\u00e9 ne faccio personalmente parte e la conosco molto bene. Sono da diversi anni in un gruppo di rievocazione, la Teuta Foionco (sito web: <a href=\"http:\/\/www.teutafoionco.it\/\">http:\/\/www.teutafoionco.it\/<\/a>), perci\u00f2 vi descriver\u00f2 dal mio punto di vista tutti gli elementi che compongono queste manifestazioni che uniscono storia, divertimento e natura. Tutte le feste che vengono citate in \u201cLa fine del mondo arriva di venerd\u00ec\u201d esistono davvero, quindi quale occasione migliore per venire a scoprire cosa ha vissuto Giulia nei paesi di Monterenzio, Marzabotto e Modena? Ecco a voi un breve viaggio in questo mondo cos\u00ec vicino a noi, tanto da poterlo toccare.<\/div>\n<div style=\"text-align: justify;\"><\/div>\n<div style=\"text-align: justify;\"><b>Organizzazione della festa<\/b><\/div>\n<div style=\"text-align: justify;\"><b><br \/><\/b><\/div>\n<div style=\"text-align: justify;\">Alcune delle rievocazioni celtiche (non tutte, ma quelle che pi\u00f9 interessano ai fini della storia di Giulia) sono delle feste che si svolgono solitamente in un parco pubblico, un luogo che permetta alle associazioni partecipanti di allestire il proprio campo storico al riparo dell\u2019ombra offerta dagli alberi. Il periodo storico interessato abbraccia diversi secoli, (per darvi un\u2019indicazione, quello specifico della mia associazione riguarda i secoli IV e III A.C.), di cui potete vedere riproposta la vita dei clan gallici italiani ed europei.<\/div>\n<div style=\"text-align: justify;\"><a href=\"https:\/\/2.bp.blogspot.com\/-ry6Qv8fYio0\/WSLB9k-MTpI\/AAAAAAAAAkY\/qPqpQJXWDwoJXt3wYylWdJVVHPyt7_t-wCLcB\/s1600\/18600485_839633552867166_1946013964_n.jpg\" style=\"clear: left; float: left; margin-bottom: 1em; margin-right: 1em;\"><img loading=\"lazy\" decoding=\"async\" border=\"0\" height=\"150\" src=\"https:\/\/2.bp.blogspot.com\/-ry6Qv8fYio0\/WSLB9k-MTpI\/AAAAAAAAAkY\/qPqpQJXWDwoJXt3wYylWdJVVHPyt7_t-wCLcB\/s200\/18600485_839633552867166_1946013964_n.jpg\" width=\"200\" \/><\/a>In ogni rievocazione storica, ci sono due elementi principali che non possono mai mancare: la zona storica e la zona del mercatino. Quest\u2019ultima \u00e8 un semplice susseguirsi di banchetti che vendono oggetti a tema: gioielli, soprammobili, libri, cibo e bevande, pi\u00f9 o meno coerenti con il periodo storico di cui tratta la festa. \u00c8 il modo che il pubblico ha per portarsi a casa un \u201csouvenir\u201d della giornata trascorsa all&#8217;aria aperta. Ci\u00f2 che a noi qui pi\u00f9 interessa, per\u00f2, \u00e8 la parte storica della festa.<\/div>\n<div style=\"text-align: justify;\"><\/div>\n<div style=\"text-align: justify;\"><\/div>\n<div style=\"text-align: justify;\"><a href=\"https:\/\/4.bp.blogspot.com\/-mVTvC1PXVSk\/WSLB-AlInlI\/AAAAAAAAAkc\/wypW6uimfuoiGrGa0f4-CEe6HVSDv3wcwCLcB\/s1600\/18622817_839633549533833_1864103503_n.jpg\" style=\"clear: right; float: right; margin-bottom: 1em; margin-left: 1em;\"><img loading=\"lazy\" decoding=\"async\" border=\"0\" height=\"133\" src=\"https:\/\/4.bp.blogspot.com\/-mVTvC1PXVSk\/WSLB-AlInlI\/AAAAAAAAAkc\/wypW6uimfuoiGrGa0f4-CEe6HVSDv3wcwCLcB\/s200\/18622817_839633549533833_1864103503_n.jpg\" width=\"200\" \/><\/a>La manifestazione \u00e8 fatta da tante Teute (letteralmente famiglia in gaelico), associazioni culturali pi\u00f9 o meno grandi che si occupano di riportare al pubblico ci\u00f2 che era la vita quotidiana nell&#8217;epoca dei celti. Ognuna di loro allestisce il proprio accampamento fatto di tende, pelli di animale e tavoli e offre ai visitatori la possibilit\u00e0 di vedere ci\u00f2 che succedeva all&#8217;interno di esso in tutte le mansioni quotidiane: dalla preparazione del cibo dell\u2019epoca, alla lavorazione di oggetti di uso comune da parte degli artigiani. Si possono trovare donne che creano passamanerie di lana con le loro mani, guerrieri che si preparano per duelli e battaglie, ma soprattutto si pu\u00f2 imparare, e non sui libri come succede a scuola. Ogni associazione solitamente ha uno specifico settore di cui si occupa, approfondito in modo da poter rispondere a tutte le curiosit\u00e0 che il mondo moderno pu\u00f2 far sorgere su quello antico: cucina, tessitura, giochi, musica, lavorazione del vetro e della ceramica, creazione di monili e di armi, medicina, organizzazione bellica\u2026 si pu\u00f2 macinare la farina e preparare il pane, tirare con l\u2019arco, costruire il proprio gioiello, ce n\u2019\u00e8 per tutti i gusti. Le attivit\u00e0 sono sia per grandi e piccini, in un percorso libero che pu\u00f2 essere visto da vicino e toccato con mano.<\/div>\n<div style=\"text-align: justify;\"><\/div>\n<div style=\"text-align: justify;\"><b>Chi sono i rievocatori storici?<\/b><\/div>\n<div style=\"text-align: justify;\"><b><br \/><\/b><\/div>\n<div style=\"text-align: justify;\"><\/div>\n<div style=\"clear: both; text-align: center;\"><a href=\"https:\/\/2.bp.blogspot.com\/-22Ns4MYADMM\/WSLB-KK6_JI\/AAAAAAAAAkg\/-V2GWJIb5W0gtojpqjNzjyaRK2QsObRzACLcB\/s1600\/18622708_840752976088557_2085533593_n.jpg\" style=\"clear: left; float: left; margin-bottom: 1em; margin-right: 1em;\"><img loading=\"lazy\" decoding=\"async\" border=\"0\" height=\"133\" src=\"https:\/\/2.bp.blogspot.com\/-22Ns4MYADMM\/WSLB-KK6_JI\/AAAAAAAAAkg\/-V2GWJIb5W0gtojpqjNzjyaRK2QsObRzACLcB\/s200\/18622708_840752976088557_2085533593_n.jpg\" width=\"200\" \/><\/a><\/div>\n<p>Sono persone comuni, che nella vita di tutti i giorni studiano all&#8217;universit\u00e0, lavorano in ufficio, hanno una casa e una famiglia. Alcuni considerano la rievocazione storica quasi uno stile di vita, ma per la maggior parte di loro \u00e8 un hobby, come pu\u00f2 essere il praticare uno sport o fare volontariato.<\/p>\n<div style=\"text-align: justify;\">Sono amici di tutte le et\u00e0 uniti da una passione comune, la storia, che approfittano di questo contesto per stare insieme e per fare conoscere agli altri nuove curiosit\u00e0 sull&#8217;antico mondo dei celti. Li troverete nei campi storici a ridere e scherzare, o seri quando si caleranno nella parte a loro assegnata per lo spettacolo serale o per la battaglia campale della domenica pomeriggio. Saranno sempre disponibili a risolvere i vostri dubbi e le vostre domande, completamente immersi nell&#8217;ambiente del periodo rievocato. Non troverete mai addosso a loro oggetti moderni come orologi o smartphone. Il loro abbigliamento sar\u00e0 quello riscoperto dai ricercatori, riprodotto nei minimi dettagli, e l\u2019ambiente in cui vivranno per la durata della festa (solitamente un weekend) permetter\u00e0 a loro di trasformarsi in una vera popolazione gallica.<\/div>\n<div style=\"text-align: justify;\"><\/div>\n<div style=\"text-align: justify;\"><b>E la sera?<\/b><\/div>\n<div style=\"text-align: justify;\"><b><br \/><\/b><\/div>\n<div style=\"text-align: justify;\"><a href=\"https:\/\/3.bp.blogspot.com\/-moi88sc5vNM\/WSLB7LG0vVI\/AAAAAAAAAkI\/4nyRbAG5OgcP7W47eVqrl12NYWE1VRfTgCLcB\/s1600\/18579207_839633539533834_539338399_n.jpg\" style=\"clear: right; float: right; margin-bottom: 1em; margin-left: 1em;\"><img loading=\"lazy\" decoding=\"async\" border=\"0\" height=\"133\" src=\"https:\/\/3.bp.blogspot.com\/-moi88sc5vNM\/WSLB7LG0vVI\/AAAAAAAAAkI\/4nyRbAG5OgcP7W47eVqrl12NYWE1VRfTgCLcB\/s200\/18579207_839633539533834_539338399_n.jpg\" width=\"200\" \/><\/a>Al calar del sole, la festa di certo non termina, n\u00e9 per il pubblico n\u00e9 per i rievocatori. Dall&#8217;ora di cena fino alla mezzanotte, l\u2019area della manifestazione si riempie di concerti, fuochi e spettacoli, un altro modo per i due mondi della rievocazione di mescolarsi e interagire.&nbsp;<\/div>\n<div style=\"text-align: justify;\">Potete ascoltare le canzoni di gruppi musicali a tema, osservare duelli e spettacoli teatrali, sentire il calore della pira rituale che porta a termine la giornata, il tutto immerso nell&#8217;atmosfera del mondo che fu..<\/div>\n<div><\/div>\n<div><\/div>\n<div style=\"clear: both; text-align: center;\"><\/div>\n<p>&nbsp;<\/p>\n<p>&nbsp;A presto con la recensione!<\/p>\n<p><\/p>\n<div><\/div>\n","protected":false},"excerpt":{"rendered":"<p>Buon luned\u00ec! Pubblico questo post con grande emozione, non solo perch\u00e9 l&#8217;argomento della tappa del blog tour mi \u00e8 molto caro, ma anche perch\u00e9 contribuisco a presentarvi il nuovo romanzo di una scrittrice che conosco fin dalla prima opera pubblicata. Finalmente, Isabel C. Alley pubblica il suo quinto libro: &#8220;La fine del mondo arriva di [&hellip;]<\/p>\n","protected":false},"author":1,"featured_media":0,"comment_status":"open","ping_status":"open","sticky":false,"template":"","format":"standard","meta":{"footnotes":""},"categories":[14,114,4,9],"tags":[],"class_list":["post-137","post","type-post","status-publish","format-standard","hentry","category-blog-tour","category-isabel-c-alley","category-libri","category-self-publishing"],"yoast_head":"<!-- This site is optimized with the Yoast SEO plugin v25.9 - https:\/\/yoast.com\/wordpress\/plugins\/seo\/ -->\n<title>Blog Tour: &quot;La fine del mondo arriva di venerd\u00ec&quot; di Isabel C. Alley - Seconda Tappa - The Mad Otter<\/title>\n<meta name=\"robots\" content=\"index, follow, max-snippet:-1, max-image-preview:large, max-video-preview:-1\" \/>\n<link rel=\"canonical\" href=\"https:\/\/the-mad-otter.it\/index.php\/2017\/05\/22\/blog-tour-la-fine-del-mondo-arriva-di-venerdi-di-isabel-c-alley-seconda-tappa\/\" \/>\n<meta property=\"og:locale\" content=\"it_IT\" \/>\n<meta property=\"og:type\" content=\"article\" \/>\n<meta property=\"og:title\" content=\"Blog Tour: &quot;La fine del mondo arriva di venerd\u00ec&quot; di Isabel C. Alley - Seconda Tappa - The Mad Otter\" \/>\n<meta property=\"og:description\" content=\"Buon luned\u00ec! Pubblico questo post con grande emozione, non solo perch\u00e9 l&#8217;argomento della tappa del blog tour mi \u00e8 molto caro, ma anche perch\u00e9 contribuisco a presentarvi il nuovo romanzo di una scrittrice che conosco fin dalla prima opera pubblicata. Finalmente, Isabel C. Alley pubblica il suo quinto libro: &#8220;La fine del mondo arriva di [&hellip;]\" \/>\n<meta property=\"og:url\" content=\"https:\/\/the-mad-otter.it\/index.php\/2017\/05\/22\/blog-tour-la-fine-del-mondo-arriva-di-venerdi-di-isabel-c-alley-seconda-tappa\/\" \/>\n<meta property=\"og:site_name\" content=\"The Mad Otter\" \/>\n<meta property=\"article:publisher\" content=\"https:\/\/www.facebook.com\/themadotterblog\" \/>\n<meta property=\"article:published_time\" content=\"2017-05-22T09:57:00+00:00\" \/>\n<meta property=\"og:image\" content=\"https:\/\/2.bp.blogspot.com\/-JWE7STpxWqM\/WSLB9FH9IhI\/AAAAAAAAAkU\/TvjOkG0IF_4N3gNmkX3pbjh40RAQ2mOQwCLcB\/s400\/18554783_838597799637408_1353482479_n.png\" \/>\n<meta name=\"author\" content=\"Tiziana\" \/>\n<meta name=\"twitter:card\" content=\"summary_large_image\" \/>\n<meta name=\"twitter:creator\" content=\"@TheMadOtterBlog\" \/>\n<meta name=\"twitter:site\" content=\"@TheMadOtterBlog\" \/>\n<meta name=\"twitter:label1\" content=\"Scritto da\" \/>\n\t<meta name=\"twitter:data1\" content=\"Tiziana\" \/>\n\t<meta name=\"twitter:label2\" content=\"Tempo di lettura stimato\" \/>\n\t<meta name=\"twitter:data2\" content=\"5 minuti\" \/>\n<script type=\"application\/ld+json\" class=\"yoast-schema-graph\">{\"@context\":\"https:\/\/schema.org\",\"@graph\":[{\"@type\":\"WebPage\",\"@id\":\"https:\/\/the-mad-otter.it\/index.php\/2017\/05\/22\/blog-tour-la-fine-del-mondo-arriva-di-venerdi-di-isabel-c-alley-seconda-tappa\/\",\"url\":\"https:\/\/the-mad-otter.it\/index.php\/2017\/05\/22\/blog-tour-la-fine-del-mondo-arriva-di-venerdi-di-isabel-c-alley-seconda-tappa\/\",\"name\":\"Blog Tour: \\\"La fine del mondo arriva di venerd\u00ec\\\" di Isabel C. Alley - Seconda Tappa - The Mad Otter\",\"isPartOf\":{\"@id\":\"https:\/\/the-mad-otter.it\/#website\"},\"primaryImageOfPage\":{\"@id\":\"https:\/\/the-mad-otter.it\/index.php\/2017\/05\/22\/blog-tour-la-fine-del-mondo-arriva-di-venerdi-di-isabel-c-alley-seconda-tappa\/#primaryimage\"},\"image\":{\"@id\":\"https:\/\/the-mad-otter.it\/index.php\/2017\/05\/22\/blog-tour-la-fine-del-mondo-arriva-di-venerdi-di-isabel-c-alley-seconda-tappa\/#primaryimage\"},\"thumbnailUrl\":\"https:\/\/2.bp.blogspot.com\/-JWE7STpxWqM\/WSLB9FH9IhI\/AAAAAAAAAkU\/TvjOkG0IF_4N3gNmkX3pbjh40RAQ2mOQwCLcB\/s400\/18554783_838597799637408_1353482479_n.png\",\"datePublished\":\"2017-05-22T09:57:00+00:00\",\"author\":{\"@id\":\"https:\/\/the-mad-otter.it\/#\/schema\/person\/c88992abc52fdb12594f56b68f54421a\"},\"breadcrumb\":{\"@id\":\"https:\/\/the-mad-otter.it\/index.php\/2017\/05\/22\/blog-tour-la-fine-del-mondo-arriva-di-venerdi-di-isabel-c-alley-seconda-tappa\/#breadcrumb\"},\"inLanguage\":\"it-IT\",\"potentialAction\":[{\"@type\":\"ReadAction\",\"target\":[\"https:\/\/the-mad-otter.it\/index.php\/2017\/05\/22\/blog-tour-la-fine-del-mondo-arriva-di-venerdi-di-isabel-c-alley-seconda-tappa\/\"]}]},{\"@type\":\"ImageObject\",\"inLanguage\":\"it-IT\",\"@id\":\"https:\/\/the-mad-otter.it\/index.php\/2017\/05\/22\/blog-tour-la-fine-del-mondo-arriva-di-venerdi-di-isabel-c-alley-seconda-tappa\/#primaryimage\",\"url\":\"https:\/\/2.bp.blogspot.com\/-JWE7STpxWqM\/WSLB9FH9IhI\/AAAAAAAAAkU\/TvjOkG0IF_4N3gNmkX3pbjh40RAQ2mOQwCLcB\/s400\/18554783_838597799637408_1353482479_n.png\",\"contentUrl\":\"https:\/\/2.bp.blogspot.com\/-JWE7STpxWqM\/WSLB9FH9IhI\/AAAAAAAAAkU\/TvjOkG0IF_4N3gNmkX3pbjh40RAQ2mOQwCLcB\/s400\/18554783_838597799637408_1353482479_n.png\"},{\"@type\":\"BreadcrumbList\",\"@id\":\"https:\/\/the-mad-otter.it\/index.php\/2017\/05\/22\/blog-tour-la-fine-del-mondo-arriva-di-venerdi-di-isabel-c-alley-seconda-tappa\/#breadcrumb\",\"itemListElement\":[{\"@type\":\"ListItem\",\"position\":1,\"name\":\"Home\",\"item\":\"https:\/\/the-mad-otter.it\/\"},{\"@type\":\"ListItem\",\"position\":2,\"name\":\"Blog Tour: &#8220;La fine del mondo arriva di venerd\u00ec&#8221; di Isabel C. Alley &#8211; Seconda Tappa\"}]},{\"@type\":\"WebSite\",\"@id\":\"https:\/\/the-mad-otter.it\/#website\",\"url\":\"https:\/\/the-mad-otter.it\/\",\"name\":\"The Mad Otter\",\"description\":\"Benvenuti nella tana della lontra.\",\"potentialAction\":[{\"@type\":\"SearchAction\",\"target\":{\"@type\":\"EntryPoint\",\"urlTemplate\":\"https:\/\/the-mad-otter.it\/?s={search_term_string}\"},\"query-input\":{\"@type\":\"PropertyValueSpecification\",\"valueRequired\":true,\"valueName\":\"search_term_string\"}}],\"inLanguage\":\"it-IT\"},{\"@type\":\"Person\",\"@id\":\"https:\/\/the-mad-otter.it\/#\/schema\/person\/c88992abc52fdb12594f56b68f54421a\",\"name\":\"Tiziana\",\"image\":{\"@type\":\"ImageObject\",\"inLanguage\":\"it-IT\",\"@id\":\"https:\/\/the-mad-otter.it\/#\/schema\/person\/image\/\",\"url\":\"https:\/\/secure.gravatar.com\/avatar\/2f1134c8975ffa6363b410d99e9ba1c2b856c22c7c1137ae53547a98d7ff6cf7?s=96&d=mm&r=g\",\"contentUrl\":\"https:\/\/secure.gravatar.com\/avatar\/2f1134c8975ffa6363b410d99e9ba1c2b856c22c7c1137ae53547a98d7ff6cf7?s=96&d=mm&r=g\",\"caption\":\"Tiziana\"},\"url\":\"\"}]}<\/script>\n<!-- \/ Yoast SEO plugin. -->","yoast_head_json":{"title":"Blog Tour: \"La fine del mondo arriva di venerd\u00ec\" di Isabel C. Alley - Seconda Tappa - The Mad Otter","robots":{"index":"index","follow":"follow","max-snippet":"max-snippet:-1","max-image-preview":"max-image-preview:large","max-video-preview":"max-video-preview:-1"},"canonical":"https:\/\/the-mad-otter.it\/index.php\/2017\/05\/22\/blog-tour-la-fine-del-mondo-arriva-di-venerdi-di-isabel-c-alley-seconda-tappa\/","og_locale":"it_IT","og_type":"article","og_title":"Blog Tour: \"La fine del mondo arriva di venerd\u00ec\" di Isabel C. Alley - Seconda Tappa - The Mad Otter","og_description":"Buon luned\u00ec! Pubblico questo post con grande emozione, non solo perch\u00e9 l&#8217;argomento della tappa del blog tour mi \u00e8 molto caro, ma anche perch\u00e9 contribuisco a presentarvi il nuovo romanzo di una scrittrice che conosco fin dalla prima opera pubblicata. Finalmente, Isabel C. Alley pubblica il suo quinto libro: &#8220;La fine del mondo arriva di [&hellip;]","og_url":"https:\/\/the-mad-otter.it\/index.php\/2017\/05\/22\/blog-tour-la-fine-del-mondo-arriva-di-venerdi-di-isabel-c-alley-seconda-tappa\/","og_site_name":"The Mad Otter","article_publisher":"https:\/\/www.facebook.com\/themadotterblog","article_published_time":"2017-05-22T09:57:00+00:00","og_image":[{"url":"https:\/\/2.bp.blogspot.com\/-JWE7STpxWqM\/WSLB9FH9IhI\/AAAAAAAAAkU\/TvjOkG0IF_4N3gNmkX3pbjh40RAQ2mOQwCLcB\/s400\/18554783_838597799637408_1353482479_n.png","type":"","width":"","height":""}],"author":"Tiziana","twitter_card":"summary_large_image","twitter_creator":"@TheMadOtterBlog","twitter_site":"@TheMadOtterBlog","twitter_misc":{"Scritto da":"Tiziana","Tempo di lettura stimato":"5 minuti"},"schema":{"@context":"https:\/\/schema.org","@graph":[{"@type":"WebPage","@id":"https:\/\/the-mad-otter.it\/index.php\/2017\/05\/22\/blog-tour-la-fine-del-mondo-arriva-di-venerdi-di-isabel-c-alley-seconda-tappa\/","url":"https:\/\/the-mad-otter.it\/index.php\/2017\/05\/22\/blog-tour-la-fine-del-mondo-arriva-di-venerdi-di-isabel-c-alley-seconda-tappa\/","name":"Blog Tour: \"La fine del mondo arriva di venerd\u00ec\" di Isabel C. Alley - Seconda Tappa - The Mad Otter","isPartOf":{"@id":"https:\/\/the-mad-otter.it\/#website"},"primaryImageOfPage":{"@id":"https:\/\/the-mad-otter.it\/index.php\/2017\/05\/22\/blog-tour-la-fine-del-mondo-arriva-di-venerdi-di-isabel-c-alley-seconda-tappa\/#primaryimage"},"image":{"@id":"https:\/\/the-mad-otter.it\/index.php\/2017\/05\/22\/blog-tour-la-fine-del-mondo-arriva-di-venerdi-di-isabel-c-alley-seconda-tappa\/#primaryimage"},"thumbnailUrl":"https:\/\/2.bp.blogspot.com\/-JWE7STpxWqM\/WSLB9FH9IhI\/AAAAAAAAAkU\/TvjOkG0IF_4N3gNmkX3pbjh40RAQ2mOQwCLcB\/s400\/18554783_838597799637408_1353482479_n.png","datePublished":"2017-05-22T09:57:00+00:00","author":{"@id":"https:\/\/the-mad-otter.it\/#\/schema\/person\/c88992abc52fdb12594f56b68f54421a"},"breadcrumb":{"@id":"https:\/\/the-mad-otter.it\/index.php\/2017\/05\/22\/blog-tour-la-fine-del-mondo-arriva-di-venerdi-di-isabel-c-alley-seconda-tappa\/#breadcrumb"},"inLanguage":"it-IT","potentialAction":[{"@type":"ReadAction","target":["https:\/\/the-mad-otter.it\/index.php\/2017\/05\/22\/blog-tour-la-fine-del-mondo-arriva-di-venerdi-di-isabel-c-alley-seconda-tappa\/"]}]},{"@type":"ImageObject","inLanguage":"it-IT","@id":"https:\/\/the-mad-otter.it\/index.php\/2017\/05\/22\/blog-tour-la-fine-del-mondo-arriva-di-venerdi-di-isabel-c-alley-seconda-tappa\/#primaryimage","url":"https:\/\/2.bp.blogspot.com\/-JWE7STpxWqM\/WSLB9FH9IhI\/AAAAAAAAAkU\/TvjOkG0IF_4N3gNmkX3pbjh40RAQ2mOQwCLcB\/s400\/18554783_838597799637408_1353482479_n.png","contentUrl":"https:\/\/2.bp.blogspot.com\/-JWE7STpxWqM\/WSLB9FH9IhI\/AAAAAAAAAkU\/TvjOkG0IF_4N3gNmkX3pbjh40RAQ2mOQwCLcB\/s400\/18554783_838597799637408_1353482479_n.png"},{"@type":"BreadcrumbList","@id":"https:\/\/the-mad-otter.it\/index.php\/2017\/05\/22\/blog-tour-la-fine-del-mondo-arriva-di-venerdi-di-isabel-c-alley-seconda-tappa\/#breadcrumb","itemListElement":[{"@type":"ListItem","position":1,"name":"Home","item":"https:\/\/the-mad-otter.it\/"},{"@type":"ListItem","position":2,"name":"Blog Tour: &#8220;La fine del mondo arriva di venerd\u00ec&#8221; di Isabel C. Alley &#8211; Seconda Tappa"}]},{"@type":"WebSite","@id":"https:\/\/the-mad-otter.it\/#website","url":"https:\/\/the-mad-otter.it\/","name":"The Mad Otter","description":"Benvenuti nella tana della lontra.","potentialAction":[{"@type":"SearchAction","target":{"@type":"EntryPoint","urlTemplate":"https:\/\/the-mad-otter.it\/?s={search_term_string}"},"query-input":{"@type":"PropertyValueSpecification","valueRequired":true,"valueName":"search_term_string"}}],"inLanguage":"it-IT"},{"@type":"Person","@id":"https:\/\/the-mad-otter.it\/#\/schema\/person\/c88992abc52fdb12594f56b68f54421a","name":"Tiziana","image":{"@type":"ImageObject","inLanguage":"it-IT","@id":"https:\/\/the-mad-otter.it\/#\/schema\/person\/image\/","url":"https:\/\/secure.gravatar.com\/avatar\/2f1134c8975ffa6363b410d99e9ba1c2b856c22c7c1137ae53547a98d7ff6cf7?s=96&d=mm&r=g","contentUrl":"https:\/\/secure.gravatar.com\/avatar\/2f1134c8975ffa6363b410d99e9ba1c2b856c22c7c1137ae53547a98d7ff6cf7?s=96&d=mm&r=g","caption":"Tiziana"},"url":""}]}},"_links":{"self":[{"href":"https:\/\/the-mad-otter.it\/index.php\/wp-json\/wp\/v2\/posts\/137","targetHints":{"allow":["GET"]}}],"collection":[{"href":"https:\/\/the-mad-otter.it\/index.php\/wp-json\/wp\/v2\/posts"}],"about":[{"href":"https:\/\/the-mad-otter.it\/index.php\/wp-json\/wp\/v2\/types\/post"}],"author":[{"embeddable":true,"href":"https:\/\/the-mad-otter.it\/index.php\/wp-json\/wp\/v2\/users\/1"}],"replies":[{"embeddable":true,"href":"https:\/\/the-mad-otter.it\/index.php\/wp-json\/wp\/v2\/comments?post=137"}],"version-history":[{"count":0,"href":"https:\/\/the-mad-otter.it\/index.php\/wp-json\/wp\/v2\/posts\/137\/revisions"}],"wp:attachment":[{"href":"https:\/\/the-mad-otter.it\/index.php\/wp-json\/wp\/v2\/media?parent=137"}],"wp:term":[{"taxonomy":"category","embeddable":true,"href":"https:\/\/the-mad-otter.it\/index.php\/wp-json\/wp\/v2\/categories?post=137"},{"taxonomy":"post_tag","embeddable":true,"href":"https:\/\/the-mad-otter.it\/index.php\/wp-json\/wp\/v2\/tags?post=137"}],"curies":[{"name":"wp","href":"https:\/\/api.w.org\/{rel}","templated":true}]}}