{"id":1073,"date":"2020-07-15T14:03:12","date_gmt":"2020-07-15T12:03:12","guid":{"rendered":"http:\/\/www.the-mad-otter.it\/?p=1073"},"modified":"2020-07-15T14:04:49","modified_gmt":"2020-07-15T12:04:49","slug":"recensione-il-seme-della-speranza-di-emiliano-reali","status":"publish","type":"post","link":"https:\/\/the-mad-otter.it\/index.php\/2020\/07\/15\/recensione-il-seme-della-speranza-di-emiliano-reali\/","title":{"rendered":"Recensione: &#8220;Il seme della speranza&#8221; di Emiliano Reali"},"content":{"rendered":"<p><img loading=\"lazy\" decoding=\"async\" class=\"size-medium wp-image-1074 alignleft\" src=\"https:\/\/the-mad-otter.it\/wp-content\/uploads\/2020\/07\/il-seme-della-speranza10-215x300.jpg\" alt=\"\" width=\"215\" height=\"300\" srcset=\"https:\/\/the-mad-otter.it\/wp-content\/uploads\/2020\/07\/il-seme-della-speranza10-215x300.jpg 215w, https:\/\/the-mad-otter.it\/wp-content\/uploads\/2020\/07\/il-seme-della-speranza10.jpg 280w\" sizes=\"auto, (max-width: 215px) 100vw, 215px\" \/>In origine fu Spyria, regina e protettrice del mondo di Spiriti e Divinit\u00e0 e creatrice dell&#8217;universo in cui convivono i due mondi paralleli delle creature della natura e degli essere umani.<\/p>\n<p>Bene e male, purezza e malvagit\u00e0, luce e ombra. Questi sono solo alcuni dei parallelismi che si possono fare, ma quello che emerge \u00e8 quanto egoista sia l&#8217;uomo, che distrugge il proprio pianeta piegando la natura al proprio volere, disintegrandola con l&#8217;inquinamento e la costruzione dei propri mezzi personali.<\/p>\n<p>Per salvare entrambi i mondi dal declino si rende necessaria la nascita del Prescelto, con l&#8217;unico compito di estirpare il marcio e sanare la natura: Eres, spirito del sottobosco, parte sotto mentite spoglie verso la Terra, imbattendosi in una realt\u00e0 incredibilmente diversa da tutto ci\u00f2 che ha conosciuto finora.<\/p>\n<p>&#8220;Il seme della speranza&#8221; \u00e8 titolo e fulcro dell&#8217;intera opera di \u00a0Emiliano Reali, un fantasy tutto italiano volto a riscoprire la bellezza della natura e a far riflettere i lettori sulle proprie azioni. Tutto ruota attorno proprio alla speranza di far aprire gli occhi sulla condizione umana, un misto di indifferenza ed egoismo che non fanno altro che bruciare il pianeta senza che qualcuno se ne renda davvero conto.<\/p>\n<p>Educare al buonsenso \u00e8 sempre una tematica attuale ed Emiliano riesce nell&#8217;intento attraverso una storia adatta a grandi e piccoli, che attraverso il potere della fantasia e dell&#8217;immaginazione lascia delle tracce nella coscienza e smuove gli animi. Oltre al tema dell&#8217;ambiente vengono affrontati altri importanti argomenti, come la discriminazione e il pregiudizio, da cui non si smette mai di imparare e da cui sembra quasi impossibile allontanarsi davvero e abbracciare l&#8217;uguaglianza e pari diritti.<\/p>\n<p>Lo stile di scrittura \u00e8 scorrevole ed evocativo, permette di immergersi completamente nell&#8217;atmosfera magica dell&#8217;opera e di rimanere incantati dal mondo degli Spiriti e delle Divinit\u00e0, tanto diverso e affascinante da quello che conosciamo.<\/p>\n<p>&#8220;Il seme della speranza&#8221; \u00e8 un libro che merita assolutamente di essere letto, perch\u00e9 \u00e8 capace di cambiare le opinioni e intrattenere attraverso una storia intelligente che sa trasmettere delle emozioni autentiche e dei messaggi interessanti e indispensabili.<\/p>\n","protected":false},"excerpt":{"rendered":"<p>In origine fu Spyria, regina e protettrice del mondo di Spiriti e Divinit\u00e0 e creatrice dell&#8217;universo in cui convivono i due mondi paralleli delle creature della natura e degli essere umani. Bene e male, purezza e malvagit\u00e0, luce e ombra. Questi sono solo alcuni dei parallelismi che si possono fare, ma quello che emerge \u00e8 [&hellip;]<\/p>\n","protected":false},"author":1,"featured_media":0,"comment_status":"open","ping_status":"open","sticky":false,"template":"","format":"standard","meta":{"footnotes":""},"categories":[1],"tags":[],"class_list":["post-1073","post","type-post","status-publish","format-standard","hentry","category-senza-categoria"],"yoast_head":"<!-- This site is optimized with the Yoast SEO plugin v25.9 - https:\/\/yoast.com\/wordpress\/plugins\/seo\/ -->\n<title>Recensione: &quot;Il seme della speranza&quot; di Emiliano Reali - The Mad Otter<\/title>\n<meta name=\"robots\" content=\"index, follow, max-snippet:-1, max-image-preview:large, max-video-preview:-1\" \/>\n<link rel=\"canonical\" href=\"https:\/\/the-mad-otter.it\/index.php\/2020\/07\/15\/recensione-il-seme-della-speranza-di-emiliano-reali\/\" \/>\n<meta property=\"og:locale\" content=\"it_IT\" \/>\n<meta property=\"og:type\" content=\"article\" \/>\n<meta property=\"og:title\" content=\"Recensione: &quot;Il seme della speranza&quot; di Emiliano Reali - The Mad Otter\" \/>\n<meta property=\"og:description\" content=\"In origine fu Spyria, regina e protettrice del mondo di Spiriti e Divinit\u00e0 e creatrice dell&#8217;universo in cui convivono i due mondi paralleli delle creature della natura e degli essere umani. Bene e male, purezza e malvagit\u00e0, luce e ombra. Questi sono solo alcuni dei parallelismi che si possono fare, ma quello che emerge \u00e8 [&hellip;]\" \/>\n<meta property=\"og:url\" content=\"https:\/\/the-mad-otter.it\/index.php\/2020\/07\/15\/recensione-il-seme-della-speranza-di-emiliano-reali\/\" \/>\n<meta property=\"og:site_name\" content=\"The Mad Otter\" \/>\n<meta property=\"article:publisher\" content=\"https:\/\/www.facebook.com\/themadotterblog\" \/>\n<meta property=\"article:published_time\" content=\"2020-07-15T12:03:12+00:00\" \/>\n<meta property=\"article:modified_time\" content=\"2020-07-15T12:04:49+00:00\" \/>\n<meta property=\"og:image\" content=\"https:\/\/the-mad-otter.it\/wp-content\/uploads\/2020\/07\/il-seme-della-speranza10-215x300.jpg\" \/>\n<meta name=\"author\" content=\"Tiziana\" \/>\n<meta name=\"twitter:card\" content=\"summary_large_image\" \/>\n<meta name=\"twitter:creator\" content=\"@TheMadOtterBlog\" \/>\n<meta name=\"twitter:site\" content=\"@TheMadOtterBlog\" \/>\n<meta name=\"twitter:label1\" content=\"Scritto da\" \/>\n\t<meta name=\"twitter:data1\" content=\"Tiziana\" \/>\n\t<meta name=\"twitter:label2\" content=\"Tempo di lettura stimato\" \/>\n\t<meta name=\"twitter:data2\" content=\"2 minuti\" \/>\n<script type=\"application\/ld+json\" class=\"yoast-schema-graph\">{\"@context\":\"https:\/\/schema.org\",\"@graph\":[{\"@type\":\"WebPage\",\"@id\":\"https:\/\/the-mad-otter.it\/index.php\/2020\/07\/15\/recensione-il-seme-della-speranza-di-emiliano-reali\/\",\"url\":\"https:\/\/the-mad-otter.it\/index.php\/2020\/07\/15\/recensione-il-seme-della-speranza-di-emiliano-reali\/\",\"name\":\"Recensione: \\\"Il seme della speranza\\\" di Emiliano Reali - The Mad Otter\",\"isPartOf\":{\"@id\":\"https:\/\/the-mad-otter.it\/#website\"},\"primaryImageOfPage\":{\"@id\":\"https:\/\/the-mad-otter.it\/index.php\/2020\/07\/15\/recensione-il-seme-della-speranza-di-emiliano-reali\/#primaryimage\"},\"image\":{\"@id\":\"https:\/\/the-mad-otter.it\/index.php\/2020\/07\/15\/recensione-il-seme-della-speranza-di-emiliano-reali\/#primaryimage\"},\"thumbnailUrl\":\"https:\/\/the-mad-otter.it\/wp-content\/uploads\/2020\/07\/il-seme-della-speranza10-215x300.jpg\",\"datePublished\":\"2020-07-15T12:03:12+00:00\",\"dateModified\":\"2020-07-15T12:04:49+00:00\",\"author\":{\"@id\":\"https:\/\/the-mad-otter.it\/#\/schema\/person\/c88992abc52fdb12594f56b68f54421a\"},\"breadcrumb\":{\"@id\":\"https:\/\/the-mad-otter.it\/index.php\/2020\/07\/15\/recensione-il-seme-della-speranza-di-emiliano-reali\/#breadcrumb\"},\"inLanguage\":\"it-IT\",\"potentialAction\":[{\"@type\":\"ReadAction\",\"target\":[\"https:\/\/the-mad-otter.it\/index.php\/2020\/07\/15\/recensione-il-seme-della-speranza-di-emiliano-reali\/\"]}]},{\"@type\":\"ImageObject\",\"inLanguage\":\"it-IT\",\"@id\":\"https:\/\/the-mad-otter.it\/index.php\/2020\/07\/15\/recensione-il-seme-della-speranza-di-emiliano-reali\/#primaryimage\",\"url\":\"https:\/\/the-mad-otter.it\/wp-content\/uploads\/2020\/07\/il-seme-della-speranza10.jpg\",\"contentUrl\":\"https:\/\/the-mad-otter.it\/wp-content\/uploads\/2020\/07\/il-seme-della-speranza10.jpg\",\"width\":280,\"height\":391},{\"@type\":\"BreadcrumbList\",\"@id\":\"https:\/\/the-mad-otter.it\/index.php\/2020\/07\/15\/recensione-il-seme-della-speranza-di-emiliano-reali\/#breadcrumb\",\"itemListElement\":[{\"@type\":\"ListItem\",\"position\":1,\"name\":\"Home\",\"item\":\"https:\/\/the-mad-otter.it\/\"},{\"@type\":\"ListItem\",\"position\":2,\"name\":\"Recensione: &#8220;Il seme della speranza&#8221; di Emiliano Reali\"}]},{\"@type\":\"WebSite\",\"@id\":\"https:\/\/the-mad-otter.it\/#website\",\"url\":\"https:\/\/the-mad-otter.it\/\",\"name\":\"The Mad Otter\",\"description\":\"Benvenuti nella tana della lontra.\",\"potentialAction\":[{\"@type\":\"SearchAction\",\"target\":{\"@type\":\"EntryPoint\",\"urlTemplate\":\"https:\/\/the-mad-otter.it\/?s={search_term_string}\"},\"query-input\":{\"@type\":\"PropertyValueSpecification\",\"valueRequired\":true,\"valueName\":\"search_term_string\"}}],\"inLanguage\":\"it-IT\"},{\"@type\":\"Person\",\"@id\":\"https:\/\/the-mad-otter.it\/#\/schema\/person\/c88992abc52fdb12594f56b68f54421a\",\"name\":\"Tiziana\",\"image\":{\"@type\":\"ImageObject\",\"inLanguage\":\"it-IT\",\"@id\":\"https:\/\/the-mad-otter.it\/#\/schema\/person\/image\/\",\"url\":\"https:\/\/secure.gravatar.com\/avatar\/2f1134c8975ffa6363b410d99e9ba1c2b856c22c7c1137ae53547a98d7ff6cf7?s=96&d=mm&r=g\",\"contentUrl\":\"https:\/\/secure.gravatar.com\/avatar\/2f1134c8975ffa6363b410d99e9ba1c2b856c22c7c1137ae53547a98d7ff6cf7?s=96&d=mm&r=g\",\"caption\":\"Tiziana\"},\"url\":\"\"}]}<\/script>\n<!-- \/ Yoast SEO plugin. -->","yoast_head_json":{"title":"Recensione: \"Il seme della speranza\" di Emiliano Reali - The Mad Otter","robots":{"index":"index","follow":"follow","max-snippet":"max-snippet:-1","max-image-preview":"max-image-preview:large","max-video-preview":"max-video-preview:-1"},"canonical":"https:\/\/the-mad-otter.it\/index.php\/2020\/07\/15\/recensione-il-seme-della-speranza-di-emiliano-reali\/","og_locale":"it_IT","og_type":"article","og_title":"Recensione: \"Il seme della speranza\" di Emiliano Reali - The Mad Otter","og_description":"In origine fu Spyria, regina e protettrice del mondo di Spiriti e Divinit\u00e0 e creatrice dell&#8217;universo in cui convivono i due mondi paralleli delle creature della natura e degli essere umani. Bene e male, purezza e malvagit\u00e0, luce e ombra. Questi sono solo alcuni dei parallelismi che si possono fare, ma quello che emerge \u00e8 [&hellip;]","og_url":"https:\/\/the-mad-otter.it\/index.php\/2020\/07\/15\/recensione-il-seme-della-speranza-di-emiliano-reali\/","og_site_name":"The Mad Otter","article_publisher":"https:\/\/www.facebook.com\/themadotterblog","article_published_time":"2020-07-15T12:03:12+00:00","article_modified_time":"2020-07-15T12:04:49+00:00","og_image":[{"url":"https:\/\/the-mad-otter.it\/wp-content\/uploads\/2020\/07\/il-seme-della-speranza10-215x300.jpg","type":"","width":"","height":""}],"author":"Tiziana","twitter_card":"summary_large_image","twitter_creator":"@TheMadOtterBlog","twitter_site":"@TheMadOtterBlog","twitter_misc":{"Scritto da":"Tiziana","Tempo di lettura stimato":"2 minuti"},"schema":{"@context":"https:\/\/schema.org","@graph":[{"@type":"WebPage","@id":"https:\/\/the-mad-otter.it\/index.php\/2020\/07\/15\/recensione-il-seme-della-speranza-di-emiliano-reali\/","url":"https:\/\/the-mad-otter.it\/index.php\/2020\/07\/15\/recensione-il-seme-della-speranza-di-emiliano-reali\/","name":"Recensione: \"Il seme della speranza\" di Emiliano Reali - The Mad Otter","isPartOf":{"@id":"https:\/\/the-mad-otter.it\/#website"},"primaryImageOfPage":{"@id":"https:\/\/the-mad-otter.it\/index.php\/2020\/07\/15\/recensione-il-seme-della-speranza-di-emiliano-reali\/#primaryimage"},"image":{"@id":"https:\/\/the-mad-otter.it\/index.php\/2020\/07\/15\/recensione-il-seme-della-speranza-di-emiliano-reali\/#primaryimage"},"thumbnailUrl":"https:\/\/the-mad-otter.it\/wp-content\/uploads\/2020\/07\/il-seme-della-speranza10-215x300.jpg","datePublished":"2020-07-15T12:03:12+00:00","dateModified":"2020-07-15T12:04:49+00:00","author":{"@id":"https:\/\/the-mad-otter.it\/#\/schema\/person\/c88992abc52fdb12594f56b68f54421a"},"breadcrumb":{"@id":"https:\/\/the-mad-otter.it\/index.php\/2020\/07\/15\/recensione-il-seme-della-speranza-di-emiliano-reali\/#breadcrumb"},"inLanguage":"it-IT","potentialAction":[{"@type":"ReadAction","target":["https:\/\/the-mad-otter.it\/index.php\/2020\/07\/15\/recensione-il-seme-della-speranza-di-emiliano-reali\/"]}]},{"@type":"ImageObject","inLanguage":"it-IT","@id":"https:\/\/the-mad-otter.it\/index.php\/2020\/07\/15\/recensione-il-seme-della-speranza-di-emiliano-reali\/#primaryimage","url":"https:\/\/the-mad-otter.it\/wp-content\/uploads\/2020\/07\/il-seme-della-speranza10.jpg","contentUrl":"https:\/\/the-mad-otter.it\/wp-content\/uploads\/2020\/07\/il-seme-della-speranza10.jpg","width":280,"height":391},{"@type":"BreadcrumbList","@id":"https:\/\/the-mad-otter.it\/index.php\/2020\/07\/15\/recensione-il-seme-della-speranza-di-emiliano-reali\/#breadcrumb","itemListElement":[{"@type":"ListItem","position":1,"name":"Home","item":"https:\/\/the-mad-otter.it\/"},{"@type":"ListItem","position":2,"name":"Recensione: &#8220;Il seme della speranza&#8221; di Emiliano Reali"}]},{"@type":"WebSite","@id":"https:\/\/the-mad-otter.it\/#website","url":"https:\/\/the-mad-otter.it\/","name":"The Mad Otter","description":"Benvenuti nella tana della lontra.","potentialAction":[{"@type":"SearchAction","target":{"@type":"EntryPoint","urlTemplate":"https:\/\/the-mad-otter.it\/?s={search_term_string}"},"query-input":{"@type":"PropertyValueSpecification","valueRequired":true,"valueName":"search_term_string"}}],"inLanguage":"it-IT"},{"@type":"Person","@id":"https:\/\/the-mad-otter.it\/#\/schema\/person\/c88992abc52fdb12594f56b68f54421a","name":"Tiziana","image":{"@type":"ImageObject","inLanguage":"it-IT","@id":"https:\/\/the-mad-otter.it\/#\/schema\/person\/image\/","url":"https:\/\/secure.gravatar.com\/avatar\/2f1134c8975ffa6363b410d99e9ba1c2b856c22c7c1137ae53547a98d7ff6cf7?s=96&d=mm&r=g","contentUrl":"https:\/\/secure.gravatar.com\/avatar\/2f1134c8975ffa6363b410d99e9ba1c2b856c22c7c1137ae53547a98d7ff6cf7?s=96&d=mm&r=g","caption":"Tiziana"},"url":""}]}},"_links":{"self":[{"href":"https:\/\/the-mad-otter.it\/index.php\/wp-json\/wp\/v2\/posts\/1073","targetHints":{"allow":["GET"]}}],"collection":[{"href":"https:\/\/the-mad-otter.it\/index.php\/wp-json\/wp\/v2\/posts"}],"about":[{"href":"https:\/\/the-mad-otter.it\/index.php\/wp-json\/wp\/v2\/types\/post"}],"author":[{"embeddable":true,"href":"https:\/\/the-mad-otter.it\/index.php\/wp-json\/wp\/v2\/users\/1"}],"replies":[{"embeddable":true,"href":"https:\/\/the-mad-otter.it\/index.php\/wp-json\/wp\/v2\/comments?post=1073"}],"version-history":[{"count":2,"href":"https:\/\/the-mad-otter.it\/index.php\/wp-json\/wp\/v2\/posts\/1073\/revisions"}],"predecessor-version":[{"id":1076,"href":"https:\/\/the-mad-otter.it\/index.php\/wp-json\/wp\/v2\/posts\/1073\/revisions\/1076"}],"wp:attachment":[{"href":"https:\/\/the-mad-otter.it\/index.php\/wp-json\/wp\/v2\/media?parent=1073"}],"wp:term":[{"taxonomy":"category","embeddable":true,"href":"https:\/\/the-mad-otter.it\/index.php\/wp-json\/wp\/v2\/categories?post=1073"},{"taxonomy":"post_tag","embeddable":true,"href":"https:\/\/the-mad-otter.it\/index.php\/wp-json\/wp\/v2\/tags?post=1073"}],"curies":[{"name":"wp","href":"https:\/\/api.w.org\/{rel}","templated":true}]}}