{"id":107,"date":"2017-06-29T11:13:00","date_gmt":"2017-06-29T09:13:00","guid":{"rendered":"http:\/\/www.the-mad-otter.it\/index.php\/2017\/06\/29\/recensione-nacheera-di-valentina-di-caro\/"},"modified":"2017-06-29T11:13:00","modified_gmt":"2017-06-29T09:13:00","slug":"recensione-nacheera-di-valentina-di-caro","status":"publish","type":"post","link":"https:\/\/the-mad-otter.it\/index.php\/2017\/06\/29\/recensione-nacheera-di-valentina-di-caro\/","title":{"rendered":"Recensione: &#8220;Nacheera&#8221; di Valentina Di Caro"},"content":{"rendered":"<p><span style=\"font-family: &quot;times new roman&quot;; font-size: large; text-align: justify;\">\u00ab<span style=\"font-family: inherit;\">&nbsp;&#8230;<\/span><\/span><span style=\"font-family: &quot;times new roman&quot;; font-size: large; text-align: justify;\">qualcosa dentro di me, pi\u00f9 forte di una semplice sensazione, mi suggeriva che quello era solo l\u2019inizio. L\u2019inizio di una storia a cui non si pu\u00f2 credere se non la si vive e a me stava capitando, solo che non mi era chiesto semplicemente di crederci: a me era chiesto di viverla e di farne parte.&nbsp;<\/span><span style=\"font-family: &quot;times new roman&quot;; font-size: large; text-align: justify;\">\u00bb<\/span><br \/><span style=\"font-family: &quot;times new roman&quot;; font-size: large; text-align: justify;\"><br \/><\/span><\/p>\n<div style=\"text-align: justify;\"><a href=\"https:\/\/1.bp.blogspot.com\/-iz7R6AmFCuQ\/WVTPkIaW-xI\/AAAAAAAAAts\/8fUhZygr6Dsse0CsK-62rcBsWu39hS3fwCLcBGAs\/s1600\/51UI6ZKLigL._SX300_BO1%252C204%252C203%252C200_.jpg\" style=\"clear: left; float: left; margin-bottom: 1em; margin-right: 1em;\"><img loading=\"lazy\" decoding=\"async\" border=\"0\" data-original-height=\"499\" data-original-width=\"302\" height=\"200\" src=\"https:\/\/1.bp.blogspot.com\/-iz7R6AmFCuQ\/WVTPkIaW-xI\/AAAAAAAAAts\/8fUhZygr6Dsse0CsK-62rcBsWu39hS3fwCLcBGAs\/s200\/51UI6ZKLigL._SX300_BO1%252C204%252C203%252C200_.jpg\" width=\"120\" \/><\/a>Il magico potere della lettura non \u00e8 cosa che si presenta sempre. Ma nel momento in cui ho posato gli occhi sulle prime righe di &#8220;Nacheera&#8221; di Valentina Di Caro, mi sono sentita come trasportata in un mondo familiare. Sono tornata quella bambina che credeva nella meraviglia del fantastico, l&#8217;adolescente che desiderava scrivere storie e sognava un giorno di poterle pubblicare.<\/div>\n<div style=\"text-align: justify;\"><\/div>\n<div style=\"text-align: justify;\">Una sensazione rara, &#8220;l&#8217;imprinting&#8221; tra me e questo libro. Perfino il forte elemento romantico non mi ha dato fastidio.<\/div>\n<div style=\"text-align: justify;\"><\/div>\n<div style=\"text-align: justify;\">Il romanzo fantasy di Valentina parla di una giovane ragazza di nome Sara, una sognatrice che sa vivere con i piedi per terra. L&#8217;entrata in classe del nuovo arrivato Federico attira inspiegabilmente la sua attenzione: come se quella novit\u00e0 le fosse in qualche modo gi\u00e0 conosciuta.<\/div>\n<div style=\"text-align: justify;\">Federico, in realt\u00e0, \u00e8 un paraninfo: una creatura magica che porta Sara nel mondo dei Nacheera, antico popolo di cui l&#8217;umanit\u00e0 ne ha perso le tracce nel tempo. Qui, la giovane scopre di essere la tredicesima Fata bianca, chiamata ad ascoltare le urla disperate della sua gente in cerca di aiuto contro la tirannia del malvagio Lorcan. Solo lei potr\u00e0 essere in grado di sconfiggerlo e preservare la Sorgente dalla distruzione. Il percorso non sar\u00e0 per niente facile, ma grazie all&#8217;ausilio di Federico, Sara affronter\u00e0 le difficolt\u00e0 e crescer\u00e0 spiritualmente.&nbsp;<\/div>\n<div style=\"text-align: justify;\"><\/div>\n<div style=\"text-align: justify;\">Il mondo creato dalla scrittrice \u00e8 ricco di elementi tipici del fantastico, dai paesaggi suggestivi alle affascinanti creature. In questo si vede la cura della stesura del libro, durata diversi anni che sono certamente valsi alla causa. <\/div>\n<div style=\"text-align: justify;\">La storia nel complesso \u00e8 semplice e originale, piena di informazioni ed eventi che non permettono distrazioni.<\/div>\n<p>Accanto all&#8217;avventura, non manca un messaggio ambientalista, volto al rispetto per la Natura di cui sempre pi\u00f9 spesso l&#8217;uomo non d\u00e0 conto. Questo comportamento lo ha portato a dimenticare un mondo costretto a restare parallelo, di una bellezza sconfinata di cui non meritiamo pi\u00f9 la vista.<\/p>\n<div style=\"text-align: justify;\"><\/div>\n<div style=\"text-align: justify;\">Magari le fate esistono davvero, ma non siamo pi\u00f9 capaci di percepirle.<\/div>\n<div style=\"text-align: justify;\"><\/div>\n<div style=\"text-align: justify;\">Ringrazio molto La Ponga Edizioni per avermi dato modo di leggere questo libro.<\/div>\n<div style=\"text-align: justify;\"><\/div>\n<div style=\"text-align: justify;\"><\/div>\n<div style=\"text-align: justify;\"><\/div>\n<div style=\"text-align: justify;\"><\/div>\n","protected":false},"excerpt":{"rendered":"<p>\u00ab&nbsp;&#8230;qualcosa dentro di me, pi\u00f9 forte di una semplice sensazione, mi suggeriva che quello era solo l\u2019inizio. L\u2019inizio di una storia a cui non si pu\u00f2 credere se non la si vive e a me stava capitando, solo che non mi era chiesto semplicemente di crederci: a me era chiesto di viverla e di farne [&hellip;]<\/p>\n","protected":false},"author":1,"featured_media":0,"comment_status":"open","ping_status":"open","sticky":false,"template":"","format":"standard","meta":{"footnotes":""},"categories":[21,4,3],"tags":[],"class_list":["post-107","post","type-post","status-publish","format-standard","hentry","category-la-ponga-edizioni","category-libri","category-recensioni"],"yoast_head":"<!-- This site is optimized with the Yoast SEO plugin v25.9 - https:\/\/yoast.com\/wordpress\/plugins\/seo\/ -->\n<title>Recensione: &quot;Nacheera&quot; di Valentina Di Caro - The Mad Otter<\/title>\n<meta name=\"robots\" content=\"index, follow, max-snippet:-1, max-image-preview:large, max-video-preview:-1\" \/>\n<link rel=\"canonical\" href=\"https:\/\/the-mad-otter.it\/index.php\/2017\/06\/29\/recensione-nacheera-di-valentina-di-caro\/\" \/>\n<meta property=\"og:locale\" content=\"it_IT\" \/>\n<meta property=\"og:type\" content=\"article\" \/>\n<meta property=\"og:title\" content=\"Recensione: &quot;Nacheera&quot; di Valentina Di Caro - The Mad Otter\" \/>\n<meta property=\"og:description\" content=\"\u00ab&nbsp;&#8230;qualcosa dentro di me, pi\u00f9 forte di una semplice sensazione, mi suggeriva che quello era solo l\u2019inizio. L\u2019inizio di una storia a cui non si pu\u00f2 credere se non la si vive e a me stava capitando, solo che non mi era chiesto semplicemente di crederci: a me era chiesto di viverla e di farne [&hellip;]\" \/>\n<meta property=\"og:url\" content=\"https:\/\/the-mad-otter.it\/index.php\/2017\/06\/29\/recensione-nacheera-di-valentina-di-caro\/\" \/>\n<meta property=\"og:site_name\" content=\"The Mad Otter\" \/>\n<meta property=\"article:publisher\" content=\"https:\/\/www.facebook.com\/themadotterblog\" \/>\n<meta property=\"article:published_time\" content=\"2017-06-29T09:13:00+00:00\" \/>\n<meta property=\"og:image\" content=\"https:\/\/1.bp.blogspot.com\/-iz7R6AmFCuQ\/WVTPkIaW-xI\/AAAAAAAAAts\/8fUhZygr6Dsse0CsK-62rcBsWu39hS3fwCLcBGAs\/s200\/51UI6ZKLigL._SX300_BO1%252C204%252C203%252C200_.jpg\" \/>\n<meta name=\"author\" content=\"Tiziana\" \/>\n<meta name=\"twitter:card\" content=\"summary_large_image\" \/>\n<meta name=\"twitter:creator\" content=\"@TheMadOtterBlog\" \/>\n<meta name=\"twitter:site\" content=\"@TheMadOtterBlog\" \/>\n<meta name=\"twitter:label1\" content=\"Scritto da\" \/>\n\t<meta name=\"twitter:data1\" content=\"Tiziana\" \/>\n\t<meta name=\"twitter:label2\" content=\"Tempo di lettura stimato\" \/>\n\t<meta name=\"twitter:data2\" content=\"2 minuti\" \/>\n<script type=\"application\/ld+json\" class=\"yoast-schema-graph\">{\"@context\":\"https:\/\/schema.org\",\"@graph\":[{\"@type\":\"WebPage\",\"@id\":\"https:\/\/the-mad-otter.it\/index.php\/2017\/06\/29\/recensione-nacheera-di-valentina-di-caro\/\",\"url\":\"https:\/\/the-mad-otter.it\/index.php\/2017\/06\/29\/recensione-nacheera-di-valentina-di-caro\/\",\"name\":\"Recensione: \\\"Nacheera\\\" di Valentina Di Caro - The Mad Otter\",\"isPartOf\":{\"@id\":\"https:\/\/the-mad-otter.it\/#website\"},\"primaryImageOfPage\":{\"@id\":\"https:\/\/the-mad-otter.it\/index.php\/2017\/06\/29\/recensione-nacheera-di-valentina-di-caro\/#primaryimage\"},\"image\":{\"@id\":\"https:\/\/the-mad-otter.it\/index.php\/2017\/06\/29\/recensione-nacheera-di-valentina-di-caro\/#primaryimage\"},\"thumbnailUrl\":\"https:\/\/1.bp.blogspot.com\/-iz7R6AmFCuQ\/WVTPkIaW-xI\/AAAAAAAAAts\/8fUhZygr6Dsse0CsK-62rcBsWu39hS3fwCLcBGAs\/s200\/51UI6ZKLigL._SX300_BO1%252C204%252C203%252C200_.jpg\",\"datePublished\":\"2017-06-29T09:13:00+00:00\",\"author\":{\"@id\":\"https:\/\/the-mad-otter.it\/#\/schema\/person\/c88992abc52fdb12594f56b68f54421a\"},\"breadcrumb\":{\"@id\":\"https:\/\/the-mad-otter.it\/index.php\/2017\/06\/29\/recensione-nacheera-di-valentina-di-caro\/#breadcrumb\"},\"inLanguage\":\"it-IT\",\"potentialAction\":[{\"@type\":\"ReadAction\",\"target\":[\"https:\/\/the-mad-otter.it\/index.php\/2017\/06\/29\/recensione-nacheera-di-valentina-di-caro\/\"]}]},{\"@type\":\"ImageObject\",\"inLanguage\":\"it-IT\",\"@id\":\"https:\/\/the-mad-otter.it\/index.php\/2017\/06\/29\/recensione-nacheera-di-valentina-di-caro\/#primaryimage\",\"url\":\"https:\/\/1.bp.blogspot.com\/-iz7R6AmFCuQ\/WVTPkIaW-xI\/AAAAAAAAAts\/8fUhZygr6Dsse0CsK-62rcBsWu39hS3fwCLcBGAs\/s200\/51UI6ZKLigL._SX300_BO1%252C204%252C203%252C200_.jpg\",\"contentUrl\":\"https:\/\/1.bp.blogspot.com\/-iz7R6AmFCuQ\/WVTPkIaW-xI\/AAAAAAAAAts\/8fUhZygr6Dsse0CsK-62rcBsWu39hS3fwCLcBGAs\/s200\/51UI6ZKLigL._SX300_BO1%252C204%252C203%252C200_.jpg\"},{\"@type\":\"BreadcrumbList\",\"@id\":\"https:\/\/the-mad-otter.it\/index.php\/2017\/06\/29\/recensione-nacheera-di-valentina-di-caro\/#breadcrumb\",\"itemListElement\":[{\"@type\":\"ListItem\",\"position\":1,\"name\":\"Home\",\"item\":\"https:\/\/the-mad-otter.it\/\"},{\"@type\":\"ListItem\",\"position\":2,\"name\":\"Recensione: &#8220;Nacheera&#8221; di Valentina Di Caro\"}]},{\"@type\":\"WebSite\",\"@id\":\"https:\/\/the-mad-otter.it\/#website\",\"url\":\"https:\/\/the-mad-otter.it\/\",\"name\":\"The Mad Otter\",\"description\":\"Benvenuti nella tana della lontra.\",\"potentialAction\":[{\"@type\":\"SearchAction\",\"target\":{\"@type\":\"EntryPoint\",\"urlTemplate\":\"https:\/\/the-mad-otter.it\/?s={search_term_string}\"},\"query-input\":{\"@type\":\"PropertyValueSpecification\",\"valueRequired\":true,\"valueName\":\"search_term_string\"}}],\"inLanguage\":\"it-IT\"},{\"@type\":\"Person\",\"@id\":\"https:\/\/the-mad-otter.it\/#\/schema\/person\/c88992abc52fdb12594f56b68f54421a\",\"name\":\"Tiziana\",\"image\":{\"@type\":\"ImageObject\",\"inLanguage\":\"it-IT\",\"@id\":\"https:\/\/the-mad-otter.it\/#\/schema\/person\/image\/\",\"url\":\"https:\/\/secure.gravatar.com\/avatar\/2f1134c8975ffa6363b410d99e9ba1c2b856c22c7c1137ae53547a98d7ff6cf7?s=96&d=mm&r=g\",\"contentUrl\":\"https:\/\/secure.gravatar.com\/avatar\/2f1134c8975ffa6363b410d99e9ba1c2b856c22c7c1137ae53547a98d7ff6cf7?s=96&d=mm&r=g\",\"caption\":\"Tiziana\"},\"url\":\"\"}]}<\/script>\n<!-- \/ Yoast SEO plugin. -->","yoast_head_json":{"title":"Recensione: \"Nacheera\" di Valentina Di Caro - The Mad Otter","robots":{"index":"index","follow":"follow","max-snippet":"max-snippet:-1","max-image-preview":"max-image-preview:large","max-video-preview":"max-video-preview:-1"},"canonical":"https:\/\/the-mad-otter.it\/index.php\/2017\/06\/29\/recensione-nacheera-di-valentina-di-caro\/","og_locale":"it_IT","og_type":"article","og_title":"Recensione: \"Nacheera\" di Valentina Di Caro - The Mad Otter","og_description":"\u00ab&nbsp;&#8230;qualcosa dentro di me, pi\u00f9 forte di una semplice sensazione, mi suggeriva che quello era solo l\u2019inizio. L\u2019inizio di una storia a cui non si pu\u00f2 credere se non la si vive e a me stava capitando, solo che non mi era chiesto semplicemente di crederci: a me era chiesto di viverla e di farne [&hellip;]","og_url":"https:\/\/the-mad-otter.it\/index.php\/2017\/06\/29\/recensione-nacheera-di-valentina-di-caro\/","og_site_name":"The Mad Otter","article_publisher":"https:\/\/www.facebook.com\/themadotterblog","article_published_time":"2017-06-29T09:13:00+00:00","og_image":[{"url":"https:\/\/1.bp.blogspot.com\/-iz7R6AmFCuQ\/WVTPkIaW-xI\/AAAAAAAAAts\/8fUhZygr6Dsse0CsK-62rcBsWu39hS3fwCLcBGAs\/s200\/51UI6ZKLigL._SX300_BO1%252C204%252C203%252C200_.jpg","type":"","width":"","height":""}],"author":"Tiziana","twitter_card":"summary_large_image","twitter_creator":"@TheMadOtterBlog","twitter_site":"@TheMadOtterBlog","twitter_misc":{"Scritto da":"Tiziana","Tempo di lettura stimato":"2 minuti"},"schema":{"@context":"https:\/\/schema.org","@graph":[{"@type":"WebPage","@id":"https:\/\/the-mad-otter.it\/index.php\/2017\/06\/29\/recensione-nacheera-di-valentina-di-caro\/","url":"https:\/\/the-mad-otter.it\/index.php\/2017\/06\/29\/recensione-nacheera-di-valentina-di-caro\/","name":"Recensione: \"Nacheera\" di Valentina Di Caro - The Mad Otter","isPartOf":{"@id":"https:\/\/the-mad-otter.it\/#website"},"primaryImageOfPage":{"@id":"https:\/\/the-mad-otter.it\/index.php\/2017\/06\/29\/recensione-nacheera-di-valentina-di-caro\/#primaryimage"},"image":{"@id":"https:\/\/the-mad-otter.it\/index.php\/2017\/06\/29\/recensione-nacheera-di-valentina-di-caro\/#primaryimage"},"thumbnailUrl":"https:\/\/1.bp.blogspot.com\/-iz7R6AmFCuQ\/WVTPkIaW-xI\/AAAAAAAAAts\/8fUhZygr6Dsse0CsK-62rcBsWu39hS3fwCLcBGAs\/s200\/51UI6ZKLigL._SX300_BO1%252C204%252C203%252C200_.jpg","datePublished":"2017-06-29T09:13:00+00:00","author":{"@id":"https:\/\/the-mad-otter.it\/#\/schema\/person\/c88992abc52fdb12594f56b68f54421a"},"breadcrumb":{"@id":"https:\/\/the-mad-otter.it\/index.php\/2017\/06\/29\/recensione-nacheera-di-valentina-di-caro\/#breadcrumb"},"inLanguage":"it-IT","potentialAction":[{"@type":"ReadAction","target":["https:\/\/the-mad-otter.it\/index.php\/2017\/06\/29\/recensione-nacheera-di-valentina-di-caro\/"]}]},{"@type":"ImageObject","inLanguage":"it-IT","@id":"https:\/\/the-mad-otter.it\/index.php\/2017\/06\/29\/recensione-nacheera-di-valentina-di-caro\/#primaryimage","url":"https:\/\/1.bp.blogspot.com\/-iz7R6AmFCuQ\/WVTPkIaW-xI\/AAAAAAAAAts\/8fUhZygr6Dsse0CsK-62rcBsWu39hS3fwCLcBGAs\/s200\/51UI6ZKLigL._SX300_BO1%252C204%252C203%252C200_.jpg","contentUrl":"https:\/\/1.bp.blogspot.com\/-iz7R6AmFCuQ\/WVTPkIaW-xI\/AAAAAAAAAts\/8fUhZygr6Dsse0CsK-62rcBsWu39hS3fwCLcBGAs\/s200\/51UI6ZKLigL._SX300_BO1%252C204%252C203%252C200_.jpg"},{"@type":"BreadcrumbList","@id":"https:\/\/the-mad-otter.it\/index.php\/2017\/06\/29\/recensione-nacheera-di-valentina-di-caro\/#breadcrumb","itemListElement":[{"@type":"ListItem","position":1,"name":"Home","item":"https:\/\/the-mad-otter.it\/"},{"@type":"ListItem","position":2,"name":"Recensione: &#8220;Nacheera&#8221; di Valentina Di Caro"}]},{"@type":"WebSite","@id":"https:\/\/the-mad-otter.it\/#website","url":"https:\/\/the-mad-otter.it\/","name":"The Mad Otter","description":"Benvenuti nella tana della lontra.","potentialAction":[{"@type":"SearchAction","target":{"@type":"EntryPoint","urlTemplate":"https:\/\/the-mad-otter.it\/?s={search_term_string}"},"query-input":{"@type":"PropertyValueSpecification","valueRequired":true,"valueName":"search_term_string"}}],"inLanguage":"it-IT"},{"@type":"Person","@id":"https:\/\/the-mad-otter.it\/#\/schema\/person\/c88992abc52fdb12594f56b68f54421a","name":"Tiziana","image":{"@type":"ImageObject","inLanguage":"it-IT","@id":"https:\/\/the-mad-otter.it\/#\/schema\/person\/image\/","url":"https:\/\/secure.gravatar.com\/avatar\/2f1134c8975ffa6363b410d99e9ba1c2b856c22c7c1137ae53547a98d7ff6cf7?s=96&d=mm&r=g","contentUrl":"https:\/\/secure.gravatar.com\/avatar\/2f1134c8975ffa6363b410d99e9ba1c2b856c22c7c1137ae53547a98d7ff6cf7?s=96&d=mm&r=g","caption":"Tiziana"},"url":""}]}},"_links":{"self":[{"href":"https:\/\/the-mad-otter.it\/index.php\/wp-json\/wp\/v2\/posts\/107","targetHints":{"allow":["GET"]}}],"collection":[{"href":"https:\/\/the-mad-otter.it\/index.php\/wp-json\/wp\/v2\/posts"}],"about":[{"href":"https:\/\/the-mad-otter.it\/index.php\/wp-json\/wp\/v2\/types\/post"}],"author":[{"embeddable":true,"href":"https:\/\/the-mad-otter.it\/index.php\/wp-json\/wp\/v2\/users\/1"}],"replies":[{"embeddable":true,"href":"https:\/\/the-mad-otter.it\/index.php\/wp-json\/wp\/v2\/comments?post=107"}],"version-history":[{"count":0,"href":"https:\/\/the-mad-otter.it\/index.php\/wp-json\/wp\/v2\/posts\/107\/revisions"}],"wp:attachment":[{"href":"https:\/\/the-mad-otter.it\/index.php\/wp-json\/wp\/v2\/media?parent=107"}],"wp:term":[{"taxonomy":"category","embeddable":true,"href":"https:\/\/the-mad-otter.it\/index.php\/wp-json\/wp\/v2\/categories?post=107"},{"taxonomy":"post_tag","embeddable":true,"href":"https:\/\/the-mad-otter.it\/index.php\/wp-json\/wp\/v2\/tags?post=107"}],"curies":[{"name":"wp","href":"https:\/\/api.w.org\/{rel}","templated":true}]}}